{"id":1261556,"date":"2026-08-26T10:35:15","date_gmt":"2026-08-26T10:35:15","guid":{"rendered":"https:\/\/www.europesays.com\/de\/1261556\/"},"modified":"2026-08-26T10:35:15","modified_gmt":"2026-08-26T10:35:15","slug":"tv-expertin-bei-sky-und-dazn-julia-simic-wird-co-trainerin-beim-1-fc-nuernberg-sport","status":"publish","type":"post","link":"https:\/\/www.europesays.com\/de\/1261556\/","title":{"rendered":"TV-Expertin bei Sky und DAZN: Julia Simic wird Co-Trainerin beim 1. FC N\u00fcrnberg | Sport"},"content":{"rendered":"<p><a class=\"skip-content skip-content--link\" href=\"#in-content-skip-link-target-v-0-0\">TTS-Player \u00fcberspringen\u21b5<\/a><a id=\"in-content-skip-link-target-v-0-0\" class=\"skip-content--target-link-hidden skip-content skip-content--target-link\" href=\"#in-content-skip-link-target-v-0-0\">Artikel weiterlesen<\/a><\/p>\n<p data-21134c99=\"0-2099\">N\u00fcrnberg \u2013 <b>Im TV ist sie als Expertin eines der bekanntesten Gesichter im deutschen Fu\u00dfball. Jetzt macht Julia Simic auch bei ihrer Trainerkarriere den n\u00e4chsten Schritt. Erstmals bekommt sie einen Job in einer M\u00e4nnermannschaft.<\/b><\/p>\n<p data-21134c99=\"0-2099\">Wie der <a href=\"https:\/\/www.bild.de\/sport\/fussball\/1-fc-nuernberg\/startseite-1-fc-nuernberg-31074426.bild.html\" class=\"text-link\" rel=\"nofollow noopener\" target=\"_blank\">1. FC N\u00fcrnberg<\/a> am Mittwoch bekanntgab, verst\u00e4rkt Simic ab sofort das Trainerteam der U23 als Co-Trainerin von Ex-Profi Andreas Wolf. N\u00fcrnberg wurde in der Regionalliga Bayern vergangene Saison Meister, verzichtete aber freiwillig auf den Aufstieg. Der Start in die neue Saison verlief mit vier Punkten aus f\u00fcnf Spielen eher holprig. Allerdings schaffte es Wolf wie schon mehrfach in den vergangenen Jahren auch jetzt wieder, Spieler aus dem eigenen Nachwuchs an die Profis heranzuf\u00fchren. Die ihm dadurch aber in der eigenen Mannschaft fehlen. Mit Simic hofft der Club, noch mehr Talente zu Top-Spielern formen zu k\u00f6nnen und im Profi-Team von <a href=\"https:\/\/www.bild.de\/themen\/personen\/miroslav-klose\/fussball-nachrichten-news-fotos-videos-15796166.bild.html\" class=\"text-link\" rel=\"nofollow noopener\" target=\"_blank\">Miroslav Klose<\/a> zu integrieren. Simic soll zudem hauptverantwortlich f\u00fcr die Spielanalyse sein.<\/p>\n<p>Mehr zum Thema<\/p>\n<p data-21134c99=\"0-2099\">Simic: \u201eIch freue mich sehr auf die kommende Zeit und bin stolz darauf, den n\u00e4chsten Schritt in meiner Trainerinnenkarriere beim Club gehen zu d\u00fcrfen. Ich f\u00fchle mich der Stadt, der Region und dem Verein seit jeher eng verbunden.\u201c Simic stammt aus Franken. In ihrer aktiven Karriere spielte sie unter anderem f\u00fcr den FC Bayern, den VfL Wolfsburg, Turbine Potsdam und den AC Mailand. F\u00fcr Deutschland machte sie nur zwei L\u00e4nderspiele. Auch weil sie sich kurz nach ihrem Deb\u00fct in der Nationalelf schwer am Knie verletzte (Kreuzbandriss). 2021 beendete sie ihre Karriere und konzentrierte sich neben ihren TV-Jobs schnell auf eine Trainerlaufbahn.<\/p>\n<p>Simic parallel Trainerin der Schweizer Frauen<\/p>\n<p data-21134c99=\"0-2099\">\u00dcber die deutsche U17 und U16 landete sie im Nachwuchs von Eintracht Frankfurt, stieg dort 2025 zur U20-Trainerin auf. Seit Januar ist sie Co-Trainerin der Schweizer Nationalmannschaft. Den Job wird sie parallel zur Aufgabe beim 1. FC N\u00fcrnberg fortf\u00fchren. Simic: \u201eIch m\u00f6chte dabei helfen, unsere Talente bestm\u00f6glich zu entwickeln und sie auf den n\u00e4chsten Schritt vorzubereiten. Daf\u00fcr werde ich vom ersten Tag an alles geben.\u201c<\/p>\n","protected":false},"excerpt":{"rendered":"TTS-Player \u00fcberspringen\u21b5Artikel weiterlesen N\u00fcrnberg \u2013 Im TV ist sie als Expertin eines der bekanntesten Gesichter im deutschen Fu\u00dfball.&hellip;\n","protected":false},"author":2,"featured_media":1261557,"comment_status":"","ping_status":"","sticky":false,"template":"","format":"standard","meta":{"footnotes":"","_share_on_mastodon":"0"},"categories":[1837],"tags":[783,772,1931,3364,29,538,458,30,3783,4222,1470,784],"class_list":["post-1261556","post","type-post","status-publish","format-standard","has-post-thumbnail","category-nuernberg","tag-1-fc-nuernberg","tag-bayern","tag-dazn","tag-de","tag-deutschland","tag-erste-bundesliga","tag-fc-bayern-muenchen","tag-germany","tag-nuernberg","tag-sky","tag-sport-leuchtturm-muenchen","tag-zweite-bundesliga"],"share_on_mastodon":{"url":"https:\/\/pubeurope.com\/@de\/117161369746589968","error":""},"_links":{"self":[{"href":"https:\/\/www.europesays.com\/de\/wp-json\/wp\/v2\/posts\/1261556","targetHints":{"allow":["GET"]}}],"collection":[{"href":"https:\/\/www.europesays.com\/de\/wp-json\/wp\/v2\/posts"}],"about":[{"href":"https:\/\/www.europesays.com\/de\/wp-json\/wp\/v2\/types\/post"}],"author":[{"embeddable":true,"href":"https:\/\/www.europesays.com\/de\/wp-json\/wp\/v2\/users\/2"}],"replies":[{"embeddable":true,"href":"https:\/\/www.europesays.com\/de\/wp-json\/wp\/v2\/comments?post=1261556"}],"version-history":[{"count":0,"href":"https:\/\/www.europesays.com\/de\/wp-json\/wp\/v2\/posts\/1261556\/revisions"}],"wp:featuredmedia":[{"embeddable":true,"href":"https:\/\/www.europesays.com\/de\/wp-json\/wp\/v2\/media\/1261557"}],"wp:attachment":[{"href":"https:\/\/www.europesays.com\/de\/wp-json\/wp\/v2\/media?parent=1261556"}],"wp:term":[{"taxonomy":"category","embeddable":true,"href":"https:\/\/www.europesays.com\/de\/wp-json\/wp\/v2\/categories?post=1261556"},{"taxonomy":"post_tag","embeddable":true,"href":"https:\/\/www.europesays.com\/de\/wp-json\/wp\/v2\/tags?post=1261556"}],"curies":[{"name":"wp","href":"https:\/\/api.w.org\/{rel}","templated":true}]}}