{"id":1261589,"date":"2026-08-26T10:54:20","date_gmt":"2026-08-26T10:54:20","guid":{"rendered":"https:\/\/www.europesays.com\/de\/1261589\/"},"modified":"2026-08-26T10:54:20","modified_gmt":"2026-08-26T10:54:20","slug":"wetter-frankfurt-und-hessen-gewitter-ziehen-auf-unwetter-moeglich","status":"publish","type":"post","link":"https:\/\/www.europesays.com\/de\/1261589\/","title":{"rendered":"Wetter Frankfurt und Hessen: Gewitter ziehen auf \u2013 Unwetter m\u00f6glich"},"content":{"rendered":"<p>Wetterumschwung in Hessen <\/p>\n<p>Bis zu 33 Grad \u2013 dann drohen Starkregen und Sturmb\u00f6en<\/p>\n<p>26.08.2026 &#8211; 12:16 UhrLesedauer: 2 Min.<\/p>\n<p><a href=\"#focus-0\" class=\"transition-colors block text-current relative\" data-sctrack=\"FocusGalleryImage.Reference\"><img fetchpriority=\"high\" data-testid=\"Opener.Image\"   loading=\"eager\" src=\"https:\/\/www.europesays.com\/de\/wp-content\/uploads\/2025\/05\/blitze-in-frankfurt-archivfoto-die-mainmetropole-ist-im-jahr-2024-die-grossstadt-mit-den-meisten-bli.jpeg\" alt=\"urn:newsml:dpa.com:20090101:250505-935-565491\" title=\"urn:newsml:dpa.com:20090101:250505-935-565491\" width=\"800\" height=\"450\" class=\"bg-[url:var(--lqipURL)] bg-cover bg-center flex h-full w-full max-w-full\" style=\"--lqipURL:url('https:\/\/images.t-online.de\/2025\/05\/ehnm0vRX9aIy\/0x75:800x450\/fit-in\/150x0\/filters:blur(25)\/blitze-in-frankfurt-archivfoto-die-mainmetropole-ist-im-jahr-2024-die-grossstadt-mit-den-meisten-blitzen-gewesen.jpg')\" decoding=\"async\"\/><img loading=\"lazy\" src=\"https:\/\/frankfurt.t-online.de\/s\/paper\/_next\/static\/media\/zoom-in.f7dae02f.svg\" alt=\"Vergr\u00f6\u00dfern des Bildes\" title=\"Vergr\u00f6\u00dfern des Bildes\" class=\"block h-[calc(var(--height)_\/_16_*_1rem)] w-[calc(var(--width)_\/_16_*_1rem)] max-w-none absolute right-8 bottom-8 rounded-4 bg-snow p-8\" style=\"--width:32;--height:32\" decoding=\"async\"\/><\/a><\/p>\n<p>Blitze in Frankfurt (Archivfoto): In den kommenden Tagen sind Gewitter m\u00f6glich. (Quelle: Jan Eifert)<\/p>\n<p><img loading=\"lazy\" src=\"https:\/\/frankfurt.t-online.de\/s\/paper\/_next\/static\/media\/audio-volume.6689034c.svg\" alt=\"\" title=\"\" class=\"block h-[calc(var(--height)_\/_16_*_1rem)] w-[calc(var(--width)_\/_16_*_1rem)] max-w-none group-hover:brightness-0 group-hover:invert\" style=\"--width:16;--height:16\" decoding=\"async\"\/>Vorlesen<\/p>\n<p>Aktuelle Zeit:0:00Gesamtdauer:0:00<\/p>\n<p>1x<img loading=\"lazy\" src=\"https:\/\/frankfurt.t-online.de\/s\/paper\/_next\/static\/media\/font-sizes.32942e33.svg\" alt=\"\" title=\"\" class=\"block h-[calc(var(--height)_\/_16_*_1rem)] w-[calc(var(--width)_\/_16_*_1rem)] max-w-none group-hover:hidden group-aria-expanded:hidden\" style=\"--width:16;--height:16\" decoding=\"async\"\/><img loading=\"lazy\" src=\"https:\/\/frankfurt.t-online.de\/s\/paper\/_next\/static\/media\/font-sizes-dark-mode.e382645c.svg\" alt=\"\" title=\"\" class=\"block h-[calc(var(--height)_\/_16_*_1rem)] w-[calc(var(--width)_\/_16_*_1rem)] max-w-none hidden group-hover:block group-aria-expanded:block\" style=\"--width:16;--height:16\" decoding=\"async\"\/><img loading=\"lazy\" src=\"https:\/\/frankfurt.t-online.de\/s\/paper\/_next\/static\/media\/sharing-menu-icon.1eb71368.svg\" alt=\"\" title=\"\" class=\"block h-[calc(var(--height)_\/_16_*_1rem)] w-[calc(var(--width)_\/_16_*_1rem)] max-w-none group-hover:brightness-0 group-hover:invert\" style=\"--width:16;--height:16\" decoding=\"async\"\/>Artikel teilen<\/p>\n<p class=\"font-bold text-18 leading-17 user-text-lg:text-22 user-text-xl:text-24\">In Hessen wird es noch einmal hei\u00df, dann drohen Gewitter und Starkregen. Vereinzelt sind sogar Unwetter m\u00f6glich.<\/p>\n<p class=\"text-18 leading-17 user-text-lg:text-22 user-text-xl:text-24\">In den kommenden Tagen erwarten die Meteorologen Gewitter und vereinzelte Unwetter in Hessen. Das teilte der Deutsche Wetterdienst (DWD) in seiner aktuellen Wettervorhersage mit. Besonders in der Nacht zum Freitag steigt demnach die Gefahr durch Starkregen und st\u00fcrmische B\u00f6en deutlich an.<\/p>\n<p class=\"text-18 leading-17 user-text-lg:text-22 user-text-xl:text-24\">Am Mittwoch bleibt es zun\u00e4chst weitgehend ruhig. Bei einem Mix aus Sonne und Wolken bleibt es meist trocken, nur vereinzelt sind Schauer m\u00f6glich. Die H\u00f6chsttemperaturen liegen zwischen 22 und 27 Grad, im Bergland bei rund 20 Grad. F\u00fcr Frankfurt erwartet der DWD bis zu 26 Grad.<\/p>\n<p>Gewitter ab Donnerstagabend m\u00f6glich<\/p>\n<p class=\"text-18 leading-17 user-text-lg:text-22 user-text-xl:text-24\">Am Donnerstag steigen die Temperaturen dann deutlich. In Hessen werden 28 bis 33 Grad erwartet, f\u00fcr Frankfurt sind bis zu 32 Grad vorhergesagt. Zun\u00e4chst soll es vielerorts heiter bis wolkig bleiben. Im Laufe des Nachmittags verdichten sich von Westen jedoch die Wolken.<\/p>\n<p class=\"text-18 leading-17 user-text-lg:text-22 user-text-xl:text-24\">Am Abend k\u00f6nnen erste Schauer und einzelne Gewitter aufziehen. Dabei sind bereits Starkregen und st\u00fcrmische B\u00f6en m\u00f6glich.<\/p>\n<p>Bis zu 40 Liter Regen pro Quadratmeter<\/p>\n<p class=\"text-18 leading-17 user-text-lg:text-22 user-text-xl:text-24\">Deutlich ungem\u00fctlicher wird es in der Nacht zum Freitag. Der DWD rechnet mit schauerartigem und \u00f6rtlich gewittrigem Regen. Dabei k\u00f6nnen bis zu 25 Liter Regen pro Quadratmeter in kurzer Zeit fallen. Zudem sind st\u00fcrmische B\u00f6en mit Geschwindigkeiten von bis zu 70 Kilometern pro Stunde m\u00f6glich.<\/p>\n<p class=\"text-18 leading-17 user-text-lg:text-22 user-text-xl:text-24\">Vereinzelt schlie\u00dfen die Meteorologen auch Unwetter nicht aus. Lokal k\u00f6nnten innerhalb einer Stunde zwischen 30 und 40 Liter Regen pro Quadratmeter zusammenkommen.<\/p>\n<p class=\"text-18 leading-17 user-text-lg:text-22 user-text-xl:text-24\">Wo genau sich die kr\u00e4ftigsten Gewitter bilden, l\u00e4sst sich bei solchen Wetterlagen meist erst kurzfristig eingrenzen. Daher wird empfohlen, die aktuellen Warnungen und das Regenradar im Blick zu behalten.<\/p>\n<p>Wechselhaftes Wetter zum Wochenende<\/p>\n<p class=\"text-18 leading-17 user-text-lg:text-22 user-text-xl:text-24\">Auch am Freitag bleibt das Wetter wechselhaft. Bei 22 bis 26 Grad ziehen weitere Schauer und einzelne Gewitter durch Hessen. \u00d6rtlich kann erneut Starkregen auftreten, vereinzelt besteht weiterhin Unwettergefahr. In Frankfurt werden noch rund 24 Grad erwartet.<\/p>\n<p class=\"text-18 leading-17 user-text-lg:text-22 user-text-xl:text-24\">Am Samstag bleibt es wechselnd bew\u00f6lkt. Die Temperaturen erreichen 21 bis 25 Grad. Zum Abend soll erneut Regen aufziehen.<\/p>\n","protected":false},"excerpt":{"rendered":"Wetterumschwung in Hessen Bis zu 33 Grad \u2013 dann drohen Starkregen und Sturmb\u00f6en 26.08.2026 &#8211; 12:16 UhrLesedauer: 2&hellip;\n","protected":false},"author":2,"featured_media":1261590,"comment_status":"","ping_status":"","sticky":false,"template":"","format":"standard","meta":{"footnotes":"","_share_on_mastodon":"0"},"categories":[1829],"tags":[722,749,31862,950,29,4906,2050,2051,30,19634,2052,32438,4028,4887],"class_list":["post-1261589","post","type-post","status-publish","format-standard","has-post-thumbnail","category-frankfurt-am-main","tag-722","tag-archivfoto","tag-bergland","tag-deutscher-wetterdienst","tag-deutschland","tag-dwd","tag-frankfurt","tag-frankfurt-am-main","tag-germany","tag-gewitter","tag-hessen","tag-sturmboee","tag-unwetter","tag-wetterumschwung"],"share_on_mastodon":{"url":"https:\/\/pubeurope.com\/@de\/117161447206129235","error":""},"_links":{"self":[{"href":"https:\/\/www.europesays.com\/de\/wp-json\/wp\/v2\/posts\/1261589","targetHints":{"allow":["GET"]}}],"collection":[{"href":"https:\/\/www.europesays.com\/de\/wp-json\/wp\/v2\/posts"}],"about":[{"href":"https:\/\/www.europesays.com\/de\/wp-json\/wp\/v2\/types\/post"}],"author":[{"embeddable":true,"href":"https:\/\/www.europesays.com\/de\/wp-json\/wp\/v2\/users\/2"}],"replies":[{"embeddable":true,"href":"https:\/\/www.europesays.com\/de\/wp-json\/wp\/v2\/comments?post=1261589"}],"version-history":[{"count":0,"href":"https:\/\/www.europesays.com\/de\/wp-json\/wp\/v2\/posts\/1261589\/revisions"}],"wp:featuredmedia":[{"embeddable":true,"href":"https:\/\/www.europesays.com\/de\/wp-json\/wp\/v2\/media\/1261590"}],"wp:attachment":[{"href":"https:\/\/www.europesays.com\/de\/wp-json\/wp\/v2\/media?parent=1261589"}],"wp:term":[{"taxonomy":"category","embeddable":true,"href":"https:\/\/www.europesays.com\/de\/wp-json\/wp\/v2\/categories?post=1261589"},{"taxonomy":"post_tag","embeddable":true,"href":"https:\/\/www.europesays.com\/de\/wp-json\/wp\/v2\/tags?post=1261589"}],"curies":[{"name":"wp","href":"https:\/\/api.w.org\/{rel}","templated":true}]}}