{"id":1261639,"date":"2026-08-26T11:23:15","date_gmt":"2026-08-26T11:23:15","guid":{"rendered":"https:\/\/www.europesays.com\/de\/1261639\/"},"modified":"2026-08-26T11:23:15","modified_gmt":"2026-08-26T11:23:15","slug":"oberburg-zum-laternenfest-geschlossen-nachrichten-aus-halle-an-der-saale-und-der-region","status":"publish","type":"post","link":"https:\/\/www.europesays.com\/de\/1261639\/","title":{"rendered":"Oberburg zum Laternenfest geschlossen &#8211; Nachrichten aus Halle an der Saale und der Region"},"content":{"rendered":"<p class=\"caps\"><strong>Feuerwerk wird am Samstag um 22 Uhr vom Burgplateau gestartet \u2013 Stadtmuseum ist stattdessen mit Mitmachangeboten auf dem Festgel\u00e4nde vertreten<\/strong><\/p>\n<p>\u00a0<\/p>\n<p>Wegen des Laternenfestes m\u00fcssen Besucherinnen und Besucher am kommenden Wochenende auf einen Besuch der Oberburg Giebichenstein verzichten. Die vom Stadtmuseum Halle betreute Anlage an der Seebener Stra\u00dfe bleibt am Samstag, 29. August, und Sonntag, 30. August 2026, geschlossen.<\/p>\n<p>Grund sind die notwendigen Vor- und Nachbereitungen f\u00fcr das traditionelle Laternenfest-Feuerwerk, das am Samstagabend direkt vom Burgplateau gestartet wird.<\/p>\n<p>\u00a0<\/p>\n<p><strong>Feuerwerk startet um 22 Uhr<\/strong><\/p>\n<p>Das Feuerwerk geh\u00f6rt zu den H\u00f6hepunkten des Laternenfest-Samstags und beginnt am 29. August um 22 Uhr. Aufgrund der daf\u00fcr notwendigen Arbeiten und Sicherheitsma\u00dfnahmen ist ein regul\u00e4rer Besuch der Oberburg an beiden Tagen nicht m\u00f6glich.<\/p>\n<p>Davon betroffen ist auch die f\u00fcr Sonntag geplante Burg-F\u00fchrung um 11 Uhr. Sie entf\u00e4llt ersatzlos.<\/p>\n<p>\u00a0<\/p>\n<p><strong>Ritter und Burggeschichte mitten auf dem Festgel\u00e4nde<\/strong><\/p>\n<p>Ganz verzichten m\u00fcssen Familien und Geschichtsinteressierte auf das Thema Burg am Laternenfest-Wochenende allerdings nicht. Das Stadtmuseum Halle zieht gewisserma\u00dfen von der Oberburg mitten ins Festgeschehen und ist mit einem eigenen Stand auf dem Laternenfest vertreten.<\/p>\n<p>Dieser befindet sich an der Nordseite der Font\u00e4ne.<\/p>\n<p>Dort warten insbesondere auf Kinder und Familien zahlreiche kreative Angebote, bei denen die Geschichte Halles spielerisch entdeckt werden kann.<\/p>\n<p>Besucherinnen und Besucher k\u00f6nnen unter anderem eigene Schwerter und Schilde gestalten. Au\u00dferdem besteht die M\u00f6glichkeit, mit traditionellem Werkzeug einen eigenen W\u00fcrfel herzustellen und verschiedene Spiele auszuprobieren.<\/p>\n<p>\u00a0<\/p>\n<p><strong>Mit der VR-Brille auf den Roten Turm<\/strong><\/p>\n<p>Neben den handwerklichen Angeboten gibt es R\u00e4tsel rund um die aktuellen Ausstellungen des Stadtmuseums.<\/p>\n<p>Einen ganz anderen Blick auf Halles Geschichte erm\u00f6glicht moderne Technik: Mit einer VR-Brille k\u00f6nnen Besucherinnen und Besucher den Roten Turm virtuell erkunden.<\/p>\n<p>Damit verbindet das Stadtmuseum beim Laternenfest historische Themen mit Kreativangeboten und digitaler Technik. Das Team l\u00e4dt ausdr\u00fccklich zum Mitmachen, Ausprobieren und Entdecken ein.<\/p>\n<p>\u00a0<\/p>\n<p><strong>Oberburg ab 2. September wieder ge\u00f6ffnet<\/strong><\/p>\n<p>Nach dem Laternenfest und dem Abschluss der notwendigen Arbeiten rund um das Feuerwerk \u00f6ffnet die Oberburg Giebichenstein wieder regul\u00e4r.<\/p>\n<p>Der n\u00e4chste Besuch ist am Mittwoch, 2. September 2026, von 12 bis 18 Uhr m\u00f6glich.<\/p>\n<p>F\u00fcr das Laternenfest-Wochenende gilt damit: Die Oberburg selbst bleibt geschlossen \u2013 Ritterliches, Burggeschichte und sogar ein virtueller Ausflug auf den Roten Turm warten daf\u00fcr am Stand des Stadtmuseums auf dem Festgel\u00e4nde.<\/p>\n","protected":false},"excerpt":{"rendered":"Feuerwerk wird am Samstag um 22 Uhr vom Burgplateau gestartet \u2013 Stadtmuseum ist stattdessen mit Mitmachangeboten auf dem&hellip;\n","protected":false},"author":2,"featured_media":1261640,"comment_status":"","ping_status":"","sticky":false,"template":"","format":"standard","meta":{"footnotes":"","_share_on_mastodon":"0"},"categories":[1860],"tags":[26215,3364,29,548,663,3934,30,4062,17332,13,94963,14,15,26216,17331,860,12,29050],"class_list":["post-1261639","post","type-post","status-publish","format-standard","has-post-thumbnail","category-halle-saale","tag-burg-giebichenstein","tag-de","tag-deutschland","tag-eu","tag-europa","tag-europe","tag-germany","tag-halle","tag-halle-saale","tag-headlines","tag-laternenfest","tag-nachrichten","tag-news","tag-oberburg","tag-saale","tag-sachsen-anhalt","tag-schlagzeilen","tag-stadtmuseum"],"share_on_mastodon":{"url":"https:\/\/pubeurope.com\/@de\/117161558639233838","error":""},"_links":{"self":[{"href":"https:\/\/www.europesays.com\/de\/wp-json\/wp\/v2\/posts\/1261639","targetHints":{"allow":["GET"]}}],"collection":[{"href":"https:\/\/www.europesays.com\/de\/wp-json\/wp\/v2\/posts"}],"about":[{"href":"https:\/\/www.europesays.com\/de\/wp-json\/wp\/v2\/types\/post"}],"author":[{"embeddable":true,"href":"https:\/\/www.europesays.com\/de\/wp-json\/wp\/v2\/users\/2"}],"replies":[{"embeddable":true,"href":"https:\/\/www.europesays.com\/de\/wp-json\/wp\/v2\/comments?post=1261639"}],"version-history":[{"count":0,"href":"https:\/\/www.europesays.com\/de\/wp-json\/wp\/v2\/posts\/1261639\/revisions"}],"wp:featuredmedia":[{"embeddable":true,"href":"https:\/\/www.europesays.com\/de\/wp-json\/wp\/v2\/media\/1261640"}],"wp:attachment":[{"href":"https:\/\/www.europesays.com\/de\/wp-json\/wp\/v2\/media?parent=1261639"}],"wp:term":[{"taxonomy":"category","embeddable":true,"href":"https:\/\/www.europesays.com\/de\/wp-json\/wp\/v2\/categories?post=1261639"},{"taxonomy":"post_tag","embeddable":true,"href":"https:\/\/www.europesays.com\/de\/wp-json\/wp\/v2\/tags?post=1261639"}],"curies":[{"name":"wp","href":"https:\/\/api.w.org\/{rel}","templated":true}]}}