{"id":1261664,"date":"2026-08-26T11:36:40","date_gmt":"2026-08-26T11:36:40","guid":{"rendered":"https:\/\/www.europesays.com\/de\/1261664\/"},"modified":"2026-08-26T11:36:40","modified_gmt":"2026-08-26T11:36:40","slug":"service-de-c-1995-2026-ruhr-concept-kg-das-presseportal-fuer-die-erfolgreiche-pressearbeit-von-staedten-kreisen-verbaenden-verlagen-parteien-unternehmen-medienbueros-hotelketten-etc-74","status":"publish","type":"post","link":"https:\/\/www.europesays.com\/de\/1261664\/","title":{"rendered":"service.de &#8211; (c) 1995-2026 ruhr-concept KG, das Presseportal f\u00fcr die erfolgreiche Pressearbeit von St\u00e4dten, Kreisen, Verb\u00e4nden, Verlagen, Parteien, Unternehmen, Medienb\u00fcros, Hotelketten etc."},"content":{"rendered":"<p>            &#13;<br \/>\n                Alle Meldungen:<\/p>\n<p>  &#13;<br \/>\n26.08.2026 &#8211; <a href=\"https:\/\/www.presse-service.de\/public\/Default.aspx?p=1581\" rel=\"nofollow noopener\" target=\"_blank\">Stadt Gronau<\/a>&#13;<\/p>\n<p>  &#13;<br \/>\nAnmeldung zu den Grundschulen in Gronau f\u00fcr das Schuljahr 2027\/2028&#13;<\/p>\n<p class=\"ins_r\">&#13;<br \/>\n      <img decoding=\"async\" class=\"news_list_single_image\" src=\"https:\/\/www.europesays.com\/de\/wp-content\/uploads\/2026\/08\/325623V.png\" alt=\"\u00a9 \"\/>&#13;<br \/>\nAuf die Pl\u00e4tze, klick und los. Wenn Ihr Kind 2027 schulpflichtig wird, erhalten Sie in den n\u00e4chsten Tagen Post vom Schulamt der Stadt Gronau. \u00dcber den darin enthaltenen QR-Code k\u00f6nnen Sie dann die ersten Schritte zur Schulanmeldung bequem \u00fcber das Online-Portal \u201eschulbewerbung.de\u201c vornehmen und einen Termin f\u00fcr das Anmeldegespr\u00e4ch in der Grundschule Ihrer Wahl vereinbaren.&#13;\n  <\/p>\n<p> &#13;<br \/>\n      <a href=\"https:\/\/www.presse-service.de\/public\/Single.aspx?iid=1225191\" rel=\"nofollow noopener\" target=\"_blank\">mehr lesen&#8230;<\/a>  <\/p>\n<p>  &#13;<br \/>\n26.08.2026 &#8211; <a href=\"https:\/\/www.presse-service.de\/public\/Default.aspx?p=377\" rel=\"nofollow noopener\" target=\"_blank\">Stadt Lippstadt<\/a>&#13;<\/p>\n<p>  &#13;<br \/>\nYoga Open Air im Kurpark Bad Waldliesborn wird abgesagt&#13;<\/p>\n<p class=\"ins_r\">&#13;<br \/>\n      <img decoding=\"async\" class=\"news_list_single_image\" src=\"https:\/\/www.europesays.com\/de\/wp-content\/uploads\/2026\/07\/logo_stadt_lippstadt.jpg\" alt=\"\u00a9 \"\/>&#13;<br \/>\nDas f\u00fcr Samstag, den 5. September 2026, geplante Yoga Open Air im Kurpark Bad Waldliesborn muss leider abgesagt werden.&#13;<br \/>\nGrund f\u00fcr die Absage ist die bislang zu geringe Zahl an Anmeldungen. Unter diesen Voraussetzungen kann die Veranstaltung nicht in dem vorgesehenen Rahmen durchgef\u00fchrt werden.&#13;<br \/>\n&#8222;Wir bedauern sehr, dass das Yoga Open Air in diesem Jahr nicht stattfinden kann. Wir bedanken uns bei allen, die sich bereits angemeldet und Interesse an der Veranstaltung gezeigt haben, f\u00fcr ihre Unterst\u00fctzung und ihr Verst\u00e4ndnis&#8220;, so Olga Baumann und&#8230;&#13;\n  <\/p>\n<p> &#13;<br \/>\n      <a href=\"https:\/\/www.presse-service.de\/public\/Single.aspx?iid=1225208\" rel=\"nofollow noopener\" target=\"_blank\">mehr lesen&#8230;<\/a>  <\/p>\n<p>  &#13;<br \/>\n26.08.2026 &#8211; <a href=\"https:\/\/www.presse-service.de\/public\/Default.aspx?p=77\" rel=\"nofollow noopener\" target=\"_blank\">Stadt M\u00fcnster<\/a>&#13;<\/p>\n<p>  &#13;<br \/>\nAusstellung \u201eBilder Buch Kunst\u201c zeigt Illustrationen, Comics und Fotografien&#13;<br \/>\nAteliers Hafenstra\u00dfe feiern 20-j\u00e4hriges Bestehen \/ Er\u00f6ffnung am 27. August im Krameramtshaus&#13;<\/p>\n<p class=\"ins_r\">&#13;<br \/>\n      <img decoding=\"async\" class=\"news_list_single_image\" src=\"https:\/\/www.europesays.com\/de\/wp-content\/uploads\/2026\/08\/325633V.jpg\" alt=\"\u00a9 Stadt M\u00fcnster\/Britta Roski\"\/>&#13;<br \/>\nM\u00fcnster (SMS) Seit 20 Jahren entstehen in den Ateliers Hafenstra\u00dfe Illustrationen, Comics, Bilderb\u00fccher und Fotografien. Zum Jubil\u00e4um zeigen 15 K\u00fcnstlerinnen und K\u00fcnstler ihre Arbeiten im Haus der Niederlande im Krameramtshaus. B\u00fcrgermeisterin Angela St\u00e4hler er\u00f6ffnet die Ausstellung &#8222;Bilder Buch Kunst \u2013 20 Jahre Ateliers Hafenstra\u00dfe&#8220; am Donnerstag, 27. August, um 18 Uhr. Die Ausstellung l\u00e4uft bis zum 11. Oktober dieses Jahres.&#13;<br \/>\nIn den Atelierr\u00e4umen am Alten G\u00fcterbahnhof in der Hafenstra\u00dfe 64 arbeiten insgesamt 20 Kreative \u2013 darunter&#8230;&#13;\n  <\/p>\n<p> &#13;<br \/>\n      <a href=\"https:\/\/www.presse-service.de\/public\/Single.aspx?iid=1225210\" rel=\"nofollow noopener\" target=\"_blank\">mehr lesen&#8230;<\/a>  <\/p>\n<p>  &#13;<br \/>\n26.08.2026 &#8211; <a href=\"https:\/\/www.presse-service.de\/public\/Default.aspx?p=1377\" rel=\"nofollow noopener\" target=\"_blank\">M\u00e4rkischer Kreis<\/a>&#13;<\/p>\n<p>  &#13;<br \/>\nWasserschloss Neuenhof und Stilleking: Eine Wanderung durch die Kulturgeschichte&#13;<\/p>\n<p class=\"ins_r\">&#13;<br \/>\n      <img decoding=\"async\" class=\"news_list_single_image\" src=\"https:\/\/www.europesays.com\/de\/wp-content\/uploads\/2026\/08\/325636V.jpg\" alt=\"\u00a9 \"\/>&#13;<br \/>\nVom Schloss Neuenhof in L\u00fcdenscheid, \u00fcber den &#8222;Stilleking&#8220;, den Homertturm und die Gerichtslinde: Naturparkf\u00fchrer Alexander Neumann wei\u00df zu jedem Ort eine spannende, teils skurrile Geschichte zu erz\u00e4hlen. Am Sonntag, 30. August, nimmt er Interessierte mit auf eine vierst\u00fcndige Wanderung (acht Kilometer). Treffpunkt ist um 10 Uhr am Parkplatz &#8222;Bunte Br\u00fccke&#8220;, Neuenhofer Stra\u00dfe in L\u00fcdenscheid. Der Weg f\u00fchrt \u00fcber unbefestigte Forstwege und Pfade. Am Homertturm besteht die M\u00f6glichkeit zur Einkehr. Die Wanderung ist f\u00fcr Kinder und Jugendliche&#8230;&#13;\n  <\/p>\n<p> &#13;<br \/>\n      <a href=\"https:\/\/www.presse-service.de\/public\/Single.aspx?iid=1225212\" rel=\"nofollow noopener\" target=\"_blank\">mehr lesen&#8230;<\/a>  <\/p>\n<p>  &#13;<br \/>\n26.08.2026 &#8211; <a href=\"https:\/\/www.presse-service.de\/public\/Default.aspx?p=1381\" rel=\"nofollow noopener\" target=\"_blank\">Kreis Viersen<\/a>&#13;<\/p>\n<p>  &#13;<br \/>\nViersener Kreistag tagt am 2. September&#13;<\/p>\n<p class=\"ins_r\">&#13;<br \/>\n      <img decoding=\"async\" class=\"news_list_single_image\" src=\"https:\/\/www.europesays.com\/de\/wp-content\/uploads\/2025\/05\/logo_kv.png\" alt=\"\u00a9 \"\/>&#13;<br \/>\nDer Viersener Kreistag kommt am Mittwoch, den 2. September, zu seiner n\u00e4chsten Sitzung zusammen. Beginn ist um 18 Uhr im Sitzungssaal des Forums am Rathausmarkt 2 in 41747 Viersen.&#13;<br \/>\nTagesordnung:&#13;<br \/>\nAuf der Tagesordnung stehen unter anderem die\u00a0Wahlen zu Aussch\u00fcssen und Gremien, die Nachbesetzung in Gremien aufgrund der Neuorganisation des bisherigen Amtes f\u00fcr Personal und Organisation sowie der Neubau Bev\u00f6lkerungsschutzzentrum &#8211; Fortf\u00fchrung des Vergabeverfahrens.\u00a0&#13;<br \/>\nDer Vorsitzende Landrat Bennet Gielen l\u00e4dt ein. Die Sitzung ist \u00f6ffentlich.&#13;<br \/>\nDie&#8230;&#13;\n  <\/p>\n<p> &#13;<br \/>\n      <a href=\"https:\/\/www.presse-service.de\/public\/Single.aspx?iid=1225197\" rel=\"nofollow noopener\" target=\"_blank\">mehr lesen&#8230;<\/a>  <\/p>\n<p>  &#13;<br \/>\n26.08.2026 &#8211; <a href=\"https:\/\/www.presse-service.de\/public\/Default.aspx?p=377\" rel=\"nofollow noopener\" target=\"_blank\">Stadt Lippstadt<\/a>&#13;<\/p>\n<p>  &#13;<br \/>\nKr\u00e4uterf\u00fchrung &#8211; Dagegen ist ein Kraut gewachsen im Gr\u00fcnen Winkel&#13;<br \/>\n\u00d6ffentliche F\u00fchrung am 6. September&#13;<\/p>\n<p class=\"ins_r\">&#13;<br \/>\n      <img decoding=\"async\" class=\"news_list_single_image\" src=\"https:\/\/www.europesays.com\/de\/wp-content\/uploads\/2026\/08\/221476V.jpg\" alt=\"\u00a9 \"\/>&#13;<br \/>\nBeim Kr\u00e4uterspaziergang durch die Natur erkl\u00e4rt die Ortsf\u00fchrerin nicht nur, wo welche Kr\u00e4uter zu finden sind, sondern auch, wogegen dieses oder jenes Kraut gewachsen ist. Sie ist in Sachen Kr\u00e4uter und Naturheilkunde ausgebildet und wei\u00df auf verschiedenste Kr\u00e4uter-Fragen eine Antwort. Bei dieser F\u00fchrung geht es durch den Gr\u00fcnen Winkel.&#13;<br \/>\nDie F\u00fchrung dauert ca. 90 Minuten. Der Kostenbeitrag betr\u00e4gt 8,00 Euro pro Person. Treffpunkt ist am Sonntag, dem 6. September 2026 um 16.00 Uhr am Rathaus. Anmeldungen werden in der Stadtinformation im Rathaus&#8230;&#13;\n  <\/p>\n<p> &#13;<br \/>\n      <a href=\"https:\/\/www.presse-service.de\/public\/Single.aspx?iid=1224410\" rel=\"nofollow noopener\" target=\"_blank\">mehr lesen&#8230;<\/a>  <\/p>\n<p>  &#13;<br \/>\n26.08.2026 &#8211; <a href=\"https:\/\/www.presse-service.de\/public\/Default.aspx?p=113\" rel=\"nofollow noopener\" target=\"_blank\">Stadt Bocholt &#8211; Fahrradfreundliche Stadt im M\u00fcnsterland<\/a>&#13;<\/p>\n<p>  &#13;<br \/>\nKreativer Tanz: Im Tanz ist alles m\u00f6glich&#13;<br \/>\nZweit\u00e4giger Tanzworkshop f\u00fcr Jugendliche im Rahmen des Kulturrucksacks NRW&#13;<\/p>\n<p class=\"ins_r\">&#13;<br \/>\n      <img decoding=\"async\" class=\"news_list_single_image\" src=\"https:\/\/www.europesays.com\/de\/wp-content\/uploads\/2026\/08\/325609V.jpg\" alt=\"\u00a9 Claudia Silberzahn\"\/>&#13;<br \/>\nTanzen, ausprobieren, eigene Ideen entwickeln und einfach Spa\u00df an Bewegung haben: Beim Workshop \u201eKreativer Tanz\u201c k\u00f6nnen Kinder und Jugendliche aus Bocholt am Freitag, den 4. September und Samstag 5. September 2026 im LernWerk Bocholt ihrer Fantasie freien Lauf lassen und entdecken, wie vielf\u00e4ltig Tanz sein kann.&#13;\n  <\/p>\n<p> &#13;<br \/>\n      <a href=\"https:\/\/www.presse-service.de\/public\/Single.aspx?iid=1225087\" rel=\"nofollow noopener\" target=\"_blank\">mehr lesen&#8230;<\/a>  <\/p>\n<p>  &#13;<br \/>\n26.08.2026 &#8211; <a href=\"https:\/\/www.presse-service.de\/public\/Default.aspx?p=1227\" rel=\"nofollow noopener\" target=\"_blank\">Stadt Iserlohn<\/a>&#13;<\/p>\n<p>  &#13;<br \/>\nAktion zum \u201eTag der Wohnungslosen\u201c in Iserlohn&#13;<br \/>\nReformierte Kirche wird am 11. September zum \u201eoffenen Wohnzimmer\u201c&#13;<\/p>\n<p class=\"ins_r\">&#13;<br \/>\n      <img decoding=\"async\" class=\"news_list_single_image\" src=\"https:\/\/www.europesays.com\/de\/wp-content\/uploads\/2026\/08\/325618V.jpg\" alt=\"\u00a9 Simon Bierwald\"\/>&#13;<br \/>\nDie Stadt Iserlohn bietet am Freitag, 11. September, mit der Diakonie Mark-Ruhr, dem Caritasverband (Streetwork), der Anonymen Drogenberatung e. V. Iserlohn, der Johanniter-Unfall-Hilfe e. V. und der &#8222;Werkstatt im Hinterhof&#8220; der Arbeiterwohlfahrt (AWO) in der Zeit von 14 bis 17 Uhr vor und in der Reformierten Kirche (Wermingser Stra\u00dfe 9) die gemeinsame &#8222;Aktion zum Tag der Wohnungslosen&#8220; an.&#13;<br \/>\nBei einer gemeinsamen Pressekonferenz am Dienstag, 25. August, stellten die Beteiligten ihre Ziele und Angebote sowie ihr Programm zum Aktionstag vor&#8230;.&#13;\n  <\/p>\n<p> &#13;<br \/>\n      <a href=\"https:\/\/www.presse-service.de\/public\/Single.aspx?iid=1225115\" rel=\"nofollow noopener\" target=\"_blank\">mehr lesen&#8230;<\/a>  <\/p>\n<p>  &#13;<br \/>\n26.08.2026 &#8211; <a href=\"https:\/\/www.presse-service.de\/public\/Default.aspx?p=1032\" rel=\"nofollow noopener\" target=\"_blank\">Kreisstadt Unna<\/a>&#13;<\/p>\n<p>  &#13;<br \/>\nNeues Programm \u201eDARP\u201c: Kreisstadt Unna st\u00e4rkt digitale Sicherheit und Medienkompetenz&#13;<\/p>\n<p class=\"ins_r\">&#13;<br \/>\n      <img decoding=\"async\" class=\"news_list_single_image\" src=\"https:\/\/www.europesays.com\/de\/wp-content\/uploads\/2026\/08\/325619V.jpg\" alt=\"\u00a9 Anna Gem\u00fcnd\/Kreisstadt Unna\"\/>&#13;<br \/>\nDie Kreisstadt Unna startet das Digitale Aufmerksamkeits- und Resilienzprogramm (DARP). Ziel ist es, B\u00fcrgerinnen und B\u00fcrger f\u00fcr digitale Risiken und hybride Bedrohungen zu sensibilisieren, ihre Kompetenzen zu st\u00e4rken und lokale Akteure zu vernetzen. Das Programm wird federf\u00fchrend vom Amt f\u00fcr Kultur und Weiterbildung betreut; Kooperationspartner sind unter anderem die B\u00fcrgerstiftung Unna, die Kreispolizeibeh\u00f6rde Unna und der IT Club Kreis Unna. Eine \u00fcbersichtliche Brosch\u00fcre b\u00fcndelt alle Angebote. Die Brosch\u00fcre liegt ab sofort an vielen Stellen&#8230;&#13;\n  <\/p>\n<p> &#13;<br \/>\n      <a href=\"https:\/\/www.presse-service.de\/public\/Single.aspx?iid=1225188\" rel=\"nofollow noopener\" target=\"_blank\">mehr lesen&#8230;<\/a>  <\/p>\n<p>  &#13;<br \/>\n26.08.2026 &#8211; <a href=\"https:\/\/www.presse-service.de\/public\/Default.aspx?p=925\" rel=\"nofollow noopener\" target=\"_blank\">Stadt Braunschweig<\/a>&#13;<\/p>\n<p>  &#13;<br \/>\nNachhaltig, lebenswert, resilient: So begegnet Braunschweig dem Klimawandel &#13;<br \/>\n&#8211; Verwaltung schl\u00e4gt dem Rat Konzept zur Hitzeaktionsplanung vor &#13;<\/p>\n<p class=\"ins_r\">&#13;<br \/>\n      <img decoding=\"async\" class=\"news_list_single_image\" src=\"https:\/\/www.presse-service.de\/data.aspx\/medien\/325629V.gif\" alt=\"\u00a9 Stadt Braunschweig\"\/>&#13;<br \/>\nMit dem Klimawandel geht auch in Braunschweig eine zunehmende Hitzebelastung einher, mit gesundheitlichen Gefahren und den entsprechenden sozialen Folgen. Die Stadtverwaltung hat nun dem Rat das Konzept f\u00fcr eine Hitzeaktionsplanung vorgelegt. Es dokumentiert die Strukturen und L\u00f6sungsans\u00e4tze, die es in Braunschweig zur Milderung der Auswirkungen extremer Hitzeperioden bereits gibt, b\u00fcndelt sie und skizziert als Rahmenplanung Ma\u00dfnahmen, die konkretisiert und schrittweise umgesetzt werden sollen.&#13;<br \/>\n\u00a0&#13;<br \/>\n&#8222;Der Schutz des Klimas und der Schutz vor&#8230;&#13;\n  <\/p>\n<p> &#13;<br \/>\n      <a href=\"https:\/\/www.presse-service.de\/public\/Single.aspx?iid=1225203\" rel=\"nofollow noopener\" target=\"_blank\">mehr lesen&#8230;<\/a>  <\/p>\n<p>  &#13;<br \/>\n26.08.2026 &#8211; <a href=\"https:\/\/www.presse-service.de\/public\/Default.aspx?p=1458\" rel=\"nofollow noopener\" target=\"_blank\">Ennepe-Ruhr-Kreis<\/a>&#13;<\/p>\n<p>  &#13;<br \/>\nKommunaler Notstand droht: Staat \u00fcberfordert Kommunen&#13;<br \/>\nLWL Umlage belastet Ennepe-Ruhr-Kreis 2027 mit weiteren 8,2 Millionen Euro&#13;<\/p>\n<p class=\"ins_r\">&#13;<br \/>\n      <img decoding=\"async\" class=\"news_list_single_image\" src=\"https:\/\/www.europesays.com\/de\/wp-content\/uploads\/2025\/06\/1749045261_262_logo.jpg\" alt=\"\u00a9 \"\/>&#13;<br \/>\n(pen) Mit gro\u00dfer Sorge reagiert Landrat Jan-Christoph Schaberick auf die angek\u00fcndigte Erh\u00f6hung der Landschaftsumlage des Landschaftsverbandes Westfalen-Lippe (LWL) f\u00fcr das Haushaltsjahr 2027. Der Hebesatz soll um 0,8 Prozentpunkte auf 18,6 Prozent steigen. F\u00fcr den Ennepe-Ruhr-Kreis bedeutet dies eine zus\u00e4tzliche Belastung von rund 8,2 Millionen Euro.&#13;<br \/>\n\u00a0&#13;<br \/>\n&#8222;Die kommunale Familie steht ohnehin mit dem R\u00fccken zur Wand. Die erneute Erh\u00f6hung versch\u00e4rft die dramatische Finanzlage im Kreis und in unseren St\u00e4dten weiter. Zugleich wird das tats\u00e4chliche&#8230;&#13;\n  <\/p>\n<p> &#13;<br \/>\n      <a href=\"https:\/\/www.presse-service.de\/public\/Single.aspx?iid=1225211\" rel=\"nofollow noopener\" target=\"_blank\">mehr lesen&#8230;<\/a>  <\/p>\n<p>  &#13;<br \/>\n26.08.2026 &#8211; <a href=\"https:\/\/www.presse-service.de\/public\/Default.aspx?p=1285\" rel=\"nofollow noopener\" target=\"_blank\">Kreis Steinfurt<\/a>&#13;<\/p>\n<p>  &#13;<br \/>\n\u201eMensch, Fluss!\u201c ab 6. September im DA, Kunsthaus Kloster Gravenhorst&#13;<br \/>\nM\u00e4rchenhafte Klanglandschaft von K\u00fcnstlerin Alisa Tretau&#13;<\/p>\n<p class=\"ins_r\">&#13;<br \/>\n      <img decoding=\"async\" class=\"news_list_single_image\" src=\"https:\/\/www.europesays.com\/de\/wp-content\/uploads\/2026\/08\/325452V.jpg\" alt=\"\u00a9 Alisa Tretau\"\/>&#13;<br \/>\nKreis Steinfurt\/H\u00f6rstel. Besucherinnen und Besucher des DA, Kunsthaus Kloster Gravenhorst in H\u00f6rstel k\u00f6nnen im September die Fl\u00fcsse des Kreises Steinfurt auf ungew\u00f6hnliche Weise neu kennenlernen. Im Rahmen ihres Projekts &#8222;Mensch, Fluss!&#8220; hat sich die K\u00fcnstlerin Alisa Tretau mit den Flie\u00dfgew\u00e4ssern der Region auseinandergesetzt und f\u00fcnf moderne M\u00e4rchen verfasst.&#13;<br \/>\nAb Sonntag, 6. September, sind die Texte als Klanglandschaft aus sprechenden und singenden Kieseln im Gew\u00f6lbe des Kunsthauses zu erleben. Zur Er\u00f6ffnung um 11 Uhr ist auch die K\u00fcnstlerin&#8230;&#13;\n  <\/p>\n<p> &#13;<br \/>\n      <a href=\"https:\/\/www.presse-service.de\/public\/Single.aspx?iid=1224955\" rel=\"nofollow noopener\" target=\"_blank\">mehr lesen&#8230;<\/a>  <\/p>\n<p>  &#13;<br \/>\n26.08.2026 &#8211; <a href=\"https:\/\/www.presse-service.de\/public\/Default.aspx?p=1377\" rel=\"nofollow noopener\" target=\"_blank\">M\u00e4rkischer Kreis<\/a>&#13;<\/p>\n<p>  &#13;<br \/>\nSprechstunde der Pflegeberatung in Nachrodt-Wiblingwerde&#13;<\/p>\n<p class=\"ins_r\">&#13;<br \/>\n      <img decoding=\"async\" class=\"news_list_single_image\" src=\"https:\/\/www.europesays.com\/de\/wp-content\/uploads\/2026\/08\/288309V.jpg\" alt=\"\u00a9 \"\/>&#13;<br \/>\nDie Sprechstunde der Pflegeberatung des M\u00e4rkischen Kreises in Nachrodt-Wiblingwerde findet am Mittwoch, den 02. September, im Evangelischen Gemeindehaus in der Kirschstra\u00dfe 1 statt. Dort steht Angela Lindenberg in der Zeit von 10 bis 12 Uhr f\u00fcr alle Fragen rund um die Pflege zur Verf\u00fcgung. Eine Terminabsprache f\u00fcr die Sprechstunde ist unter 02352\/966-7123 notwendig.&#13;<br \/>\nF\u00fcr eine erste Kontaktaufnahme oder eine telefonische Beratung ist die Pflegeberatung am Pflege-Info-Telefon unter 02352\/966-7777 oder per E-Mail an&#8230;&#13;\n  <\/p>\n<p> &#13;<br \/>\n      <a href=\"https:\/\/www.presse-service.de\/public\/Single.aspx?iid=1225169\" rel=\"nofollow noopener\" target=\"_blank\">mehr lesen&#8230;<\/a>  <\/p>\n<p>  &#13;<br \/>\n26.08.2026 &#8211; <a href=\"https:\/\/www.presse-service.de\/public\/Default.aspx?p=1032\" rel=\"nofollow noopener\" target=\"_blank\">Kreisstadt Unna<\/a>&#13;<\/p>\n<p>  &#13;<br \/>\nFu\u00dfg\u00e4ngerbr\u00fccke am Massener Bach vorerst gesperrt&#13;<\/p>\n<p class=\"ins_r\">&#13;<br \/>\n      <img decoding=\"async\" class=\"news_list_single_image\" src=\"https:\/\/www.europesays.com\/de\/wp-content\/uploads\/2025\/04\/StadtUnna_Logo.jpg\" alt=\"\u00a9 \"\/>&#13;<br \/>\nDie Fu\u00dfg\u00e4ngerbr\u00fccke am Massener Bach im Bereich der Stra\u00dfen Gro\u00dfe Wiese und Rabenkamp muss kurzfristig gesperrt werden. Der Holzbelag der Br\u00fccke weist massive Sch\u00e4den auf, die eine Verkehrssicherheit nicht mehr gew\u00e4hrleisten. Damit die Br\u00fccke wieder sicher \u00fcberquert werden kann, ist sie nun ab sofort bis voraussichtlich Mitte September gesperrt. In dieser Zeit wird der Belag entsprechend wieder in Stand gesetzt.&#13;\n  <\/p>\n<p> &#13;<br \/>\n      <a href=\"https:\/\/www.presse-service.de\/public\/Single.aspx?iid=1225174\" rel=\"nofollow noopener\" target=\"_blank\">mehr lesen&#8230;<\/a>  <\/p>\n<p>  &#13;<br \/>\n26.08.2026 &#8211; <a href=\"https:\/\/www.presse-service.de\/public\/Default.aspx?p=77\" rel=\"nofollow noopener\" target=\"_blank\">Stadt M\u00fcnster<\/a>&#13;<\/p>\n<p>  &#13;<br \/>\nZus\u00e4tzliche Unterst\u00fctzung f\u00fcr Kitas in Coerde geplant&#13;<br \/>\n500.000 Euro zus\u00e4tzlich f\u00fcr Personal, kleinere Gruppen und bedarfsgerechte Ausstattung vorgesehen \/ Rat entscheidet am 7. Oktober&#13;<\/p>\n<p class=\"ins_r\">&#13;<br \/>\n      <img decoding=\"async\" class=\"news_list_single_image\" src=\"https:\/\/www.europesays.com\/de\/wp-content\/uploads\/2025\/05\/logo_muenster.jpg\" alt=\"\u00a9 \"\/>&#13;<br \/>\nM\u00fcnster (SMS) ) Die Stadt M\u00fcnster will die Kindertageseinrichtungen in Coerde in den Jahren 2027 und 2028 mit insgesamt 500.000 Euro zus\u00e4tzlich unterst\u00fctzen. Die Mittel sollen unter anderem f\u00fcr mehr Personal, kleinere Gruppen, Fortbildungen und eine bedarfsgerechte Ausstattung eingesetzt werden. Damit greift die Stadt einen politischen Antrag auf, f\u00fcr den der Rat die entsprechenden Mittel im Haushalt bereitgestellt hat. \u00dcber die entsprechende Beschlussvorlage beraten die politischen Gremien ab dem 15. September; der Rat der Stadt M\u00fcnster&#8230;&#13;\n  <\/p>\n<p> &#13;<br \/>\n      <a href=\"https:\/\/www.presse-service.de\/public\/Single.aspx?iid=1225179\" rel=\"nofollow noopener\" target=\"_blank\">mehr lesen&#8230;<\/a>  <\/p>\n<p>  &#13;<br \/>\n26.08.2026 &#8211; <a href=\"https:\/\/www.presse-service.de\/public\/Default.aspx?p=116\" rel=\"nofollow noopener\" target=\"_blank\">Stadt Hanau<\/a>&#13;<\/p>\n<p>  &#13;<br \/>\nMit einem Klick informiert: Hanau b\u00fcndelt st\u00e4dtische Live-Daten auf digitaler B\u00fcrger-Informationsplattform&#13;<br \/>\nZentrales B\u00fcrgerdashboard liefert Echtzeitinformationen f\u00fcr den Alltag \/ Daten helfen bei Stadtbesuch, Wetter, Parken und Klimaschutz \/ Kostenlos, ohne Anmeldung, ohne App \/ Grundlage f\u00fcr zuk\u00fcnftige Smart-City Anwendungen&#13;<\/p>\n<p class=\"ins_r\">&#13;<br \/>\n      <img decoding=\"async\" class=\"news_list_single_image\" src=\"https:\/\/www.europesays.com\/de\/wp-content\/uploads\/2026\/08\/325620V.jpg\" alt=\"\u00a9 Stadt Hanau \/ Moritz G\u00f6bel\"\/>&#13;<br \/>\nSamstagvormittag, die Innenstadt ruft, aber wo ist noch ein Parkplatz frei? Und wo findet man an einem 35-Grad-Tag einen k\u00fchlen Platz? Antworten darauf gibt die Stadt Hanau ab sofort auf ihrer neuen Informationsplattform. Sie hei\u00dft \u201eUrbane Datenplattform der Stadt Hanau\u201c und zeigt auf einen Blick, wie viele Stellpl\u00e4tze in den Parkh\u00e4usern frei sind, wie voll die Innenstadt gerade ist und wie warm es in welchem Stadtteil ist \u2013 aktuell, kostenlos und ohne Anmeldung.&#13;\n  <\/p>\n<p> &#13;<br \/>\n      <a href=\"https:\/\/www.presse-service.de\/public\/Single.aspx?iid=1225186\" rel=\"nofollow noopener\" target=\"_blank\">mehr lesen&#8230;<\/a>  <\/p>\n<p>  &#13;<br \/>\n26.08.2026 &#8211; <a href=\"https:\/\/www.presse-service.de\/public\/Default.aspx?p=532\" rel=\"nofollow noopener\" target=\"_blank\">Stadt Arnsberg<\/a>&#13;<\/p>\n<p>  &#13;<br \/>\nSchadstoffmobil am 5. September wieder im Raum Neheim unterwegs&#13;<\/p>\n<p class=\"ins_r\">&#13;<br \/>\n      <img decoding=\"async\" class=\"news_list_single_image\" src=\"https:\/\/www.europesays.com\/de\/wp-content\/uploads\/2025\/04\/logo_ansberg.jpg\" alt=\"\u00a9 \"\/>&#13;<br \/>\nAm Samstag, 5. September 2026, ist das Schadstoffmobil der Stadt Arnsberg im Raum Neheim\/H\u00fcsten unterwegs. Folgende Haltepunkte sind geplant:&#13;<br \/>\nHerdringen, Parkstreifen vor der Grundschule, Neuer Weg, 9.00 &#8211; 9.30 Uhr&#13;<br \/>\nHolzen, Parkstreifen vor der Sch\u00fctzenhalle, Vorm L\u00fcer, 9.45 &#8211; 10.15 Uhr\u00a0\u00a0\u00a0\u00a0\u00a0 &#13;<br \/>\nVo\u00dfwinkel, Parkplatz Haarhofstra\u00dfe, 10.45 &#8211; 11.15 Uhr&#13;<br \/>\nBachum, Platz beim Feuerwehrger\u00e4tehaus, Zum Heimerich, 11.30 &#8211; 12.00 Uhr\u00a0\u00a0\u00a0\u00a0\u00a0\u00a0\u00a0\u00a0\u00a0\u00a0\u00a0\u00a0\u00a0\u00a0\u00a0\u00a0\u00a0\u00a0\u00a0\u00a0\u00a0\u00a0\u00a0\u00a0\u00a0\u00a0\u00a0\u00a0\u00a0\u00a0\u00a0\u00a0\u00a0&#13;<br \/>\nNeheim, Moosfelde \/ Moosfelder Ring, 12.15 &#8211; 12.45 Uhr&#13;<br \/>\nNeheim, Containerplatz \/&#8230;&#13;\n  <\/p>\n<p> &#13;<br \/>\n      <a href=\"https:\/\/www.presse-service.de\/public\/Single.aspx?iid=1225192\" rel=\"nofollow noopener\" target=\"_blank\">mehr lesen&#8230;<\/a>  <\/p>\n<p>  &#13;<br \/>\n26.08.2026 &#8211; <a href=\"https:\/\/www.presse-service.de\/public\/Default.aspx?p=1546\" rel=\"nofollow noopener\" target=\"_blank\">Naturpark Schwalm-Nette<\/a>&#13;<\/p>\n<p>  &#13;<br \/>\nKorrektur: Tag der Regionen: Nachhaltig denken \u2013 regional handeln&#13;<\/p>\n<p class=\"ins_r\">&#13;<br \/>\n      <img decoding=\"async\" class=\"news_list_single_image\" src=\"https:\/\/www.europesays.com\/de\/wp-content\/uploads\/2025\/04\/logo_k.jpg\" alt=\"\u00a9 \"\/>&#13;<br \/>\nAm Sonntag, den 4. Oktober, findet der bundesweite Tag der Regionen statt. Im Aktionszeitraum September bis Oktober 2026 bietet der Naturpark Schwalm-Nette Veranstaltungen an, die Regionalit\u00e4t erlebbar machen:&#13;<br \/>\n&#13;<br \/>\n04.09.2026: Saatgutstammtisch im Naturpark-Tor Wassenberg&#13;<br \/>\n17.09.2026: Apfelsaftpressung im Naturparkzentrum Wachtendonk&#13;<br \/>\n17.10.2026: Pflanztauschb\u00f6rse im Naturparkzentrum Wachtendonk&#13;<br \/>\n21.10.2026: Forscher aufgepasst \u2013 Wir erkunden die Obstwiese im Naturparkzentrum Wachtendonk&#13;<br \/>\n&#13;<br \/>\nDer Tag der Regionen wird vom Bundesverband der&#8230;&#13;\n  <\/p>\n<p> &#13;<br \/>\n      <a href=\"https:\/\/www.presse-service.de\/public\/Single.aspx?iid=1225193\" rel=\"nofollow noopener\" target=\"_blank\">mehr lesen&#8230;<\/a>  <\/p>\n<p>  &#13;<br \/>\n26.08.2026 &#8211; <a href=\"https:\/\/www.presse-service.de\/public\/Default.aspx?p=85\" rel=\"nofollow noopener\" target=\"_blank\">Stadt M\u00f6nchengladbach<\/a>&#13;<\/p>\n<p>  &#13;<br \/>\nWickrath: Aufwertung der Quadtstra\u00dfe beginnt&#13;<\/p>\n<p class=\"ins_r\">&#13;<br \/>\n      <img decoding=\"async\" class=\"news_list_single_image\" src=\"https:\/\/www.europesays.com\/de\/wp-content\/uploads\/2026\/08\/313626V.jpg\" alt=\"\u00a9 Stadt MG\"\/>&#13;<br \/>\nDie Stadt startet mit punktuellen Ma\u00dfnahmen, um die Aufenthaltsqualit\u00e4t der Quadtstra\u00dfe in Wickrath zu erh\u00f6hen und ihren Charakter als Treffpunkt im Stadtteil zu st\u00e4rken. Mehr Sitzgelegenheiten, mehr Gr\u00fcn und neues Stadtmobiliar sorgen daf\u00fcr, dass die kleine Flaniermeile auch langfristig als positives Beispiel f\u00fcr ein lebendiges Quartierszentrum bestehen kann.&#13;<br \/>\nDer erste Ma\u00dfnahmenteil startet in der zweiten Septemberwoche und wird voraussichtlich zwei Wochen in Anspruch nehmen. Die Begr\u00fcnungsarbeiten werden witterungsbedingt erst zur&#8230;&#13;\n  <\/p>\n<p> &#13;<br \/>\n      <a href=\"https:\/\/www.presse-service.de\/public\/Single.aspx?iid=1225196\" rel=\"nofollow noopener\" target=\"_blank\">mehr lesen&#8230;<\/a>  <\/p>\n<p>  &#13;<br \/>\n26.08.2026 &#8211; <a href=\"https:\/\/www.presse-service.de\/public\/Default.aspx?p=116\" rel=\"nofollow noopener\" target=\"_blank\">Stadt Hanau<\/a>&#13;<\/p>\n<p>  &#13;<br \/>\nHanauer Tauschmarkt mit Stoffen, Kleidung und Taschen&#13;<br \/>\nSamstag, 29. August \/ Platz an der Wallonisch-Niederl\u00e4ndischen Kirche&#13;<\/p>\n<p class=\"ins_r\">&#13;<br \/>\n      <img decoding=\"async\" class=\"news_list_single_image\" src=\"https:\/\/www.europesays.com\/de\/wp-content\/uploads\/2026\/08\/325627V.jpg\" alt=\"\u00a9 Stadt Hanau\"\/>&#13;<br \/>\nTauschen ist nachhaltig, schont den Geldbeutel und macht Spa\u00df. Diese Gelegenheit bietet sich am Samstag, 29. August, wieder beim Hanauer Tauschmarkt. Die Gemeinwesenarbeit S\u00fcdliche Innenstadt und der Verein Menschen in Hanau e.V. laden von 10 bis 14 Uhr auf den Platz an der Wallonisch-Niederl\u00e4ndischen Kirche in der Franz\u00f6sischen Allee in der Innenstadt ein.&#13;\n  <\/p>\n<p> &#13;<br \/>\n      <a href=\"https:\/\/www.presse-service.de\/public\/Single.aspx?iid=1225198\" rel=\"nofollow noopener\" target=\"_blank\">mehr lesen&#8230;<\/a>  <\/p>\n<p>&#13;<br \/>\n  &#13;<\/p>\n","protected":false},"excerpt":{"rendered":"&#13; Alle Meldungen: &#13; 26.08.2026 &#8211; Stadt Gronau&#13; &#13; Anmeldung zu den Grundschulen in Gronau f\u00fcr das Schuljahr&hellip;\n","protected":false},"author":2,"featured_media":1261665,"comment_status":"","ping_status":"","sticky":false,"template":"","format":"standard","meta":{"footnotes":"","_share_on_mastodon":"0"},"categories":[1843],"tags":[3364,29,30,19579,19580,62,8970,14,1209,178,19577,19578,19576,181,19575],"class_list":["post-1261664","post","type-post","status-publish","format-standard","has-post-thumbnail","category-muenster","tag-de","tag-deutschland","tag-germany","tag-kommunal","tag-kommunaler-dienst","tag-medien","tag-muenster","tag-nachrichten","tag-nordrhein-westfalen","tag-presse","tag-pressearchiv","tag-pressedienst","tag-pressemeldungen","tag-pressemitteilungen","tag-presseservice"],"share_on_mastodon":{"url":"","error":""},"_links":{"self":[{"href":"https:\/\/www.europesays.com\/de\/wp-json\/wp\/v2\/posts\/1261664","targetHints":{"allow":["GET"]}}],"collection":[{"href":"https:\/\/www.europesays.com\/de\/wp-json\/wp\/v2\/posts"}],"about":[{"href":"https:\/\/www.europesays.com\/de\/wp-json\/wp\/v2\/types\/post"}],"author":[{"embeddable":true,"href":"https:\/\/www.europesays.com\/de\/wp-json\/wp\/v2\/users\/2"}],"replies":[{"embeddable":true,"href":"https:\/\/www.europesays.com\/de\/wp-json\/wp\/v2\/comments?post=1261664"}],"version-history":[{"count":0,"href":"https:\/\/www.europesays.com\/de\/wp-json\/wp\/v2\/posts\/1261664\/revisions"}],"wp:featuredmedia":[{"embeddable":true,"href":"https:\/\/www.europesays.com\/de\/wp-json\/wp\/v2\/media\/1261665"}],"wp:attachment":[{"href":"https:\/\/www.europesays.com\/de\/wp-json\/wp\/v2\/media?parent=1261664"}],"wp:term":[{"taxonomy":"category","embeddable":true,"href":"https:\/\/www.europesays.com\/de\/wp-json\/wp\/v2\/categories?post=1261664"},{"taxonomy":"post_tag","embeddable":true,"href":"https:\/\/www.europesays.com\/de\/wp-json\/wp\/v2\/tags?post=1261664"}],"curies":[{"name":"wp","href":"https:\/\/api.w.org\/{rel}","templated":true}]}}