{"id":1261747,"date":"2026-08-26T12:29:19","date_gmt":"2026-08-26T12:29:19","guid":{"rendered":"https:\/\/www.europesays.com\/de\/1261747\/"},"modified":"2026-08-26T12:29:19","modified_gmt":"2026-08-26T12:29:19","slug":"muenchen-einbruchserie-in-lehel-vier-taten-in-widenmayerstrasse-muenchen","status":"publish","type":"post","link":"https:\/\/www.europesays.com\/de\/1261747\/","title":{"rendered":"M\u00fcnchen Einbruchserie in Lehel: Vier Taten in Widenmayerstra\u00dfe &#8211; M\u00fcnchen"},"content":{"rendered":"<p data-manual=\"paragraph\" data-schema-org-speakable=\"true\" class=\"css-1eosz7k\">Eine Einbruchserie im <a href=\"https:\/\/www.sueddeutsche.de\/thema\/Lehel\" rel=\"nofollow noopener\" target=\"_blank\">Lehel<\/a> besch\u00e4ftigt die M\u00fcnchner Polizei: Binnen weniger Tage wurden vier Taten gemeldet, alle in H\u00e4usern an der Widenmayerstra\u00dfe.<\/p>\n<p data-manual=\"paragraph\" data-schema-org-speakable=\"true\" class=\"css-1eosz7k\">Die genauen Daten der Einbr\u00fcche lassen sich nicht mehr genau feststellen, die gesch\u00e4digten Bewohner befanden sich jeweils l\u00e4ngere Zeit im Urlaub. Die Polizei berichtete am Montag von zwei F\u00e4llen, bei denen bereits ein Schaden im hohen f\u00fcnfstelligen Bereich entstanden war. Zwei weitere F\u00e4lle wurden am Mittwoch gemeldet, einmal mit einem f\u00fcnf-, einmal mit einem vierstelligen Schaden. Zwei der betroffenen Wohnungen liegen im selben Haus. Gestohlen wurden jeweils Bargeld, Schmuck und andere Wertgegenst\u00e4nde.<\/p>\n<p data-manual=\"paragraph\" data-schema-org-speakable=\"true\" class=\"css-1eosz7k\">Ungekl\u00e4rt ist bislang, wie die Einbrecher in die Wohnungen kamen. Deshalb sucht die Polizei Zeugen, die in den vergangenen Wochen im Bereich Widenmayerstra\u00dfe, Reitmorstra\u00dfe, Sternstra\u00dfe, Gew\u00fcrzm\u00fchlstra\u00dfe, Thierschstra\u00dfe und Triftstra\u00dfe verd\u00e4chtige Beobachtungen gemacht haben. Auch Aufzeichnungen von privaten \u00dcberwachungskameras k\u00f6nnen f\u00fcr die Polizei interessant sein.<\/p>\n","protected":false},"excerpt":{"rendered":"Eine Einbruchserie im Lehel besch\u00e4ftigt die M\u00fcnchner Polizei: Binnen weniger Tage wurden vier Taten gemeldet, alle in H\u00e4usern&hellip;\n","protected":false},"author":2,"featured_media":1261748,"comment_status":"","ping_status":"","sticky":false,"template":"","format":"standard","meta":{"footnotes":"","_share_on_mastodon":"0"},"categories":[1827],"tags":[20596,772,29,30,1584,6786,1268,3093,149],"class_list":["post-1261747","post","type-post","status-publish","format-standard","has-post-thumbnail","category-muenchen","tag-altstadt-lehel","tag-bayern","tag-deutschland","tag-germany","tag-kriminalitaet","tag-lehel","tag-muenchen","tag-polizei-und-feuerwehr-in-muenchen","tag-sueddeutsche-zeitung"],"share_on_mastodon":{"url":"https:\/\/pubeurope.com\/@de\/117161817954566513","error":""},"_links":{"self":[{"href":"https:\/\/www.europesays.com\/de\/wp-json\/wp\/v2\/posts\/1261747","targetHints":{"allow":["GET"]}}],"collection":[{"href":"https:\/\/www.europesays.com\/de\/wp-json\/wp\/v2\/posts"}],"about":[{"href":"https:\/\/www.europesays.com\/de\/wp-json\/wp\/v2\/types\/post"}],"author":[{"embeddable":true,"href":"https:\/\/www.europesays.com\/de\/wp-json\/wp\/v2\/users\/2"}],"replies":[{"embeddable":true,"href":"https:\/\/www.europesays.com\/de\/wp-json\/wp\/v2\/comments?post=1261747"}],"version-history":[{"count":0,"href":"https:\/\/www.europesays.com\/de\/wp-json\/wp\/v2\/posts\/1261747\/revisions"}],"wp:featuredmedia":[{"embeddable":true,"href":"https:\/\/www.europesays.com\/de\/wp-json\/wp\/v2\/media\/1261748"}],"wp:attachment":[{"href":"https:\/\/www.europesays.com\/de\/wp-json\/wp\/v2\/media?parent=1261747"}],"wp:term":[{"taxonomy":"category","embeddable":true,"href":"https:\/\/www.europesays.com\/de\/wp-json\/wp\/v2\/categories?post=1261747"},{"taxonomy":"post_tag","embeddable":true,"href":"https:\/\/www.europesays.com\/de\/wp-json\/wp\/v2\/tags?post=1261747"}],"curies":[{"name":"wp","href":"https:\/\/api.w.org\/{rel}","templated":true}]}}