{"id":1261756,"date":"2026-08-26T12:35:30","date_gmt":"2026-08-26T12:35:30","guid":{"rendered":"https:\/\/www.europesays.com\/de\/1261756\/"},"modified":"2026-08-26T12:35:30","modified_gmt":"2026-08-26T12:35:30","slug":"mieten-ab-7-euro-degewo-startet-wohnungsbau-im-segelflieger-quartier","status":"publish","type":"post","link":"https:\/\/www.europesays.com\/de\/1261756\/","title":{"rendered":"Mieten ab 7 Euro: degewo startet Wohnungsbau im Segelflieger-Quartier"},"content":{"rendered":"<p><strong>Baustart in Treptow-K\u00f6penick: Auf dem ehemaligen Industrie- und Flugplatzgel\u00e4nde in Johannisthal entsteht in den kommenden Jahren ein neuer Stadtteil mit rund 1.800 Wohnungen, das Segelflieger-Quartier. Nun bereitet auch die landeseigene degewo den Baustart vor \u2013 mit einem ungew\u00f6hnlich hohen Anteil gef\u00f6rderter Wohnungen.<\/strong><\/p>\n<p><a href=\"https:\/\/www.europesays.com\/de\/wp-content\/uploads\/2026\/08\/Johannisthal_Segelflieger-Quartier_Luftbild_copyright_-WISTA.Plan-GmbH-scaled.jpg\"><img loading=\"lazy\" decoding=\"async\" aria-describedby=\"caption-attachment-106973\" class=\"lazyload size-full wp-image-106973\" src=\"data:image\/svg+xml,%3Csvg%20xmlns%3D%27http%3A%2F%2Fwww.w3.org%2F2000%2Fsvg%27%20width%3D%271920%27%20height%3D%271083%27%20viewBox%3D%270%200%201920%201083%27%3E%3Crect%20width%3D%271920%27%20height%3D%271083%27%20fill-opacity%3D%220%22%2F%3E%3C%2Fsvg%3E\" data-orig-src=\"https:\/\/www.europesays.com\/de\/wp-content\/uploads\/2026\/08\/Johannisthal_Segelflieger-Quartier_Luftbild_copyright_-WISTA.Plan-GmbH-scaled.jpg\" alt=\"Luftbild des Segelflieger-Quartiers in Berlin-Johannisthal mit markiertem degewo-Baufeld am Segelfliegerdamm sowie den geplanten Stra\u00dfen und Wegen des neuen Wohnquartiers.\" width=\"1920\" height=\"1083\"\/><\/a><\/p>\n<p id=\"caption-attachment-106973\" class=\"wp-caption-text\">Das Luftbild zeigt das gesamte Segelflieger-Quartier in Johannisthal zwischen Segelfliegerdamm, Gro\u00df-Berliner Damm und Landschaftspark. Das blau markierte Baufeld der degewo liegt am westlichen Rand des Quartiers. \/ \u00a9 Foto: WISTA.Plan GmbH<\/p>\n<p>\u00a9 Titelbild: ENTWICKLUNGSSTADT<\/p>\n<p>Auf dem fr\u00fcheren Industrie- und Flugplatzgel\u00e4nde in Johannisthal w\u00e4chst ein neues St\u00fcck Berlin. Nun beginnt auch f\u00fcr die landeseigene degewo die konkrete Phase im Segelflieger-Quartier. Der Schwerpunkt liegt auf einem Wohnungsangebot, das sich <a href=\"https:\/\/www.entwicklungsstadt.de\/segelflieger-quartier-berlin-start-fuer-eines-der-groessten-wohnprojekte-der-hauptstadt\/\" target=\"_blank\" rel=\"noopener nofollow\">deutlich von vielen aktuellen Neubauprojekten<\/a> unterscheidet.<\/p>\n<ul>\n<li><strong>Bezirk:<\/strong> <a href=\"https:\/\/www.entwicklungsstadt.de\/bezirke\/treptow-koepenick\/\" target=\"_blank\" rel=\"noopener nofollow\">Treptow-K\u00f6penick<\/a><\/li>\n<li><strong>Lage:<\/strong> Segelfliegerdamm, 12487 Berlin<\/li>\n<li><strong>degewo-Projektstatus:<\/strong> Baubeginn vorbereitet<\/li>\n<li><strong>degewo-Wohnungen:<\/strong> 546 (davon 440 gef\u00f6rdert)<\/li>\n<li><strong>Nettokaltmiete:<\/strong> ab 7,00 Euro pro Quadratmeter<\/li>\n<li><strong>Geb\u00e4ude:<\/strong> sechs H\u00e4user in drei Bl\u00f6cken<\/li>\n<li><strong>Baubeginn:<\/strong> voraussichtlich September 2026<\/li>\n<li><strong>Bezugsfertig:<\/strong> Anfang 2029<\/li>\n<\/ul>\n<p><a href=\"https:\/\/www.europesays.com\/de\/wp-content\/uploads\/2026\/08\/Johannisthal-Segelfliergerdamm-Segelflieger-Quartier-08-2026_copyright_entwicklungsstadt-4.jpg\"><img loading=\"lazy\" decoding=\"async\" aria-describedby=\"caption-attachment-106980\" class=\"lazyload size-full wp-image-106980\" src=\"data:image\/svg+xml,%3Csvg%20xmlns%3D%27http%3A%2F%2Fwww.w3.org%2F2000%2Fsvg%27%20width%3D%271280%27%20height%3D%27720%27%20viewBox%3D%270%200%201280%20720%27%3E%3Crect%20width%3D%271280%27%20height%3D%27720%27%20fill-opacity%3D%220%22%2F%3E%3C%2Fsvg%3E\" data-orig-src=\"https:\/\/www.europesays.com\/de\/wp-content\/uploads\/2026\/08\/Johannisthal-Segelfliergerdamm-Segelflieger-Quartier-08-2026_copyright_entwicklungsstadt-4.jpg\" alt=\"Berlins Regierender B\u00fcrgermeister Kai Wegner spricht beim Projektauftakt f\u00fcr 546 degewo-Wohnungen im Segelflieger-Quartier in Berlin-Johannisthal.\" width=\"1280\" height=\"720\"\/><\/a><\/p>\n<p id=\"caption-attachment-106980\" class=\"wp-caption-text\">Berlins Regierender B\u00fcrgermeister Kai Wegner spricht beim Projektauftakt f\u00fcr den degewo-Wohnungsbau im Segelflieger-Quartier in Johannisthal. Dort sollen 546 neue Wohnungen entstehen. \/ \u00a9 Foto: ENTWICKLUNGSSTADT<\/p>\n<p>Bei bestem Sonnenschein kamen am Segelfliegerdamm Vertreter von degewo, Politik und Projektentwicklung zusammen. Anlass war der Projektauftakt f\u00fcr den Wohnungsbau der landeseigenen Gesellschaft im <a href=\"https:\/\/www.entwicklungsstadt.de\/johannisthal-segelflieger-quartier-erdarbeiten\/\" target=\"_blank\" rel=\"noopener nofollow\">Segelflieger-Quartier in Johannisthal<\/a>. W\u00e4hrend auf benachbarten Fl\u00e4chen bereits gebaut wird, r\u00fcckt nun auch das rund 25.500 Quadratmeter gro\u00dfe degewo-Grundst\u00fcck in den Mittelpunkt. Dort sollen 546 Mietwohnungen entstehen.<\/p>\n<p>F\u00fcr den Berliner Wohnungsmarkt ist dabei vor allem die Zusammensetzung entscheidend. 440 der 546 Wohnungen sollen \u00f6ffentlich gef\u00f6rdert werden. Das entspricht gut vier F\u00fcnfteln des gesamten degewo-Projekts. Die Nettokaltmieten beginnen nach Angaben des Unternehmens bei 7 Euro pro Quadratmeter. Damit entsteht innerhalb eines ansonsten gemischt finanzierten neuen Stadtquartiers ein gro\u00dfer Bestand dauerhaft regulierter Mietwohnungen.<\/p>\n<p><a href=\"https:\/\/www.europesays.com\/de\/wp-content\/uploads\/2026\/08\/Johannisthal-Segelfliergerdamm-Segelflieger-Quartier-08-2026_copyright_entwicklungsstadt-5.jpg\"><img loading=\"lazy\" decoding=\"async\" aria-describedby=\"caption-attachment-106979\" class=\"lazyload size-full wp-image-106979\" src=\"data:image\/svg+xml,%3Csvg%20xmlns%3D%27http%3A%2F%2Fwww.w3.org%2F2000%2Fsvg%27%20width%3D%271280%27%20height%3D%27720%27%20viewBox%3D%270%200%201280%20720%27%3E%3Crect%20width%3D%271280%27%20height%3D%27720%27%20fill-opacity%3D%220%22%2F%3E%3C%2Fsvg%3E\" data-orig-src=\"https:\/\/www.europesays.com\/de\/wp-content\/uploads\/2026\/08\/Johannisthal-Segelfliergerdamm-Segelflieger-Quartier-08-2026_copyright_entwicklungsstadt-5.jpg\" alt=\"F\u00fcnf Projektbeteiligte pr\u00e4sentieren beim Projektauftakt die Planung f\u00fcr den degewo-Wohnungsbau im Segelflieger-Quartier in Berlin-Johannisthal. (v.l.n.r.: Daniel Herrmann, Vorstand der BAUWERT AG; Oliver Igel, Bezirksb\u00fcrgermeister von Berlin Treptow-K\u00f6penick; Kai Wegner, Regierender B\u00fcrgermeister von Berlin; Kai-Marten Maack, Vorstandsmitglied degewo; Christian Gaebler, Senator f\u00fcr Stadtentwicklung, Bauen und Wohnen)\" width=\"1280\" height=\"720\"\/><\/a><\/p>\n<p id=\"caption-attachment-106979\" class=\"wp-caption-text\">Beim Projektauftakt f\u00fcr die 546 degewo-Wohnungen im Segelflieger-Quartier kamen Vertreter des Landes Berlin, des Bezirks Treptow-K\u00f6penick, der degewo und der BAUWERT AG zusammen. \/ \u00a9 Foto: ENTWICKLUNGSSTADT<\/p>\n<p>Segelflieger-Quartier in Johannisthal: Wohnungen f\u00fcr Singles und Familien<\/p>\n<p>degewo plant bewusst keine einheitlichen Wohnungsgr\u00f6\u00dfen. Von den 546 Einheiten sind 236 als Einzimmerwohnungen vorgesehen. Hinzu kommen 95 Wohnungen mit zwei Zimmern, 110 mit drei Zimmern, 95 mit vier Zimmern und zehn Wohnungen mit f\u00fcnf Zimmern. Damit reicht das Angebot vom kleinen Haushalt bis zur gr\u00f6\u00dferen Familie.<\/p>\n<p>Kai-Marten Maack, Vorstandsmitglied der degewo, stellte beim Projektauftakt heraus, dass die Gesellschaft damit unterschiedliche Gruppen erreichen wolle. Gerade diese Mischung z\u00e4hlt zu den wichtigsten Punkten des Vorhabens.<\/p>\n<p>Auf dem Grundst\u00fcck entstehen sechs Geb\u00e4ude, die sich zu drei Bl\u00f6cken ordnen. Geplant sind \u00fcberwiegend f\u00fcnf Geschosse. An der n\u00f6rdlich gelegenen Planstra\u00dfe kommt ein zus\u00e4tzliches Staffelgeschoss hinzu. Insgesamt schafft degewo rund 31.000 Quadratmeter Wohnfl\u00e4che.<\/p>\n<p><a href=\"https:\/\/www.europesays.com\/de\/wp-content\/uploads\/2026\/08\/Johannisthal-Segelfliergerdamm-Segelflieger-Quartier-08-2026_copyright_entwicklungsstadt-2.jpg\"><img loading=\"lazy\" decoding=\"async\" aria-describedby=\"caption-attachment-106982\" class=\"lazyload size-full wp-image-106982\" src=\"data:image\/svg+xml,%3Csvg%20xmlns%3D%27http%3A%2F%2Fwww.w3.org%2F2000%2Fsvg%27%20width%3D%271280%27%20height%3D%27720%27%20viewBox%3D%270%200%201280%20720%27%3E%3Crect%20width%3D%271280%27%20height%3D%27720%27%20fill-opacity%3D%220%22%2F%3E%3C%2Fsvg%3E\" data-orig-src=\"https:\/\/www.europesays.com\/de\/wp-content\/uploads\/2026\/08\/Johannisthal-Segelfliergerdamm-Segelflieger-Quartier-08-2026_copyright_entwicklungsstadt-2.jpg\" alt=\"Gro\u00dfe Erdh\u00fcgel liegen vor dem Stahlger\u00fcst einer alten Industriehalle, w\u00e4hrend dahinter Baukr\u00e4ne im Segelflieger-Quartier in Johannisthal stehen.\" width=\"1280\" height=\"720\"\/><\/a><\/p>\n<p id=\"caption-attachment-106982\" class=\"wp-caption-text\">Erdh\u00fcgel, Baukr\u00e4ne und die Reste einer fr\u00fcheren Industriehalle pr\u00e4gen derzeit das Segelflieger-Quartier. Das lange brachliegende Gel\u00e4nde in Johannisthal ver\u00e4ndert sich grundlegend. \/ \u00a9 Foto: ENTWICKLUNGSSTADT<\/p>\n<p>Johannisthal: Mehr als 800 Fahrradstellpl\u00e4tze im degewo-Neubau<\/p>\n<p>Auch beim Verkehr zeigt die Planung, auf welche Gr\u00f6\u00dfenordnung sich das neue Quartier vorbereitet. Mehr als 800 Fahrradstellpl\u00e4tze sollen entstehen. F\u00fcr Autos plant degewo 96 Stellpl\u00e4tze in einer Tiefgarage sowie weitere 84 Stellpl\u00e4tze auf den Freifl\u00e4chen des Grundst\u00fccks. Damit kommen insgesamt 180 Pkw-Stellpl\u00e4tze hinzu.<\/p>\n<p>Der Standort soll jedoch nicht allein \u00fcber das Auto funktionieren. Das gesamte Segelflieger-Quartier erh\u00e4lt neue Stra\u00dfen und Wege. Diese \u00f6ffnen das lange Zeit nicht \u00f6ffentlich zug\u00e4ngliche ehemalige Industrieareal und schaffen neue Verbindungen zum Landschaftspark Johannisthal, zum Gro\u00df-Berliner Damm und zum S-Bahnhof Johannisthal. Auch die Stra\u00dfenbahn am Gro\u00df-Berliner Damm soll besser erreichbar werden.<\/p>\n<p><a href=\"https:\/\/www.europesays.com\/de\/wp-content\/uploads\/2026\/08\/Johannisthal-Segelfliergerdamm-Segelflieger-Quartier-08-2026_copyright_entwicklungsstadt-8.jpg\"><img loading=\"lazy\" decoding=\"async\" aria-describedby=\"caption-attachment-106976\" class=\"lazyload size-full wp-image-106976\" src=\"data:image\/svg+xml,%3Csvg%20xmlns%3D%27http%3A%2F%2Fwww.w3.org%2F2000%2Fsvg%27%20width%3D%271280%27%20height%3D%27720%27%20viewBox%3D%270%200%201280%20720%27%3E%3Crect%20width%3D%271280%27%20height%3D%27720%27%20fill-opacity%3D%220%22%2F%3E%3C%2Fsvg%3E\" data-orig-src=\"https:\/\/www.europesays.com\/de\/wp-content\/uploads\/2026\/08\/Johannisthal-Segelfliergerdamm-Segelflieger-Quartier-08-2026_copyright_entwicklungsstadt-8.jpg\" alt=\"Ein rotes historisches Flugzeug steht auf dem Gel\u00e4nde des Segelflieger-Quartiers in Berlin-Johannisthal und erinnert an die Geschichte des fr\u00fcheren Flugplatzes.\" width=\"1280\" height=\"720\"\/><\/a><\/p>\n<p id=\"caption-attachment-106976\" class=\"wp-caption-text\">Ein historisches Flugzeug erinnert im Segelflieger-Quartier an die Luftfahrtgeschichte Johannisthals. Auf dem fr\u00fcheren Flugplatzgel\u00e4nde entsteht heute ein neues Wohn- und Gewerbequartier. \/ \u00a9 Foto: ENTWICKLUNGSSTADT<\/p>\n<p>Neues Quartier verbindet Wohnen, Arbeiten und Nahversorgung<\/p>\n<p>Das degewo-Projekt bildet nur einen Teil der deutlich gr\u00f6\u00dferen Quartiersentwicklung. Insgesamt sollen im Segelflieger-Quartier rund 1.800 Wohnungen entstehen. Hinzu kommen etwa 153.000 Quadratmeter Gewerbefl\u00e4che. Au\u00dferdem sind soziale Einrichtungen und ein Stadtteilzentrum vorgesehen. Der neue Stadtteil liegt unmittelbar neben dem Wissenschafts- und Technologiepark Adlershof.<\/p>\n<p>Auch \u00f6ffentliche R\u00e4ume spielen eine wichtige Rolle. Berlin bereitet derzeit einen<a href=\"https:\/\/www.entwicklungsstadt.de\/segelflieger-quartier-buergerideen-fuer-neue-freiraeume-gesucht\/\" target=\"_blank\" rel=\"noopener nofollow\"> freiraumplanerischen Wettbewerb f\u00fcr das Segelflieger-Quartier<\/a> vor. Vorgesehen sind unter anderem Gr\u00fcnfl\u00e4chen, Spielpl\u00e4tze, Aufenthaltsbereiche und neue Wege. B\u00fcrgerinnen und B\u00fcrger konnten ihre Vorstellungen dazu im Juni 2026 einbringen. Die Ergebnisse sollen in die weitere Planung einflie\u00dfen.<\/p>\n<p>Am Segelfliegerdamm selbst sollen zudem L\u00e4den, Gastronomie, Praxen, Dienstleistungen und soziale Angebote geb\u00fcndelt werden. Teilweise sollen daf\u00fcr auch erhaltene historische Geb\u00e4ude genutzt werden. Eine \u00f6ffentliche Gr\u00fcnfl\u00e4che ist als Eingang in das Quartier vorgesehen. Ein Spielplatz soll im neuen Wohngebiet entstehen, ein weiterer im angrenzenden Landschaftspark.<\/p>\n<p><a href=\"https:\/\/www.europesays.com\/de\/wp-content\/uploads\/2026\/08\/Johannisthal-Segelfliergerdamm-Segelflieger-Quartier-08-2026_copyright_entwicklungsstadt-1.jpg\"><img loading=\"lazy\" decoding=\"async\" aria-describedby=\"caption-attachment-106975\" class=\"lazyload size-full wp-image-106975\" src=\"data:image\/svg+xml,%3Csvg%20xmlns%3D%27http%3A%2F%2Fwww.w3.org%2F2000%2Fsvg%27%20width%3D%271280%27%20height%3D%27720%27%20viewBox%3D%270%200%201280%20720%27%3E%3Crect%20width%3D%271280%27%20height%3D%27720%27%20fill-opacity%3D%220%22%2F%3E%3C%2Fsvg%3E\" data-orig-src=\"https:\/\/www.europesays.com\/de\/wp-content\/uploads\/2026\/08\/Johannisthal-Segelfliergerdamm-Segelflieger-Quartier-08-2026_copyright_entwicklungsstadt-1.jpg\" alt=\"Ein hoher alter Betonturm mit dem Schriftzug \u201eSegelflieger Quartier Berlin\u201c steht auf dem Entwicklungsareal in Johannisthal.\" width=\"1280\" height=\"720\"\/><\/a><\/p>\n<p id=\"caption-attachment-106975\" class=\"wp-caption-text\">Der markante Turm geh\u00f6rt zu den erhaltenen Spuren der fr\u00fcheren industriellen Nutzung des Areals. Rundherum entwickelt sich das neue Segelflieger-Quartier in Johannisthal. \/ \u00a9 Foto: ENTWICKLUNGSSTADT<\/p>\n<p>Segelflieger-Quartier: Erste degewo-Mieter sollen Anfang 2029 einziehen<\/p>\n<p>Bezirksb\u00fcrgermeister Oliver Igel stellte beim degewo-Projektauftakt vor allem die Verbindung von Wohnen, Arbeit und Erholung heraus. Tats\u00e4chlich liegt das neue <a href=\"https:\/\/www.entwicklungsstadt.de\/segelflieger-quartier-in-johannisthal-baustart-fuer-arthur-und-thekla\/\" target=\"_blank\" rel=\"noopener nofollow\">Wohngebiet, auf dem auch BAUWERT baut,\u00a0<\/a> zwischen dem Landschaftspark und einem der gr\u00f6\u00dften Wissenschafts- und Wirtschaftsstandorte Berlins.<\/p>\n<p>Bis zum Einzug dauert es auf dem degewo-Grundst\u00fcck allerdings noch. Nach dem derzeit ver\u00f6ffentlichten Zeitplan soll der eigentliche Baubeginn voraussichtlich im September 2026 erfolgen. Die Wohnungen sollen Anfang 2029 bezugsfertig sein.<\/p>\n<p><a href=\"https:\/\/www.europesays.com\/de\/wp-content\/uploads\/2026\/08\/Johannisthal-Segelfliergerdamm-Segelflieger-Quartier-08-2026_copyright_entwicklungsstadt-7.jpg\"><img loading=\"lazy\" decoding=\"async\" aria-describedby=\"caption-attachment-106977\" class=\"lazyload size-full wp-image-106977\" src=\"data:image\/svg+xml,%3Csvg%20xmlns%3D%27http%3A%2F%2Fwww.w3.org%2F2000%2Fsvg%27%20width%3D%271280%27%20height%3D%27720%27%20viewBox%3D%270%200%201280%20720%27%3E%3Crect%20width%3D%271280%27%20height%3D%27720%27%20fill-opacity%3D%220%22%2F%3E%3C%2Fsvg%3E\" data-orig-src=\"https:\/\/www.europesays.com\/de\/wp-content\/uploads\/2026\/08\/Johannisthal-Segelfliergerdamm-Segelflieger-Quartier-08-2026_copyright_entwicklungsstadt-7.jpg\" alt=\"Das weitl\u00e4ufige Baufeld des Segelflieger-Quartiers in Johannisthal zeigt vorbereitete Fl\u00e4chen, Erdh\u00fcgel, eine alte Industriehalle und einen Bagger.\" width=\"1280\" height=\"720\"\/><\/a><\/p>\n<p id=\"caption-attachment-106977\" class=\"wp-caption-text\">Gro\u00dfe Teile des fr\u00fcheren Industrieareals in Johannisthal sind bereits f\u00fcr die Neubebauung vorbereitet. Im Segelflieger-Quartier sollen insgesamt rund 1.800 Wohnungen entstehen. \/ \u00a9 Foto: ENTWICKLUNGSSTADT<\/p>\n<p>Segelflieger-Quartier: 546 degewo-Wohnungen<\/p>\n<p>degewo plant im Segelflieger-Quartier in Johannisthal 546 Mietwohnungen, davon 440 \u00f6ffentlich gef\u00f6rdert.<\/p>\n<p><strong>\u00a0<\/strong><\/p>\n<p>Quellen: degewo AG, Senatsverwaltung f\u00fcr Stadtentwicklung, Bauen und Wohnen, Bezirksamt Treptow-K\u00f6penick, WISTA.Plan GmbH, BAUWERT AG<\/p>\n","protected":false},"excerpt":{"rendered":"Baustart in Treptow-K\u00f6penick: Auf dem ehemaligen Industrie- und Flugplatzgel\u00e4nde in Johannisthal entsteht in den kommenden Jahren ein neuer&hellip;\n","protected":false},"author":2,"featured_media":1261757,"comment_status":"","ping_status":"","sticky":false,"template":"","format":"standard","meta":{"footnotes":"","_share_on_mastodon":"0"},"categories":[1825],"tags":[31723,296,43266,29,30,31731,9353,5917,4321,2192],"class_list":["post-1261756","post","type-post","status-publish","format-standard","has-post-thumbnail","category-berlin","tag-bauprojekte-koepenick","tag-berlin","tag-degewo","tag-deutschland","tag-germany","tag-koepenick","tag-mietwohnungen","tag-treptow-koepenick","tag-wohnprojekte-berlin","tag-wohnungsbau"],"share_on_mastodon":{"url":"","error":""},"_links":{"self":[{"href":"https:\/\/www.europesays.com\/de\/wp-json\/wp\/v2\/posts\/1261756","targetHints":{"allow":["GET"]}}],"collection":[{"href":"https:\/\/www.europesays.com\/de\/wp-json\/wp\/v2\/posts"}],"about":[{"href":"https:\/\/www.europesays.com\/de\/wp-json\/wp\/v2\/types\/post"}],"author":[{"embeddable":true,"href":"https:\/\/www.europesays.com\/de\/wp-json\/wp\/v2\/users\/2"}],"replies":[{"embeddable":true,"href":"https:\/\/www.europesays.com\/de\/wp-json\/wp\/v2\/comments?post=1261756"}],"version-history":[{"count":0,"href":"https:\/\/www.europesays.com\/de\/wp-json\/wp\/v2\/posts\/1261756\/revisions"}],"wp:featuredmedia":[{"embeddable":true,"href":"https:\/\/www.europesays.com\/de\/wp-json\/wp\/v2\/media\/1261757"}],"wp:attachment":[{"href":"https:\/\/www.europesays.com\/de\/wp-json\/wp\/v2\/media?parent=1261756"}],"wp:term":[{"taxonomy":"category","embeddable":true,"href":"https:\/\/www.europesays.com\/de\/wp-json\/wp\/v2\/categories?post=1261756"},{"taxonomy":"post_tag","embeddable":true,"href":"https:\/\/www.europesays.com\/de\/wp-json\/wp\/v2\/tags?post=1261756"}],"curies":[{"name":"wp","href":"https:\/\/api.w.org\/{rel}","templated":true}]}}