{"id":1261760,"date":"2026-08-26T12:39:26","date_gmt":"2026-08-26T12:39:26","guid":{"rendered":"https:\/\/www.europesays.com\/de\/1261760\/"},"modified":"2026-08-26T12:39:26","modified_gmt":"2026-08-26T12:39:26","slug":"berlin-jubel-freu-micky-maus-heft-feiert-75-jahre-2","status":"publish","type":"post","link":"https:\/\/www.europesays.com\/de\/1261760\/","title":{"rendered":"Berlin | Jubel! Freu! \u00abMicky-Maus\u00bb-Heft feiert 75 Jahre"},"content":{"rendered":"<p>Erstes Heft am 29. August 1951<\/p>\n<p>Berlin (dpa) &#8211; Donald \u00e4chzt, Dagobert z\u00e4hlt seine Taler und Tick, Trick und Track treiben Unfug: Seit Generationen sind die Bewohner von Entenhausen vielen Lesern vertraut. Nun wird das \u00abMicky Maus Magazin\u00bb 75 Jahre alt. Am 29. August j\u00e4hrt sich das Erscheinen der ersten deutschen Ausgabe. Der Verlag Egmont Ehapa Media feiert das mit einer Sonderausgabe und einem Pop-up-Store in der Shopping-Mall Bikini Berlin, der heute bereits er\u00f6ffnet wurde.<\/p>\n<p>\u00abHeute ist Donald unser absoluter Superstar\u00bb<\/p>\n<p>Auch nach 75 Jahren werden die Abenteuer von Micky, Donald, Dagobert und den anderen Bewohnern Entenhausens noch immer gelesen. Fr\u00fcher habe man ein bisschen mehr Micky Maus im Magazin gehabt, sagt Magazin-Verleger J\u00f6rg Risken. \u00abHeute ist Donald unser absoluter Superstar.\u00bb<\/p>\n<p>Doch wie schafft es das Magazin, relevant zu bleiben? Zum einen sei das den spannend geschriebenen Geschichten und der Bekanntheit der Charaktere zu verdanken, die immer wieder neue Abenteuer erlebten, erkl\u00e4rt Risken. \u00abAu\u00dferdem gelingt es uns, denke ich, ganz gut, dass wir heutzutage auch immer noch aktuelle Ereignisse mit in die Geschichten integrieren.\u00bb\u00a0<\/p>\n<p>Vor einigen Jahren habe man begonnen, mit dem Magazin Regionen in Deutschland zu besuchen und einzubinden. Und: \u00abWir dukifizieren Stars aus dem \u00f6ffentlichen Leben, und dadurch bleiben wir einfach auch immer noch relevant f\u00fcr die Generation von heute.\u00bb<\/p>\n<p>Alles begann in den 50er Jahren<\/p>\n<p>Als am 29. August 1951 in Deutschland die erste \u00abMicky Maus\u00bb erschien, hatten Comics hierzulande noch einen schweren Stand. Die bunten Bildergeschichten mit den Sprechblasen wurden als \u00abanspruchslose Hefte f\u00fcr Analphabeten\u00bb geschm\u00e4ht, die zu \u00abVerbl\u00f6dung\u00bb, einer \u00abv\u00f6lligen Verflachung des Verstandes\u00bb und \u00abGef\u00fchlsverrohung\u00bb f\u00fchren w\u00fcrden. Sogar gerichtlich sollte \u00abMicky Maus\u00bb verboten werden.<\/p>\n<p>Geblieben ist davon wenig &#8211; au\u00dfer vielleicht dem gelegentlichen \u00ab\u00c4chz\u00bb, \u00abGrummel\u00bb oder \u00abBibber\u00bb. Solche auf den Wortstamm verk\u00fcrzten Verben, dem sogenannten \u00abErikativ\u00bb, gehen auf die erste \u00abMicky Maus\u00bb-Chefredakteurin Erika Fuchs zur\u00fcck.\u00a0<\/p>\n<p>\u00dcber ihre Sprachsch\u00f6pfungen, \u00dcbersetzungen und Literaturanspielungen (\u00abDem Ingeni\u00f6r ist nichts zu schw\u00f6r\u00bb) wurden wissenschaftliche Abhandlungen geschrieben und der \u00abErikativ\u00bb fand Eingang in die Alltagssprache.\u00a0<\/p>\n<p>In der Geburtstagsausgabe geht es gewohnt turbulent zu. So schreiben Tick, Trick und Track ihren eigenen Comic: \u00abEs fliegen Roboter auf einem Mammut durch Entenhausen, Hai-Piraten attackieren Dagobert und seinen Geldspeicher und wildgewordene Dinosaurier trampeln Daisy Ducks Rasen platt\u00bb, wie der Verlag mitteilt.<\/p>\n","protected":false},"excerpt":{"rendered":"Erstes Heft am 29. August 1951 Berlin (dpa) &#8211; Donald \u00e4chzt, Dagobert z\u00e4hlt seine Taler und Tick, Trick&hellip;\n","protected":false},"author":2,"featured_media":1261761,"comment_status":"","ping_status":"","sticky":false,"template":"","format":"standard","meta":{"footnotes":"","_share_on_mastodon":"0"},"categories":[1825],"tags":[296,2395,29,30,2989,93,62,7490],"class_list":["post-1261760","post","type-post","status-publish","format-standard","has-post-thumbnail","category-berlin","tag-berlin","tag-comics","tag-deutschland","tag-germany","tag-geschichte","tag-literatur","tag-medien","tag-vermischtes"],"share_on_mastodon":{"url":"","error":""},"_links":{"self":[{"href":"https:\/\/www.europesays.com\/de\/wp-json\/wp\/v2\/posts\/1261760","targetHints":{"allow":["GET"]}}],"collection":[{"href":"https:\/\/www.europesays.com\/de\/wp-json\/wp\/v2\/posts"}],"about":[{"href":"https:\/\/www.europesays.com\/de\/wp-json\/wp\/v2\/types\/post"}],"author":[{"embeddable":true,"href":"https:\/\/www.europesays.com\/de\/wp-json\/wp\/v2\/users\/2"}],"replies":[{"embeddable":true,"href":"https:\/\/www.europesays.com\/de\/wp-json\/wp\/v2\/comments?post=1261760"}],"version-history":[{"count":0,"href":"https:\/\/www.europesays.com\/de\/wp-json\/wp\/v2\/posts\/1261760\/revisions"}],"wp:featuredmedia":[{"embeddable":true,"href":"https:\/\/www.europesays.com\/de\/wp-json\/wp\/v2\/media\/1261761"}],"wp:attachment":[{"href":"https:\/\/www.europesays.com\/de\/wp-json\/wp\/v2\/media?parent=1261760"}],"wp:term":[{"taxonomy":"category","embeddable":true,"href":"https:\/\/www.europesays.com\/de\/wp-json\/wp\/v2\/categories?post=1261760"},{"taxonomy":"post_tag","embeddable":true,"href":"https:\/\/www.europesays.com\/de\/wp-json\/wp\/v2\/tags?post=1261760"}],"curies":[{"name":"wp","href":"https:\/\/api.w.org\/{rel}","templated":true}]}}