{"id":1261777,"date":"2026-08-26T12:49:19","date_gmt":"2026-08-26T12:49:19","guid":{"rendered":"https:\/\/www.europesays.com\/de\/1261777\/"},"modified":"2026-08-26T12:49:19","modified_gmt":"2026-08-26T12:49:19","slug":"die-verraeter-sie-gewinnen-die-tv-show-unterhaltung","status":"publish","type":"post","link":"https:\/\/www.europesays.com\/de\/1261777\/","title":{"rendered":"\u201eDie Verr\u00e4ter\u201c: Sie gewinnen die TV-Show! | Unterhaltung"},"content":{"rendered":"<p><a class=\"skip-content skip-content--link\" href=\"#in-content-skip-link-target-v-0-0\">TTS-Player \u00fcberspringen\u21b5<\/a><a id=\"in-content-skip-link-target-v-0-0\" class=\"skip-content--target-link-hidden skip-content skip-content--target-link\" href=\"#in-content-skip-link-target-v-0-0\">Artikel weiterlesen<\/a><\/p>\n<p data-32581ace=\"0-2348\">Jemeppe-sur-Sambre (Belgien) \u2013 <b>Zum letzten Mal wurde bei der Intrigen-Show \u201eDie Verr\u00e4ter\u201c gelogen und manipuliert. Im Finale, das ab sofort auf RTL+ abrufbar ist, sa\u00dfen sich am runden Tisch zwei B\u00f6sewichte und drei Loyale gegen\u00fcber. <\/b><\/p>\n<p data-32581ace=\"0-2348\">+++ ACHTUNG, SPOILER! Wenn Sie noch nicht wissen m\u00f6chten, was im Finale von \u201eDie Verr\u00e4ter\u201c passiert, jetzt nicht weiterlesen. +++<\/p>\n<p data-32581ace=\"0-2348\">Vor dem Showdown wurde <a href=\"https:\/\/www.bild.de\/unterhaltung\/stars-und-leute\/schiedsrichter-legende-urs-meier-darum-mache-ich-jetzt-reality-tv-6a849bb8e6cb5d22726515dd\" class=\"text-link\" rel=\"nofollow noopener\" target=\"_blank\">Urs Meier (67)<\/a> von den Verr\u00e4tern Marijke Amado (72) und Ralph Morgenstern (69) \u201eermordet\u201c. Der Ex-Schiri nahm sein Aus sportlich: \u201eIch habe die rote Karte bekommen.\u201c Den Verr\u00e4tern beschert das letzte Match den Zugang zur Waffenkammer, wo Morgenstern den Dolch findet. Hei\u00dft: Beim n\u00e4chsten Exit-Voting z\u00e4hlt seine Stimme doppelt.<\/p>\n<p data-32581ace=\"0-2348\">Ex-GNTM-Agent Peyman Amin (55) meint derweil ganz genau zu wissen, dass Amado eine Verr\u00e4terin ist. Er beschw\u00f6rt TV-Zwilling Nina Meise (42) und <a href=\"https:\/\/www.bild.de\/unterhaltung\/stars-und-leute\/ann-kathrin-bendixen-im-steckbrief-das-ist-ihr-naechster-karriere-schritt-65a65f983780824eb59979bb\" class=\"text-link\" rel=\"nofollow noopener\" target=\"_blank\">YouTuberin Ann-Kathrin Bendixen<\/a> (26): \u201eWir m\u00fcssen unbedingt alle auf Marijke gehen.\u201c Die Abstimmung am runden Tisch wird zum Krimi. Tats\u00e4chlich landen drei Stimmen bei Amado. Daf\u00fcr geht ihre und Morgensterns doppelte Stimme an Nina. So steht es drei zu drei.<\/p>\n<p><img decoding=\"async\" width=\"992\" height=\"558\" alt=\"Peyman Amin ist sich sicher, wer ein Verr\u00e4ter ist\" loading=\"lazy\" src=\"https:\/\/www.europesays.com\/de\/wp-content\/uploads\/2026\/08\/85b0d338e41a40d419179d766c256c05,f6190a45.jpeg\"   class=\"landscape\"\/><\/p>\n<p class=\"fig__caption__text\">Peyman Amin ist sich sicher, wer ein Verr\u00e4ter ist: Marijke<\/p>\n<p>Foto: RTL<\/p>\n<p data-32581ace=\"0-2348\">Als auch das zweite Voting unentschieden f\u00fcr die beiden Damen endet, muss <a href=\"https:\/\/www.bild.de\/themen\/personen\/sonja-zietlow\/nachrichten-news-fotos-videos-tv-shows-15787116.bild.html\" class=\"text-link\" rel=\"nofollow noopener\" target=\"_blank\">Moderatorin Sonja Zietlow (58)<\/a> eingreifen. Sie k\u00fcndigt an: \u201eSolltet ihr euch nicht einigen k\u00f6nnen, wird nochmal abgestimmt. Dann aber nicht f\u00fcr Marijke und nicht f\u00fcr Nina.\u201c Morgenstern, der sich jetzt selbst gef\u00e4hrdet sieht, bleibt nichts anderes \u00fcbrig, als gegen seine Verr\u00e4ter-Kollegin Amado zu stimmen. Sie ist damit raus, gesteht: \u201eIch bin eine Loyale \u2026 im Leben. Aber hier wurde mir die Rolle zugeteilt, dass ich leider die Verr\u00e4terin spielen musste.\u201c<\/p>\n<p>Mehr zum ThemaLoyale kicken Loyale raus<\/p>\n<p data-32581ace=\"0-2348\">Ralph Morgenstern trifft es als N\u00e4chsten. Auch er fliegt raus! Doch eine Loyale freut sich zu fr\u00fch: W\u00e4hrend Nina Meise das Spiel beenden und den Jackpot mit den beiden anderen Loyalen teilen will, entscheiden die: Es wird noch einmal ausgesiebt. Denn Ann-Kathrin und Peyman sind sich nicht sicher, ob Nina wirklich loyal ist.<\/p>\n<p><img decoding=\"async\" width=\"992\" height=\"558\" alt=\"Die Gewinner der Staffel sind die Loyalen Ann-Kathrin Bendixen und Peyman Amin\" loading=\"lazy\" src=\"https:\/\/www.europesays.com\/de\/wp-content\/uploads\/2026\/08\/f31f62e6b46ce40db4ab571a2493347c,3f9be71f.jpeg\"   class=\"landscape\"\/><\/p>\n<p class=\"fig__caption__text\">Die Gewinner der Staffel sind die Loyalen Ann-Kathrin Bendixen (l.) und Peyman Amin<\/p>\n<p>Foto: RTL<\/p>\n<p data-32581ace=\"0-2348\">Beide stimmen in der letzten Runde gegen Nina und kicken sie so auf den letzten Metern raus. Meise geschockt: \u201eIch bin menschlich entt\u00e4uscht.\u201c Als Gewinner k\u00f6nnen sich Peyman und Ann-Kathrin den in der Show erspielten Jackpot von 40.600 Euro teilen. Eine Sensation. Denn, so Sonja Zietlow: \u201eZum ersten Mal ein Sieg f\u00fcr die Loyalen.\u201c<\/p>\n","protected":false},"excerpt":{"rendered":"TTS-Player \u00fcberspringen\u21b5Artikel weiterlesen Jemeppe-sur-Sambre (Belgien) \u2013 Zum letzten Mal wurde bei der Intrigen-Show \u201eDie Verr\u00e4ter\u201c gelogen und manipuliert.&hellip;\n","protected":false},"author":2,"featured_media":1261778,"comment_status":"","ping_status":"","sticky":false,"template":"","format":"standard","meta":{"footnotes":"","_share_on_mastodon":"0"},"categories":[155],"tags":[29,30760,214,30,12015,640,138370,215,35497],"class_list":["post-1261777","post","type-post","status-publish","format-standard","has-post-thumbnail","category-unterhaltung","tag-deutschland","tag-die-verraeter","tag-entertainment","tag-germany","tag-reality-show","tag-rtl","tag-team-first","tag-unterhaltung","tag-zietlow-sonja"],"share_on_mastodon":{"url":"https:\/\/pubeurope.com\/@de\/117161899429185301","error":""},"_links":{"self":[{"href":"https:\/\/www.europesays.com\/de\/wp-json\/wp\/v2\/posts\/1261777","targetHints":{"allow":["GET"]}}],"collection":[{"href":"https:\/\/www.europesays.com\/de\/wp-json\/wp\/v2\/posts"}],"about":[{"href":"https:\/\/www.europesays.com\/de\/wp-json\/wp\/v2\/types\/post"}],"author":[{"embeddable":true,"href":"https:\/\/www.europesays.com\/de\/wp-json\/wp\/v2\/users\/2"}],"replies":[{"embeddable":true,"href":"https:\/\/www.europesays.com\/de\/wp-json\/wp\/v2\/comments?post=1261777"}],"version-history":[{"count":0,"href":"https:\/\/www.europesays.com\/de\/wp-json\/wp\/v2\/posts\/1261777\/revisions"}],"wp:featuredmedia":[{"embeddable":true,"href":"https:\/\/www.europesays.com\/de\/wp-json\/wp\/v2\/media\/1261778"}],"wp:attachment":[{"href":"https:\/\/www.europesays.com\/de\/wp-json\/wp\/v2\/media?parent=1261777"}],"wp:term":[{"taxonomy":"category","embeddable":true,"href":"https:\/\/www.europesays.com\/de\/wp-json\/wp\/v2\/categories?post=1261777"},{"taxonomy":"post_tag","embeddable":true,"href":"https:\/\/www.europesays.com\/de\/wp-json\/wp\/v2\/tags?post=1261777"}],"curies":[{"name":"wp","href":"https:\/\/api.w.org\/{rel}","templated":true}]}}