{"id":1261786,"date":"2026-08-26T12:55:17","date_gmt":"2026-08-26T12:55:17","guid":{"rendered":"https:\/\/www.europesays.com\/de\/1261786\/"},"modified":"2026-08-26T12:55:17","modified_gmt":"2026-08-26T12:55:17","slug":"kabinettsklausur-friedrich-merz-haelt-an-abschaffung-von-rente-mit-63-fest","status":"publish","type":"post","link":"https:\/\/www.europesays.com\/de\/1261786\/","title":{"rendered":"Kabinettsklausur: Friedrich Merz h\u00e4lt an Abschaffung von Rente mit 63 fest"},"content":{"rendered":"<p class=\"paragraph article__item\">Die Bundesregierung will nach Angaben von Bundeskanzler <a class=\"rtr-entity\" href=\"https:\/\/www.zeit.de\/thema\/friedrich-merz\" rel=\"nofollow noopener\" target=\"_blank\">Friedrich Merz<\/a> (CDU) an der umstrittenen Abschaffung der sogenannten Rente mit 63 festhalten. \u00bbWir sind uns einig, dass wir alle Anreize zur Fr\u00fchverrentung beenden m\u00fcssen\u00ab, sagte Merz auf einer Pressekonferenz mit Vizekanzler Lars Klingbeil<br \/>\n(SPD) und Bundesinnenminister Alexander Dobrindt (CSU) nach der Koalitionsklausur auf Schloss Neuhardenberg. \u00bbUnd dabei muss es auch bleiben, das ist ein Kernst\u00fcck der Reform.\u00ab\n<\/p>\n<p class=\"paragraph article__item\">Der Streit darum sei kein Ost-West-Thema, sagte Merz weiter. Es gebe <a href=\"https:\/\/www.zeit.de\/2026\/34\/rente-mit-63-abschaffung-rentenreform-ostdeutschland-kosten\" target=\"_blank\" rel=\"nofollow noopener\">auch im Westen eine Zahl an Versicherten, die au\u00dfer der gesetzlichen Rentenversicherung keine Altersvorsorge h\u00e4tten<\/a>. H\u00e4rtef\u00e4lle m\u00fcssten extra behandelt werden, doch: \u00bbDer Trend zur Fr\u00fchverrentung muss gestoppt werden. Dar\u00fcber sind wir uns in der Koalition einig.\u00ab Er gehe davon aus, dass <a href=\"https:\/\/www.zeit.de\/politik\/deutschland\/2026-07\/cdu-ministerpraesidenten-osten-mario-voigt-reiner-haseloff-michael-kretschmer-sozialpolitik-rente-pflege\" target=\"_blank\" rel=\"nofollow noopener\">er auch die Ministerpr\u00e4sidenten der Bundesl\u00e4nder im Osten Deutschlands davon \u00fcberzeugt bekomme<\/a>. Denn diese Reform sei gerade auch im Interesse des Ostens, da dort die Zahl der Arbeitskr\u00e4fte geringer sei als im Westen.\n<\/p>\n<p class=\"paragraph article__item\">Die <a href=\"https:\/\/www.zeit.de\/politik\/deutschland\/2026-06\/rentenreform-rentenkommission-vorschlaege-auswirkungen-beitraege-jahrgang\" target=\"_blank\" rel=\"nofollow noopener\">Koalition habe die Vorschl\u00e4ge der Rentenreformkommission bereits im Juli erhalten und positiv beantwortet<\/a>, sagte Merz. Die Regierung wolle weiterhin die Gesamtheit der Vorschl\u00e4ge in ein Gesetzgebungsverfahren geben, welches aktuell liefe. Zust\u00e4ndig sei die Bundesarbeitsministerin B\u00e4rbel Bas (<a class=\"rtr-entity\" href=\"https:\/\/www.zeit.de\/thema\/spd\" rel=\"nofollow noopener\" target=\"_blank\">SPD<\/a>).\n<\/p>\n<p>            Aufruf zu Optimismus und Innovation            <\/p>\n<p class=\"paragraph article__item\">Zudem forderte Merz Deutschland angesichts der anstehenden Reformen und einer sich erholenden Wirtschaft zu Optimismus auf. \u00bbWir<br \/>\nm\u00fcssen gemeinsam diesen weitverbreiteten Missmut absch\u00fctteln, der unser Land<br \/>\nseit langer Zeit l\u00e4hmt\u00ab, sagte er. \u00bbWir haben Deutschland von morgen diskutiert, und dieses Deutschland von morgen ist optimistisch und zuversichtlich. Wir m\u00fcssen raus aus diesem Klima der Verdrie\u00dflichkeit und des Verdrusses.\u00ab\n<\/p>\n<p>\n                                        Newsletter<br \/>\n                                        Was jetzt, im Osten?<\/p>\n<p class=\"newsletter-signup__text\">Anl\u00e4sslich der bevorstehenden Landtagswahlen erhalten Sie ab dem 15. Juli w\u00f6chentlich Nachrichten und Stimmungsbilder zum Wahlkampf sowie zum Alltagsleben und zur Kultur im Osten der Republik.<\/p>\n<p class=\"newsletter-signup__datapolicy\" hidden=\"\">\n            Mit Ihrer Registrierung nehmen Sie die <a href=\"https:\/\/datenschutz.zeit.de\/zon#Newsletter\" target=\"_blank\" rel=\"nofollow noopener\">Datenschutzerkl\u00e4rung<\/a> zur Kenntnis.\n        <\/p>\n<p>    Vielen Dank! Wir haben Ihnen eine E-Mail geschickt.<\/p>\n<p>Pr\u00fcfen Sie Ihr Postfach und best\u00e4tigen Sie das Newsletter-Abonnement.<\/p>\n<p class=\"paragraph article__item\">Zentrale Themen f\u00fcr den Herbst seien f\u00fcr die <a class=\"rtr-entity\" href=\"https:\/\/www.zeit.de\/thema\/bundesregierung\" rel=\"nofollow noopener\" target=\"_blank\">Bundesregierung<\/a> Innovation und k\u00fcnstliche Intelligenz f\u00fcr ein st\u00e4rkeres Wirtschaftswachstum. \u00bbWir sind und<br \/>\nbleiben das Land der Erfinder und Macher\u00ab, sagte Merz und verwies auf die bereits eintretende Erholung der Wirtschaft: \u00bbWir haben <a href=\"https:\/\/www.zeit.de\/wirtschaft\/2026-08\/deutsche-wirtschaft-im-zweiten-quartal-staerker-gewachsen-als-erwartet-gxe\" target=\"_blank\" rel=\"nofollow noopener\">drei<br \/>\nJahre der Rezession hinter uns, und nun wachsen wir wieder<\/a>.\u00ab\n<\/p>\n<p class=\"paragraph article__item\">\u00bbNeues<br \/>\nwirtschaftliches Wachstum und gute, sichere Arbeitspl\u00e4tze, um diese beiden<br \/>\nEckpfeiler geht es, wenn wir in Deutschland den Aufbruch in ein Deutschland der<br \/>\nZukunft schaffen wollen\u00ab, sagte auch Vizekanzler <a class=\"rtr-entity\" href=\"https:\/\/www.zeit.de\/thema\/lars-klingbeil\" rel=\"nofollow noopener\" target=\"_blank\">Lars Klingbeil<\/a> (SPD). Er <a href=\"https:\/\/www.zeit.de\/politik\/deutschland\/2026-08\/einkommensteuerreform-spd-finanzministerium-vereine-spitzensteuersatz\" target=\"_blank\" rel=\"nofollow noopener\">k\u00fcndigte einen baldigen Entwurf f\u00fcr die Reform der Einkommensteuer an<\/a>. Wachstum und<br \/>\nWohlstand br\u00e4uchten heutzutage zudem Widerstandsf\u00e4higkeit, sagte Bundesinnenminister Alexander Dobrindt (CSU). Er verwies auf die Wichtigkeit <a href=\"https:\/\/www.zeit.de\/politik\/deutschland\/2026-08\/geheimdienstreform-bnd-bfv-alexander-dobrindt-gxe\" target=\"_blank\" rel=\"nofollow noopener\">der beschlossenen Reform der Nachrichtendienste<\/a>.\n<\/p>\n<p>                                    Keine Beschl\u00fcsse zu Klima- und Hitzeschutz            <\/p>\n<p class=\"paragraph article__item\">Im Bereich des Klima- und Hitzeschutzes k\u00fcndigte Merz keine konkreten Ma\u00dfnahmen an. Er habe den Staatsminister im Bundeskanzleramt f\u00fcr die Bund-L\u00e4nder-Beziehung, Philipp Amthor (<a class=\"rtr-entity\" href=\"https:\/\/www.zeit.de\/thema\/cdu\" rel=\"nofollow noopener\" target=\"_blank\">CDU<\/a>), gebeten, mit den Bundesl\u00e4ndern und den betroffenen<br \/>\nRessorts konkrete Vorschl\u00e4ge dazu zu erarbeiten. Ziel sei es zudem, zu erfahren, wo die L\u00e4nder das Geld<br \/>\ninvestieren, das sie vom Bund zur Verf\u00fcgung gestellt bekommen haben. \u00bbWir werden au\u00dferdem <a href=\"https:\/\/www.zeit.de\/wissenschaft\/umwelt\/2026-08\/hitzesommer-deutschland-greenpeace-schaeden-klimakrise\" target=\"_blank\" rel=\"nofollow noopener\">aus dem Hitzesommer<br \/>\n2026<\/a> Lehren ziehen und konkrete Hilfen pr\u00fcfen m\u00fcssen\u00ab, sagte er. Das betreffe vor allem<br \/>\ndie Vorsorge f\u00fcr Waldbr\u00e4nde, die Ausstattung der Feuerwehren sowie die Gesundheitspr\u00e4vention, die Folgen f\u00fcr den<br \/>\nVerkehr und f\u00fcr die Land- und Forstwirtschaft. Konkret wurde er nicht.\n<\/p>\n<p class=\"paragraph article__item\">Klingbeil gab sein Bedauern \u00fcber die etwa 14.000 Hitzetoten preis. \u00bbDas ist nicht nur eine dramatische Zahl, das sind viele pers\u00f6nliche Schicksale\u00ab, sagte er. Er k\u00fcndigte<br \/>\n\u00bbmassive <a href=\"https:\/\/www.zeit.de\/politik\/deutschland\/2026-05\/sondervermoegen-milliarden-infrastruktur-bericht-regierung-ausbau\" target=\"_blank\" rel=\"nofollow noopener\">Investitionen in den Klimaschutz\u00ab an und betonte die 100 Milliarden Euro, die die Regierung in den Klima- und Transformationsfonds<br \/>\nstecke<\/a>, um auch die L\u00e4nder zu unterst\u00fctzen.\n<\/p>\n<p class=\"paragraph article__item\">Das Bundeskabinett <a href=\"https:\/\/www.zeit.de\/politik\/deutschland\/2026-08\/kabinettsklausur-schloss-neuhardenberg-friedrich-merz-wirtschaft-roland-busch\" target=\"_blank\" rel=\"nofollow noopener\">hatte sich nach der Sommerpause zu einer zweit\u00e4gigen Klausursitzung auf Schloss Neuhardenberg in Brandenburg getroffen<\/a>. Dort sollten neben Wirtschafts- und Reformthemen auch <a href=\"https:\/\/www.zeit.de\/politik\/deutschland\/2026-08\/hitzewelle-deutschland-friedrich-merz-tote-cdu\" target=\"_blank\" rel=\"nofollow noopener\">die Herausforderungen des Klimawandels besprochen werden<\/a>. Gegenstand der <a href=\"https:\/\/www.zeit.de\/politik\/deutschland\/2026-08\/friedrich-merz-ruecktritt-geruechte-thorsten-frei-cdu-gxe\" target=\"_blank\" rel=\"nofollow noopener\">Debatte d\u00fcrfte etwa der SPD-Vorsto\u00df zu einer Grundgesetz\u00e4nderung in der Klimapolitik<\/a> gewesen sein. Zum Thema der <a href=\"https:\/\/www.zeit.de\/politik\/deutschland\/2026-05\/joerg-dittrich-handwerk-praesident-reformen-bundesregierung\" target=\"_blank\" rel=\"nofollow noopener\">Wettbewerbsf\u00e4higkeit der deutschen Wirtschaft war auch Handwerkspr\u00e4sident J\u00f6rg Dittrich<\/a> eingeladen. Die <a href=\"https:\/\/www.zeit.de\/politik\/deutschland\/2026-08\/klausur-bundesregierung-klimapolitik-gruene-linke-opposition-gxe\" target=\"_blank\" rel=\"nofollow noopener\">Opposition kritisierte deshalb Einseitigkeit und forderte einen generellen Kurswechsel der Bundesregierung beim Klima<\/a>. Mit der Klausurtagung <a href=\"https:\/\/www.zeit.de\/politik\/deutschland\/2026-08\/nina-warken-kanzleramtschefin-cdu-klausurtagung-afd-gxe\" target=\"_blank\" rel=\"nofollow noopener\">startet die Bundesregierung in eine neue Arbeitsphase<\/a>.<\/p>\n","protected":false},"excerpt":{"rendered":"Die Bundesregierung will nach Angaben von Bundeskanzler Friedrich Merz (CDU) an der umstrittenen Abschaffung der sogenannten Rente mit&hellip;\n","protected":false},"author":2,"featured_media":1261787,"comment_status":"","ping_status":"","sticky":false,"template":"","format":"standard","meta":{"footnotes":"","_share_on_mastodon":"0"},"categories":[5],"tags":[20,6892,1173,31,775,13,118491,776,14,15,16,379,12,184,10,8,9,11],"class_list":["post-1261786","post","type-post","status-publish","format-standard","has-post-thumbnail","category-nachrichten","tag-alexander-dobrindt","tag-altersvorsorge","tag-bundesregierung","tag-cdu","tag-friedrich-merz","tag-headlines","tag-kabinettsklausur","tag-lars-klingbeil","tag-nachrichten","tag-news","tag-politik","tag-rente","tag-schlagzeilen","tag-spd","tag-top-news","tag-top-meldungen","tag-topmeldungen","tag-topnews"],"share_on_mastodon":{"url":"","error":""},"_links":{"self":[{"href":"https:\/\/www.europesays.com\/de\/wp-json\/wp\/v2\/posts\/1261786","targetHints":{"allow":["GET"]}}],"collection":[{"href":"https:\/\/www.europesays.com\/de\/wp-json\/wp\/v2\/posts"}],"about":[{"href":"https:\/\/www.europesays.com\/de\/wp-json\/wp\/v2\/types\/post"}],"author":[{"embeddable":true,"href":"https:\/\/www.europesays.com\/de\/wp-json\/wp\/v2\/users\/2"}],"replies":[{"embeddable":true,"href":"https:\/\/www.europesays.com\/de\/wp-json\/wp\/v2\/comments?post=1261786"}],"version-history":[{"count":0,"href":"https:\/\/www.europesays.com\/de\/wp-json\/wp\/v2\/posts\/1261786\/revisions"}],"wp:featuredmedia":[{"embeddable":true,"href":"https:\/\/www.europesays.com\/de\/wp-json\/wp\/v2\/media\/1261787"}],"wp:attachment":[{"href":"https:\/\/www.europesays.com\/de\/wp-json\/wp\/v2\/media?parent=1261786"}],"wp:term":[{"taxonomy":"category","embeddable":true,"href":"https:\/\/www.europesays.com\/de\/wp-json\/wp\/v2\/categories?post=1261786"},{"taxonomy":"post_tag","embeddable":true,"href":"https:\/\/www.europesays.com\/de\/wp-json\/wp\/v2\/tags?post=1261786"}],"curies":[{"name":"wp","href":"https:\/\/api.w.org\/{rel}","templated":true}]}}