{"id":1261792,"date":"2026-08-26T12:59:14","date_gmt":"2026-08-26T12:59:14","guid":{"rendered":"https:\/\/www.europesays.com\/de\/1261792\/"},"modified":"2026-08-26T12:59:14","modified_gmt":"2026-08-26T12:59:14","slug":"pol-ki-260826-3-kiel-kreis-ploen-ermittlungserfolg-drogenfunde-bei-mehreren","status":"publish","type":"post","link":"https:\/\/www.europesays.com\/de\/1261792\/","title":{"rendered":"POL-KI: 260826.3 Kiel \/ Kreis Pl\u00f6n: Ermittlungserfolg &#8211; Drogenfunde bei mehreren &#8230;"},"content":{"rendered":"<p class=\"date\">26.08.2026 \u2013 14:50<\/p>\n<p class=\"customer\">\n                        <a class=\"story-customer\" title=\"weiter zum newsroom von Polizeidirektion Kiel\" href=\"https:\/\/www.presseportal.de\/blaulicht\/nr\/14626\" rel=\"nofollow noopener\" target=\"_blank\">Polizeidirektion Kiel<\/a>\n                    <\/p>\n<p><a data-category=\"citylink-story-view\" data-action=\"click\" data-label=\"Citylink in Meldungsansicht\" class=\"story-city event-trigger\" href=\"https:\/\/www.presseportal.de\/regional\/Kiel%20%252F%20Kreis%20Pl%F6n\" title=\"News aus Kiel \/ Kreis Pl\u00f6n \" rel=\"nofollow noopener\" target=\"_blank\">Kiel \/ Kreis Pl\u00f6n<\/a> (ots)<\/p>\n<p>Gemeinsame Pressemitteilung der Staatsanwaltschaft Kiel und der Polizeidirektion Kiel<\/p>\n<p>Gestern durchsuchten Einsatzkr\u00e4fte mehrere Objekte in Kiel sowie in Schwentinental und stellten dabei Cannabis sicher. Vorausgegangen waren intensive Ermittlungen wegen des Verdachts des unerlaubten Handels mit Cannabis.<\/p>\n<p>Am gestrigen Dienstag durchsuchten Ermittlerinnen und Ermittler des Kommissariats 17 (K 17) der Bezirkskriminalinspektion Kiel in den Stadtteilen Elmschenhagen-S\u00fcd und Wellingdorf sowie in der Stadt Schwentinental mehrere Wohnungen und eine Garage. Die Einsatzkr\u00e4fte vollstreckten damit Beschl\u00fcsse des Amtsgerichts Kiel, die auf Antrag der Staatsanwaltschaft Kiel erlassen worden waren. Im Rahmen der Durchsuchung stellten die Beamtinnen und Beamten in einer Wohnung rund ein Kilogramm Haschisch und eine \u00e4hnliche Menge Marihuana sicher.<\/p>\n<p>Auf Grund der vorausgegangenen intensiven Ermittlungen des K 17 in Zusammenarbeit mit der Staatsanwaltschaft Kiel und dem Einsatz spezialisierter Polizeikr\u00e4fte besteht gegen die drei deutschen Beschuldigten im Alter von 19, 21 und 35 Jahren der Verdacht des unerlaubten Handels mit Cannabis in nicht geringer Menge. Nach derzeitigem Stand der Ermittlungen sollen die M\u00e4nner Haschisch und Marihuana an diverse Abnehmer verkauft haben.<\/p>\n<p>Festnahmen hat es im Zusammenhang mit den gestrigen Durchsuchungen nicht gegeben.<br \/>\nDie Beschuldigten werden sich in einem Verfahren wegen des Verdachts des Handels mit Cannabis verantworten m\u00fcssen.<br \/>\nDas K 17 f\u00fchrt die weiteren Ermittlungen gemeinsam mit der Staatsanwaltschaft Kiel.<\/p>\n<p>Michael Bimler, Staatsanwaltschaft Kiel<\/p>\n<p>Mathias St\u00f6wer, Polizeidirektion Kiel<\/p>\n<p class=\"contact-headline\">R\u00fcckfragen bitte an:<\/p>\n<p class=\"contact-text\">Polizeidirektion Kiel<\/p>\n<p>Pressestelle<br \/>Gartenstra\u00dfe 7<br \/>24103 Kiel<\/p>\n<p>Tel.   +49 (0) 431 160 2010<br \/>E-Mail <a href=\"https:\/\/www.presseportal.de\/blaulicht\/pm\/14626\/mailto:pressestelle.kiel.pd@polizei.landsh.de\" class=\"uri-mailto\" rel=\"nofollow noopener\" target=\"_blank\">pressestelle.kiel.pd@polizei.landsh.de<\/a><\/p>\n<p class=\"originator\">Original-Content von: Polizeidirektion Kiel, \u00fcbermittelt durch news aktuell<\/p>\n","protected":false},"excerpt":{"rendered":"26.08.2026 \u2013 14:50 Polizeidirektion Kiel Kiel \/ Kreis Pl\u00f6n (ots) Gemeinsame Pressemitteilung der Staatsanwaltschaft Kiel und der Polizeidirektion&hellip;\n","protected":false},"author":2,"featured_media":1184682,"comment_status":"","ping_status":"","sticky":false,"template":"","format":"standard","meta":{"footnotes":"","_share_on_mastodon":"0"},"categories":[1852],"tags":[3364,29,548,663,3934,30,13,4949,177,14,15,121,178,180,179,181,12,1971,17990],"class_list":["post-1261792","post","type-post","status-publish","format-standard","has-post-thumbnail","category-kiel","tag-de","tag-deutschland","tag-eu","tag-europa","tag-europe","tag-germany","tag-headlines","tag-kiel","tag-kriminalitt","tag-nachrichten","tag-news","tag-polizei","tag-presse","tag-pressemeldung","tag-pressemitteilung","tag-pressemitteilungen","tag-schlagzeilen","tag-schleswig-holstein","tag-sh"],"share_on_mastodon":{"url":"","error":""},"_links":{"self":[{"href":"https:\/\/www.europesays.com\/de\/wp-json\/wp\/v2\/posts\/1261792","targetHints":{"allow":["GET"]}}],"collection":[{"href":"https:\/\/www.europesays.com\/de\/wp-json\/wp\/v2\/posts"}],"about":[{"href":"https:\/\/www.europesays.com\/de\/wp-json\/wp\/v2\/types\/post"}],"author":[{"embeddable":true,"href":"https:\/\/www.europesays.com\/de\/wp-json\/wp\/v2\/users\/2"}],"replies":[{"embeddable":true,"href":"https:\/\/www.europesays.com\/de\/wp-json\/wp\/v2\/comments?post=1261792"}],"version-history":[{"count":0,"href":"https:\/\/www.europesays.com\/de\/wp-json\/wp\/v2\/posts\/1261792\/revisions"}],"wp:featuredmedia":[{"embeddable":true,"href":"https:\/\/www.europesays.com\/de\/wp-json\/wp\/v2\/media\/1184682"}],"wp:attachment":[{"href":"https:\/\/www.europesays.com\/de\/wp-json\/wp\/v2\/media?parent=1261792"}],"wp:term":[{"taxonomy":"category","embeddable":true,"href":"https:\/\/www.europesays.com\/de\/wp-json\/wp\/v2\/categories?post=1261792"},{"taxonomy":"post_tag","embeddable":true,"href":"https:\/\/www.europesays.com\/de\/wp-json\/wp\/v2\/tags?post=1261792"}],"curies":[{"name":"wp","href":"https:\/\/api.w.org\/{rel}","templated":true}]}}