{"id":1261839,"date":"2026-08-26T13:27:39","date_gmt":"2026-08-26T13:27:39","guid":{"rendered":"https:\/\/www.europesays.com\/de\/1261839\/"},"modified":"2026-08-26T13:27:39","modified_gmt":"2026-08-26T13:27:39","slug":"ferat-kocak-staatsanwaltschaft-ermittelt-gegen-linkenabgeordneten","status":"publish","type":"post","link":"https:\/\/www.europesays.com\/de\/1261839\/","title":{"rendered":"Ferat Ko\u00e7ak: Staatsanwaltschaft ermittelt gegen Linkenabgeordneten"},"content":{"rendered":"<p class=\"paragraph article__item\">Wegen einer falschen Zugangskarte f\u00fcr den <a class=\"rtr-entity\" href=\"https:\/\/www.zeit.de\/thema\/bundestag\" rel=\"nofollow noopener\" target=\"_blank\">Bundestag<\/a> ermittelt die Berliner Staatsanwaltschaft gegen den <a href=\"https:\/\/www.zeit.de\/thema\/die-linke\" target=\"_blank\" rel=\"nofollow noopener\">Linkenabgeordneten Ferat Ko\u00e7ak<\/a>. Das best\u00e4tigte das B\u00fcro des Politikers auf Anfrage der Nachrichtenagentur dpa. Zun\u00e4chst hatte die B.Z. berichtet.\n<\/p>\n<p class=\"paragraph article__item\">Ermittelt wird wegen des Anfangsverdachts der <a class=\"rtr-entity\" href=\"https:\/\/www.zeit.de\/thema\/urkundenfaelschung\" rel=\"nofollow noopener\" target=\"_blank\">Urkundenf\u00e4lschung<\/a> gegen einen 47 Jahre alten Bundestagsabgeordneten, wie die <a href=\"https:\/\/www.zeit.de\/news\/2026-04\/07\/staatsanwaltschafts-chefin-berlin-zieht-viele-juristen-an\" target=\"_blank\" rel=\"nofollow noopener\">Berliner Staatsanwaltschaft<\/a> mitteilte, ohne den Namen des Abgeordneten zu nennen. Weitere Ausk\u00fcnfte gab die Beh\u00f6rde nicht.\n<\/p>\n<p>                                    Symbolischer \u00bbBundestagsausweis\u00ab f\u00fcr Kioskbesitzer            <\/p>\n<p class=\"paragraph article__item\">Ko\u00e7ak habe unter dem Motto Rollentausch ein Social-Media-Video mit einem Kioskbesitzer gedreht, teilte sein Abgeordnetenb\u00fcro mit. Um diesen Rollentausch auch bildlich festzuhalten, habe der Kioskbesitzer Ko\u00e7ak ein Namensschild mit dem Logo seines Kiosks \u00fcberreicht. Im Gegenzug habe der Kioskbesitzer symbolisch eine vom B\u00fcro Ko\u00e7ak gebastelte Requisite mit der Aufschrift \u00bbBundestagsausweis\u00ab in gr\u00fcner Farbe erhalten, die ausdr\u00fccklich nicht dem offiziellen Bundestagsausweis \u00e4hnele, hie\u00df es.\n<\/p>\n<p class=\"paragraph article__item\">Diese sei beim Einlass in den <a href=\"https:\/\/www.zeit.de\/thema\/bundestag\" target=\"_blank\" rel=\"nofollow noopener\">Bundestag<\/a> gesehen worden. \u00bbAus diesem Umstand entstand offenbar der nun erhobene Vorwurf\u00ab, teilte das B\u00fcro mit. Der Kioskbesitzer sei f\u00fcr den Besuch des<br \/>\nBundestags ordnungsgem\u00e4\u00df angemeldet gewesen und habe den Bundestag<br \/>\nregul\u00e4r unter Vorlage seines amtlichen Ausweisdokuments betreten.\n<\/p>\n<p class=\"paragraph article__item\">Auf Ko\u00e7aks YouTube-Kanal ist das Video vom April abrufbar, das den Rollentausch mit einem Neuk\u00f6llner Kioskbesitzer zeigt.\n<\/p>\n<p>Die Linke<\/p>\n<p>            Mehr zum Thema        <\/p>\n<p>                <a href=\"https:\/\/www.zeit.de\/politik\/deutschland\/2025-02\/ferat-kocak-die-linke-berlin-neukoelln-direktmandat\" data-ct-label=\"Ferat Ko\u00e7ak: &quot;Gratulation Habibi, von Herzen!&quot;\" data-uuid=\"39f1ffea-f726-4ed6-9c9e-fd87c2b87515\" rel=\"nofollow noopener\" target=\"_blank\"><\/p>\n<p>        Z+ (abopflichtiger Inhalt);<\/p>\n<p>    Ferat Ko\u00e7ak:<br \/>\n                        &#8222;Gratulation Habibi, von Herzen!&#8220;<\/p>\n<p>                <\/a><\/p>\n<p>                <a href=\"https:\/\/www.zeit.de\/politik\/deutschland\/2025-04\/jan-van-aken-die-linke-nahostkrieg-ukraine-parteitag\" data-ct-label=\"Jan van Aken: &quot;Wir sind weder der Hinterhof der USA noch der Russlands&quot;\" data-uuid=\"eb8a281b-e0d7-4eef-bab6-64cc2b814d30\" rel=\"nofollow noopener\" target=\"_blank\"><\/p>\n<p>                        Jan van Aken:<br \/>\n                        &#8222;Wir sind weder der Hinterhof der USA noch der Russlands&#8220;<\/p>\n<p>                <\/a><\/p>\n<p>                <a href=\"https:\/\/www.zeit.de\/2026\/35\/landtagswahl-sachsen-anhalt-die-linke-denis-kreuzadler-afd-ulrich-siegmund\" data-ct-label=\"Landtagswahl in Sachsen-Anhalt: Alternative f\u00fcr Tangerm\u00fcnde\" data-uuid=\"034f3c50-9388-40bb-b6f1-a25f32631570\" rel=\"nofollow noopener\" target=\"_blank\"><\/p>\n<p>        Z+ (abopflichtiger Inhalt);<\/p>\n<p>    Landtagswahl in Sachsen-Anhalt:<br \/>\n                        Alternative f\u00fcr Tangerm\u00fcnde<\/p>\n<p>                <\/a><\/p>\n","protected":false},"excerpt":{"rendered":"Wegen einer falschen Zugangskarte f\u00fcr den Bundestag ermittelt die Berliner Staatsanwaltschaft gegen den Linkenabgeordneten Ferat Ko\u00e7ak. Das best\u00e4tigte&hellip;\n","protected":false},"author":2,"featured_media":1261840,"comment_status":"","ping_status":"","sticky":false,"template":"","format":"standard","meta":{"footnotes":"","_share_on_mastodon":"0"},"categories":[5],"tags":[331,332,3364,43,29,536,587,260847,30,13,14,15,16,12,144909],"class_list":["post-1261839","post","type-post","status-publish","format-standard","has-post-thumbnail","category-nachrichten","tag-aktuelle-nachrichten","tag-aktuelle-news","tag-de","tag-deutscher-bundestag","tag-deutschland","tag-die-linke","tag-ermittlung","tag-ferat-kocak","tag-germany","tag-headlines","tag-nachrichten","tag-news","tag-politik","tag-schlagzeilen","tag-urkundenfaelschung"],"share_on_mastodon":{"url":"https:\/\/pubeurope.com\/@de\/117162045988317760","error":""},"_links":{"self":[{"href":"https:\/\/www.europesays.com\/de\/wp-json\/wp\/v2\/posts\/1261839","targetHints":{"allow":["GET"]}}],"collection":[{"href":"https:\/\/www.europesays.com\/de\/wp-json\/wp\/v2\/posts"}],"about":[{"href":"https:\/\/www.europesays.com\/de\/wp-json\/wp\/v2\/types\/post"}],"author":[{"embeddable":true,"href":"https:\/\/www.europesays.com\/de\/wp-json\/wp\/v2\/users\/2"}],"replies":[{"embeddable":true,"href":"https:\/\/www.europesays.com\/de\/wp-json\/wp\/v2\/comments?post=1261839"}],"version-history":[{"count":0,"href":"https:\/\/www.europesays.com\/de\/wp-json\/wp\/v2\/posts\/1261839\/revisions"}],"wp:featuredmedia":[{"embeddable":true,"href":"https:\/\/www.europesays.com\/de\/wp-json\/wp\/v2\/media\/1261840"}],"wp:attachment":[{"href":"https:\/\/www.europesays.com\/de\/wp-json\/wp\/v2\/media?parent=1261839"}],"wp:term":[{"taxonomy":"category","embeddable":true,"href":"https:\/\/www.europesays.com\/de\/wp-json\/wp\/v2\/categories?post=1261839"},{"taxonomy":"post_tag","embeddable":true,"href":"https:\/\/www.europesays.com\/de\/wp-json\/wp\/v2\/tags?post=1261839"}],"curies":[{"name":"wp","href":"https:\/\/api.w.org\/{rel}","templated":true}]}}