{"id":1261841,"date":"2026-08-26T13:29:18","date_gmt":"2026-08-26T13:29:18","guid":{"rendered":"https:\/\/www.europesays.com\/de\/1261841\/"},"modified":"2026-08-26T13:29:18","modified_gmt":"2026-08-26T13:29:18","slug":"deutschland-dieser-gesetzentwurf-ist-kein-gutes-mittel-gegen-antisemitismus-meinung","status":"publish","type":"post","link":"https:\/\/www.europesays.com\/de\/1261841\/","title":{"rendered":"Deutschland: Dieser Gesetzentwurf ist kein gutes Mittel gegen Antisemitismus &#8211; Meinung"},"content":{"rendered":"<p data-manual=\"paragraph\" data-schema-org-speakable=\"true\" class=\"css-1ygz9cx\">Den Impuls kann man gut verstehen. Wer Demonstrationen erlebe, \u201ein denen die Ausl\u00f6schung Israels und schlimmster Judenhass propagiert werden, der erwartet zu Recht einen handlungsf\u00e4higen Rechtsstaat\u201c, sagt Hessens Justizminister Christian Heinz. Da hat er nat\u00fcrlich recht. Sowohl mit dem Hinweis auf den Rechtsstaat, der handlungsf\u00e4hig sein muss. Als auch mit dem Entsetzen \u00fcber den schrecklichen <a href=\"https:\/\/www.sueddeutsche.de\/thema\/Antisemitismus\" rel=\"nofollow noopener\" target=\"_blank\">Antisemitismus<\/a>, den man auf vielen Demonstrationen erleben muss. Doch die Folgerung, die der CDU-Minister und sein Bundesland daraus ziehen, ist nicht die richtige.<\/p>\n","protected":false},"excerpt":{"rendered":"Den Impuls kann man gut verstehen. Wer Demonstrationen erlebe, \u201ein denen die Ausl\u00f6schung Israels und schlimmster Judenhass propagiert&hellip;\n","protected":false},"author":2,"featured_media":1261842,"comment_status":"","ping_status":"","sticky":false,"template":"","format":"standard","meta":{"footnotes":"","_share_on_mastodon":"0"},"categories":[2],"tags":[331,3924,332,3922,712,4029,1173,3364,29,30,13,411,148,3074,14,3923,6000,15,3921,12,149],"class_list":["post-1261841","post","type-post","status-publish","format-standard","has-post-thumbnail","category-deutschland","tag-aktuelle-nachrichten","tag-aktuelle-nachrichten-aus-deutschland","tag-aktuelle-news","tag-aktuelle-news-aus-deutschland","tag-antisemitismus","tag-bundesrat","tag-bundesregierung","tag-de","tag-deutschland","tag-germany","tag-headlines","tag-israel","tag-leserdiskussion","tag-meinung","tag-nachrichten","tag-nachrichten-aus-deutschland","tag-nahost","tag-news","tag-news-aus-deutschland","tag-schlagzeilen","tag-sueddeutsche-zeitung"],"share_on_mastodon":{"url":"https:\/\/pubeurope.com\/@de\/117162053950037200","error":""},"_links":{"self":[{"href":"https:\/\/www.europesays.com\/de\/wp-json\/wp\/v2\/posts\/1261841","targetHints":{"allow":["GET"]}}],"collection":[{"href":"https:\/\/www.europesays.com\/de\/wp-json\/wp\/v2\/posts"}],"about":[{"href":"https:\/\/www.europesays.com\/de\/wp-json\/wp\/v2\/types\/post"}],"author":[{"embeddable":true,"href":"https:\/\/www.europesays.com\/de\/wp-json\/wp\/v2\/users\/2"}],"replies":[{"embeddable":true,"href":"https:\/\/www.europesays.com\/de\/wp-json\/wp\/v2\/comments?post=1261841"}],"version-history":[{"count":0,"href":"https:\/\/www.europesays.com\/de\/wp-json\/wp\/v2\/posts\/1261841\/revisions"}],"wp:featuredmedia":[{"embeddable":true,"href":"https:\/\/www.europesays.com\/de\/wp-json\/wp\/v2\/media\/1261842"}],"wp:attachment":[{"href":"https:\/\/www.europesays.com\/de\/wp-json\/wp\/v2\/media?parent=1261841"}],"wp:term":[{"taxonomy":"category","embeddable":true,"href":"https:\/\/www.europesays.com\/de\/wp-json\/wp\/v2\/categories?post=1261841"},{"taxonomy":"post_tag","embeddable":true,"href":"https:\/\/www.europesays.com\/de\/wp-json\/wp\/v2\/tags?post=1261841"}],"curies":[{"name":"wp","href":"https:\/\/api.w.org\/{rel}","templated":true}]}}