{"id":1261929,"date":"2026-08-26T14:18:20","date_gmt":"2026-08-26T14:18:20","guid":{"rendered":"https:\/\/www.europesays.com\/de\/1261929\/"},"modified":"2026-08-26T14:18:20","modified_gmt":"2026-08-26T14:18:20","slug":"britisches-koenigshaus-prinz-harry-und-meghan-wieder-zurueck-in-england","status":"publish","type":"post","link":"https:\/\/www.europesays.com\/de\/1261929\/","title":{"rendered":"Britisches K\u00f6nigshaus: Prinz Harry und Meghan wieder zur\u00fcck in England"},"content":{"rendered":"<p>            <img loading=\"lazy\" decoding=\"async\" class=\"ts-image\" src=\"https:\/\/www.europesays.com\/de\/wp-content\/uploads\/2026\/08\/harry-meghan-270.jpg\" alt=\"Prinz Harry und Herzogin Meghan von Sussex\" title=\"Prinz Harry und Herzogin Meghan von Sussex | picture alliance\/dpa\/PA Wire\"\/><\/p>\n<p class=\"metatextline\">Stand: 26.08.2026 \u2022 15:26 Uhr<\/p>\n<p class=\"article-head__shorttext\">\n        <strong>Der Herzog von Sussex, Harry, und seine Frau, Herzogin Meghan, sind wieder in Gro\u00dfbritannien. Wie die BBC berichtet, landeten sie mit ihren Kindern, Archie und Lilibet, mit einem Privatflugzeug in Birmingham.<\/strong>\n    <\/p>\n<p class=\"textabsatz m-ten m-offset-one l-eight l-offset-two columns twelve\">Mehr als sechs Jahre nach seinem Bruch mit dem britischen K\u00f6nigshaus ist Prinz Harry laut Medienberichten mit seiner Familie in seine Heimat zur\u00fcckgekehrt. Der 41-J\u00e4hrige, seine Frau Meghan und ihre Kinder Archie und Lilibet seien mit einem Privatjet im zentralenglischen Birmingham gelandet, berichteten britische Medien wie die BBC und der Telegraph.<\/p>\n<p class=\"textabsatz m-ten m-offset-one l-eight l-offset-two columns twelve\">Erst in der vergangenen Woche waren die \u00fcberraschenden Umzugspl\u00e4ne des Paares bekannt geworden.<\/p>\n<p>    Schulstart f\u00fcr Archie und Lilibet<\/p>\n<p class=\"textabsatz m-ten m-offset-one l-eight l-offset-two columns twelve\">Die Kinder von Harry und Meghan, Prinz Archie und Prinzessin Lilibet, sollen den Berichten zufolge ab kommender Woche eine Schule in England besuchen. Die Familie will sich demnach an einem Wohnsitz niederlassen, der nicht zum Besitz des britischen K\u00f6nigshauses geh\u00f6rt. Royale Pflichten werden Harry und Meghan nicht wieder \u00fcbernehmen, wie es weiter hie\u00df.<\/p>\n<p class=\"textabsatz m-ten m-offset-one l-eight l-offset-two columns twelve\">Harry und seine Frau waren Anfang 2020 infolge eines Zerw\u00fcrfnisses mit der k\u00f6niglichen Familie zun\u00e4chst nach Kanada, kurze Zeit sp\u00e4ter dann nach Kalifornien gezogen. Harry erhob unter anderem den Vorwurf, dass Meghan im Palast rassistisch beleidigt worden sei. Das Verh\u00e4ltnis zum K\u00f6nigshaus galt seitdem als \u00e4u\u00dferst angespannt.<\/p>\n<p>    Wiederann\u00e4herung an K\u00f6nig Charles<\/p>\n<p class=\"textabsatz m-ten m-offset-one l-eight l-offset-two columns twelve\">Im vergangenen Jahr erkl\u00e4rte Harry dann, dass er sich mit seinem an Krebs erkrankten Vater vers\u00f6hnen wolle. Im vergangenen Monat kam es dann zu einer Ann\u00e4herung. Charles III. empfing laut Medienberichten erstmals seit vier Jahren seinen j\u00fcngeren Sohn und dessen Familie. Auch K\u00f6nigin Camilla, Harrys Stiefmutter, nahm den Berichten zufolge an dem Treffen teil.<\/p>\n<p class=\"textabsatz m-ten m-offset-one l-eight l-offset-two columns twelve\">Harrys Verh\u00e4ltnis zu seinem \u00e4lteren Bruder, Thronfolger Prinz William, sowie zu dessen Frau Kate soll weiter zerr\u00fcttet sein. Der Grund f\u00fcr den Umzug des Herzogs von Sussex und seiner Familie ist bislang unklar und Anlass von Spekulationen.<\/p>\n","protected":false},"excerpt":{"rendered":"Stand: 26.08.2026 \u2022 15:26 Uhr Der Herzog von Sussex, Harry, und seine Frau, Herzogin Meghan, sind wieder in&hellip;\n","protected":false},"author":2,"featured_media":1261930,"comment_status":"","ping_status":"","sticky":false,"template":"","format":"standard","meta":{"footnotes":"","_share_on_mastodon":"0"},"categories":[155],"tags":[2478,29,214,30,551,30041,248566,215],"class_list":["post-1261929","post","type-post","status-publish","format-standard","has-post-thumbnail","category-unterhaltung","tag-britisches-koenigshaus","tag-deutschland","tag-entertainment","tag-germany","tag-grossbritannien","tag-harry","tag-harry-und-meghan","tag-unterhaltung"],"share_on_mastodon":{"url":"https:\/\/pubeurope.com\/@de\/117162248575453200","error":""},"_links":{"self":[{"href":"https:\/\/www.europesays.com\/de\/wp-json\/wp\/v2\/posts\/1261929","targetHints":{"allow":["GET"]}}],"collection":[{"href":"https:\/\/www.europesays.com\/de\/wp-json\/wp\/v2\/posts"}],"about":[{"href":"https:\/\/www.europesays.com\/de\/wp-json\/wp\/v2\/types\/post"}],"author":[{"embeddable":true,"href":"https:\/\/www.europesays.com\/de\/wp-json\/wp\/v2\/users\/2"}],"replies":[{"embeddable":true,"href":"https:\/\/www.europesays.com\/de\/wp-json\/wp\/v2\/comments?post=1261929"}],"version-history":[{"count":0,"href":"https:\/\/www.europesays.com\/de\/wp-json\/wp\/v2\/posts\/1261929\/revisions"}],"wp:featuredmedia":[{"embeddable":true,"href":"https:\/\/www.europesays.com\/de\/wp-json\/wp\/v2\/media\/1261930"}],"wp:attachment":[{"href":"https:\/\/www.europesays.com\/de\/wp-json\/wp\/v2\/media?parent=1261929"}],"wp:term":[{"taxonomy":"category","embeddable":true,"href":"https:\/\/www.europesays.com\/de\/wp-json\/wp\/v2\/categories?post=1261929"},{"taxonomy":"post_tag","embeddable":true,"href":"https:\/\/www.europesays.com\/de\/wp-json\/wp\/v2\/tags?post=1261929"}],"curies":[{"name":"wp","href":"https:\/\/api.w.org\/{rel}","templated":true}]}}