{"id":1261951,"date":"2026-08-26T14:33:19","date_gmt":"2026-08-26T14:33:19","guid":{"rendered":"https:\/\/www.europesays.com\/de\/1261951\/"},"modified":"2026-08-26T14:33:19","modified_gmt":"2026-08-26T14:33:19","slug":"jugendrat-gladbeck-feiert-20-jaehriges-jubilaeum","status":"publish","type":"post","link":"https:\/\/www.europesays.com\/de\/1261951\/","title":{"rendered":"Jugendrat Gladbeck feiert 20-j\u00e4hriges Jubil\u00e4um"},"content":{"rendered":"<p><a title=\"Jugendrat 2025 im alten Rathaus\" href=\"https:\/\/neue-gladbecker-zeitung.de\/der-jugendrat-gladbeck-hat-sich-neu-konstituiert\/jugendrat-2025-im-alten-rathaus_ergebnis\/\" rel=\"nofollow noopener\" target=\"_blank\"><img fetchpriority=\"high\" width=\"678\" height=\"381\" src=\"https:\/\/www.europesays.com\/de\/wp-content\/uploads\/2026\/08\/Jugendrat-2025-im-alten-Rathaus_ergebnis.webp\" class=\"attachment-mh-magazine-content size-mh-magazine-content wp-post-image\" alt=\"Jugendrat Gladbeck feiert 20-j\u00e4hriges Jubil\u00e4um im 3eck\" title=\"Jugendrat 2025 im alten Rathaus\" loading=\"eager\" decoding=\"async\"\/><\/a><br \/>\nDie Mitglieder des aktuellen  Jugendrates stellten sich auf der Rathaustreppe vor. Foto: Stadt Gladbeck<\/p>\n<p><strong>Seit 20 Jahren gibt der Jugendrat jungen Menschen in Gladbeck eine Stimme. Am 25. September wird das Jubil\u00e4um mit einem Empfang im Rathaus und einer Feier im Jugendcaf\u00e9 3eck begangen.<\/strong><\/p>\n<p><strong>Gladbeck \u2013 26.08.2026 \u2013 <\/strong>Der Jugendrat der <a href=\"https:\/\/www.gladbeck.de\" target=\"_blank\" rel=\"noopener nofollow\">Stadt Gladbeck<\/a> blickt in diesem Jahr auf zwei Jahrzehnte Engagement, Ideen, Projekte und politische Beteiligung zur\u00fcck. Gleichzeitig richtet das Gremium den Blick nach vorn.<\/p>\n<p>Seit seiner Gr\u00fcndung haben zahlreiche Generationen von Jugendlichen Verantwortung \u00fcbernommen, eigene Projekte entwickelt, Veranstaltungen organisiert und ihre Anliegen in Politik und Verwaltung eingebracht. B\u00fcrgermeisterin Bettina Weist gilt als eine der Wegbereiterinnen des Jugendrates und hat das Gremium seitdem in unterschiedlichen Funktionen begleitet und unterst\u00fctzt.<\/p>\n<p>&gt;&gt;&gt; <strong>Den NGZ-Newsletter:<\/strong>\u00a0<a href=\"https:\/\/neue-gladbecker-zeitung.de\/newsletter-der-ngz\/\" target=\"_blank\" rel=\"noopener nofollow\" data-category-full-path=\"\/staedte\/gladbeck\/\" data-paid-status=\"free\" data-article-publish-date=\"1595937600\">hier gratis abonnieren<\/a>\u00a0|\u00a0<strong>Folgen Sie uns<\/strong>\u00a0<strong>auch<\/strong>\u00a0auf\u00a0<a href=\"https:\/\/www.facebook.com\/NeueGladbeckerZeitung\/\" target=\"_blank\" rel=\"noopener nofollow\">Facebook<\/a>\u00a0und auf\u00a0<a href=\"https:\/\/www.instagram.com\/neuegladbeckerzeitung\/\" target=\"_blank\" rel=\"noopener nofollow\">Instagram<\/a>\u00a0|<br \/><strong>Hier erhalten Sie alle Nachrichten sofort im<\/strong>\u00a0<a href=\"https:\/\/whatsapp.com\/channel\/0029VaAJZdH8F2pIH21PF72X\" target=\"_blank\" rel=\"noopener nofollow\">WhatsApp-Kanal<\/a> | Unsere: <a href=\"https:\/\/neue-gladbecker-zeitung.de\/blaulicht\/\" target=\"_blank\" rel=\"noopener nofollow\">Polizei- und Feuerwehrartikel<\/a> &lt;&lt;&lt;<\/p>\n<p>Jugendrat ist feste Gr\u00f6\u00dfe der Jugendbeteiligung<\/p>\n<p>Der <a href=\"https:\/\/neue-gladbecker-zeitung.de\/der-jugendrat-gladbeck-hat-sich-neu-konstituiert\/\" rel=\"nofollow noopener\" target=\"_blank\">Jugendrat Gladbeck<\/a> ist heute eine feste Gr\u00f6\u00dfe der kommunalen Jugendbeteiligung. Seine Arbeit beschr\u00e4nkt sich l\u00e4ngst nicht mehr auf klassische Gremiensitzungen.<\/p>\n<p>Veranstaltungen, internationale Begegnungen, kulturelle Projekte und Aktionen f\u00fcr Jugendliche geh\u00f6ren ebenfalls dazu. Beispiele sind das Summer Vibes Fest, JuMot!on, internationale Jugendbegegnungen und politische Diskussionsformate.<\/p>\n<p>Wie vielf\u00e4ltig die Arbeit des Gremiums ist, zeigt auch die Beteiligung an internationalen Veranstaltungen. So nahmen Mitglieder des Jugendrates bereits an einer Jugendkonferenz in der polnischen <a href=\"https:\/\/www.gladbeck.de\/index.asp?form=detail&amp;db=404&amp;id=5225\" target=\"_blank\" rel=\"noopener nofollow\">Partnerstadt Wodzis\u0142aw \u015al\u0105ski<\/a> teil.<\/p>\n<p>Jubil\u00e4um wird am 25. September gefeiert<\/p>\n<p>Am <strong>Freitag, 25. September<\/strong>, steht Gladbeck ganz im Zeichen des Jugendrates.<\/p>\n<p>Den Auftakt bildet <strong>von 18 bis 20 Uhr<\/strong> ein offizieller Empfang im Rathaus. Bei einer kleinen Gala wird das 20-j\u00e4hrige Bestehen des Gremiums gew\u00fcrdigt. Eingeladen sind Vertreterinnen und Vertreter der politischen und gesellschaftlichen Spitze Gladbecks sowie zahlreiche Kooperationspartner, die den Jugendrat in den vergangenen Jahren begleitet und unterst\u00fctzt haben.<\/p>\n<p><strong>Ab 20 Uhr wechselt der Schauplatz ins Jugendcaf\u00e9 3eck.<\/strong> Dort findet die gro\u00dfe Jubil\u00e4umsfeier f\u00fcr aktive und ehemalige Mitglieder des Jugendrates statt.<\/p>\n<p>Im Mittelpunkt stehen die Jugendlichen<\/p>\n<p>Bei der Feier im 3eck geht es nicht um Sitzungen, Tagesordnungen oder politische Gremienarbeit. Im Mittelpunkt stehen die Menschen, die den Jugendrat \u00fcber zwei Jahrzehnte gepr\u00e4gt haben.<\/p>\n<p>Ein DJ sorgt f\u00fcr Musik. Aktive und ehemalige Mitglieder k\u00f6nnen gemeinsam feiern, Erinnerungen austauschen und ihr Engagement w\u00fcrdigen.<\/p>\n<p>Das Jugendcaf\u00e9 3eck ist bereits seit 2025 ein Treffpunkt f\u00fcr junge Menschen in Gladbeck. Der Jugendrat ist dort ebenfalls ans\u00e4ssig und beteiligt sich an der Entwicklung des Angebots. <a href=\"https:\/\/neue-gladbecker-zeitung.de\/im-3eck-neues-schuelerinnen-cafe-fuer-gladbeck-eroeffnet\/\" rel=\"nofollow noopener\" target=\"_blank\">Das 3eck als Treffpunkt f\u00fcr Jugendliche in Gladbeck<\/a> hat die NGZ bereits vorgestellt.<\/p>\n<p>20 Jahre Engagement f\u00fcr Gladbeck<\/p>\n<p>Hinter dem Jubil\u00e4um stehen nach Angaben der Vorlage hunderte junge Menschen, die ihre Freizeit investiert, Verantwortung \u00fcbernommen, diskutiert und Veranstaltungen organisiert haben. Dabei wurde auch gestritten \u2013 und gemeinsam an Ideen f\u00fcr Gladbeck gearbeitet.<\/p>\n<p>Das Jubil\u00e4um soll deshalb vor allem ein Dankesch\u00f6n an die Jugendlichen sein, die sich in den vergangenen 20 Jahren engagiert haben und sich weiterhin f\u00fcr ihre Stadt einsetzen.<\/p>\n<p>Dass der Jugendrat auch heute eine wichtige Rolle bei der Beteiligung junger Menschen spielt, zeigte zuletzt die Neukonstituierung im Herbst 2025. Damals starteten 35 neu gew\u00e4hlte Mitglieder in ihre Amtszeit.<\/p>\n<p><a style=\"color: #ff0000;\" href=\"https:\/\/neue-gladbecker-zeitung.de\" rel=\"nofollow noopener\" target=\"_blank\">Zur Startseite<\/a><\/p>\n<p>\t<script async src=\"\/\/www.instagram.com\/embed.js\"><\/script><\/p>\n","protected":false},"excerpt":{"rendered":"Die Mitglieder des aktuellen Jugendrates stellten sich auf der Rathaustreppe vor. Foto: Stadt Gladbeck Seit 20 Jahren gibt&hellip;\n","protected":false},"author":2,"featured_media":1261952,"comment_status":"","ping_status":"","sticky":false,"template":"","format":"standard","meta":{"footnotes":"","_share_on_mastodon":"0"},"categories":[1848],"tags":[116367,3364,146,29,548,663,3934,3658,30,17275,13,105163,260866,1722,121119,14,15,1209,132324,260867,12],"class_list":["post-1261951","post","type-post","status-publish","format-standard","has-post-thumbnail","category-gelsenkirchen","tag-bettina-weist","tag-de","tag-demokratie","tag-deutschland","tag-eu","tag-europa","tag-europe","tag-gelsenkirchen","tag-germany","tag-gladbeck","tag-headlines","tag-jugendbeteiligung","tag-jugendcafe-3eck","tag-jugendliche","tag-jugendrat","tag-nachrichten","tag-news","tag-nordrhein-westfalen","tag-politische-beteiligung","tag-rathaus-gladbeck","tag-schlagzeilen"],"share_on_mastodon":{"url":"https:\/\/pubeurope.com\/@de\/117162307218536809","error":""},"_links":{"self":[{"href":"https:\/\/www.europesays.com\/de\/wp-json\/wp\/v2\/posts\/1261951","targetHints":{"allow":["GET"]}}],"collection":[{"href":"https:\/\/www.europesays.com\/de\/wp-json\/wp\/v2\/posts"}],"about":[{"href":"https:\/\/www.europesays.com\/de\/wp-json\/wp\/v2\/types\/post"}],"author":[{"embeddable":true,"href":"https:\/\/www.europesays.com\/de\/wp-json\/wp\/v2\/users\/2"}],"replies":[{"embeddable":true,"href":"https:\/\/www.europesays.com\/de\/wp-json\/wp\/v2\/comments?post=1261951"}],"version-history":[{"count":0,"href":"https:\/\/www.europesays.com\/de\/wp-json\/wp\/v2\/posts\/1261951\/revisions"}],"wp:featuredmedia":[{"embeddable":true,"href":"https:\/\/www.europesays.com\/de\/wp-json\/wp\/v2\/media\/1261952"}],"wp:attachment":[{"href":"https:\/\/www.europesays.com\/de\/wp-json\/wp\/v2\/media?parent=1261951"}],"wp:term":[{"taxonomy":"category","embeddable":true,"href":"https:\/\/www.europesays.com\/de\/wp-json\/wp\/v2\/categories?post=1261951"},{"taxonomy":"post_tag","embeddable":true,"href":"https:\/\/www.europesays.com\/de\/wp-json\/wp\/v2\/tags?post=1261951"}],"curies":[{"name":"wp","href":"https:\/\/api.w.org\/{rel}","templated":true}]}}