{"id":1261998,"date":"2026-08-26T15:03:19","date_gmt":"2026-08-26T15:03:19","guid":{"rendered":"https:\/\/www.europesays.com\/de\/1261998\/"},"modified":"2026-08-26T15:03:19","modified_gmt":"2026-08-26T15:03:19","slug":"premiere-erste-unterkuenfte-fuer-den-neuen-wehrdienst-in-der-eifelkaserne-in","status":"publish","type":"post","link":"https:\/\/www.europesays.com\/de\/1261998\/","title":{"rendered":"Premiere &#8211; Erste Unterk\u00fcnfte f\u00fcr den Neuen Wehrdienst in der Eifelkaserne in &#8230;"},"content":{"rendered":"<p class=\"date\">26.08.2026 \u2013 16:34<\/p>\n<p class=\"customer\">\n                        <a class=\"story-customer\" title=\"weiter zum newsroom von PIZ Infrastruktur, Umweltschutz und Dienstleistungen\" href=\"https:\/\/www.presseportal.de\/nr\/128453\" rel=\"nofollow noopener\" target=\"_blank\">PIZ Infrastruktur, Umweltschutz und Dienstleistungen<\/a>\n                    <\/p>\n<p><a class=\"glightbox-pseudo event-trigger\" href=\"https:\/\/cache.pressmailing.net\/thumbnail\/story_hires\/ce726756-303a-4826-97b9-4c23b3ab7b65\/SIPGO_Stube.jpg.jpg\" data-description=\"Sofortprogramm Infrastrukturbedarf Personalgewinnungsorganisation (SIPGO). Containerbasierte Unterkunftsanlagen mit funktionaler Ausstattung. Erg\u00e4nzt werden die Unterk\u00fcnfte durch Sanit\u00e4rmodule, Funktionsfl\u00e4chen und weitere tempor\u00e4re Infrastruktur. \/ Weiterer Text \u00fcber ots und www.presseportal.de\/nr\/128453 \/ Die Verwendung dieses Bildes f\u00fcr redaktionelle Zwecke ist unter Beachtung aller mitgeteilten Nutzungsbedingungen zul\u00e4ssig und dann auch honorarfrei. Ver\u00f6ffentlichung ausschlie\u00dflich mit Bildrechte-Hinweis.\" data-category=\"medialightbox\" data-action=\"click\" data-label=\"single\" data-value=\"6a8ef681270000fd2cb423be\" rel=\"nofollow noopener\" target=\"_blank\"><img decoding=\"async\" height=\"540\" with=\"720\" src=\"https:\/\/www.europesays.com\/de\/wp-content\/uploads\/2026\/08\/premiere-erste-unterk-nfte-f-r-den-neuen-wehrdienst-in-der-eifelkaserne-in-gerolstein-bergeben.jpeg\"   alt=\"Premiere - Erste Unterk\u00fcnfte f\u00fcr den Neuen Wehrdienst in der Eifelkaserne in Gerolstein \u00fcbergeben\" class=\"single\"\/><\/a><\/p>\n<p><a data-category=\"citylink-story-view\" data-action=\"click\" data-label=\"Citylink in Meldungsansicht\" class=\"story-city event-trigger\" href=\"https:\/\/www.presseportal.de\/regional\/Bonn%252FGerolstein\" title=\"News aus Bonn\/Gerolstein \" rel=\"nofollow noopener\" target=\"_blank\">Bonn\/Gerolstein<\/a> (ots)<\/p>\n<p> Das Informationstechnikbataillon (ITBtl) 281 hat am Mittwoch dem, 26. August 2026 in der Eifelkaserne in Gerolstein die ersten neuen Unterbringungsm\u00f6glichkeiten aus dem &#8222;Sofortprogramm Infrastrukturbedarf Personalgewinnungsorganisation&#8220; (SIPGO) f\u00fcr Soldatinnen und Soldaten \u00fcbernommen. Ziel des Programms ist es, schnell flexible containerbasierte Infrastruktur an regional f\u00fcr den Aufwuchs der Streitkr\u00e4fte geeigneten Standorten bereitzustellen. <\/p>\n<p> Die feierliche Veranstaltung in Gerolstein markierte einen exklusiven Meilenstein. Insgesamt entstehen durch das bundesweite, vom Bundesamt f\u00fcr Infrastruktur, Umweltschutz und Dienstleistungen der Bundeswehr (BAIUDBw) koordinierte Bauprogramm, mehr als 8.600 Unterkunftspl\u00e4tze in 4.800 Containern in 32 Liegenschaften. <\/p>\n<p> F\u00fcr die Rekrutinnen und Rekruten des Neuen Wehrdienstes in Gerolstein steht damit rechtzeitig zum IV. Quartal 2026 die notwendige Infrastruktur bereit. Am Standort Gerolstein bedeutet dies, zus\u00e4tzliche Kapazit\u00e4ten f\u00fcr 200 Grundausbildungspl\u00e4tze pro Durchgang. <\/p>\n<p> Entstanden sind moderne, funktionale Containerunterk\u00fcnfte (ausgelegt auf Zweifachbelegung), Sanit\u00e4rmodule, vielseitig nutzbare Funktionsfl\u00e4chen sowie zeitgem\u00e4\u00dfe Ausbildungsr\u00e4ume. Die vorbereitenden Erschlie\u00dfungs- und Erdarbeiten wurden vorab mit hoher Geschwindigkeit durch das zust\u00e4ndige Bundeswehr-Dienstleistungszentrum (BwDLZ) Mayen realisiert. <\/p>\n<p> Der Hauptabteilungsleiter Aufwuchs im Bundesministerium der Verteidigung (BMVg), Ministerialdirektor Dr. Alexander G\u00f6tz, ist der Meinung, dass man sich mit Fug und Recht nicht hinter der zivilen Wirtschaft verstecken m\u00fcsse &#8222;SIPGO ist ein Gamechanger f\u00fcr den Aufwuchs. Diese Geb\u00e4ude zeigen: Unser Plan hat funktioniert&#8220;. <\/p>\n<p> Professor Dr. Roland B\u00f6rger, Pr\u00e4sident des Bundesamtes f\u00fcr Infrastruktur, Umweltschutz und Dienstleistungen der Bundeswehr (BAIUDBw) w\u00fcrdigte in seinem Gru\u00dfwort die herausragende Leistung aller Beteiligten: &#8222;Dieses Geb\u00e4ude hinter mir ist weit mehr als nur ein einfacher Containerbau. Es steht beispielhaft f\u00fcr einen bisher einmaligen Kraftakt der Infrastrukturorganisation der Bundeswehr und das Engagement vieler Menschen, die diesen Erfolg erst m\u00f6glich gemacht haben.&#8220; <\/p>\n<p> Und zu diesen Menschen, die den Aufwuchs m\u00f6glich machen, geh\u00f6ren sowohl die Angeh\u00f6rigen des BAIUDBw als auch die des Bundesamtes f\u00fcr das Personalmanagement der Bundeswehr (BAPersBw), wie der Pr\u00e4sident, Generalleutnant Robert Sieger, betonte: &#8222;Personalgewinnung und Unterbringung sind zwei Seiten derselben Medaille. Der Neue Wehrdienst steht und f\u00e4llt mit der Frage, ob wir die Menschen, die sich f\u00fcr uns entscheiden, auch tats\u00e4chlich aufnehmen k\u00f6nnen. Und zwar attraktiv, funktional und vor allem auch an dem Ort, an dem sie gebraucht werden und sie ihren Dienst leisten wollen.&#8220; <\/p>\n<p><b>Das ITBtl 281<\/b><\/p>\n<p> Das Informationsbataillon 281 in Gerolstein im n\u00f6rdlichen Rheinland-Pfalz gelegen, ist Teil des Cyber- und Informationsraumes der Bundeswehr, der j\u00fcngsten der vier Teilstreitkr\u00e4fte der Bundeswehr. Die ca. circa 670 Soldatinnen und Soldaten stellen mit modernster Informations- und Kommunikationstechnik die F\u00fchrungsf\u00e4higkeit der Streitkr\u00e4fte sicher &#8211; bei \u00dcbungen im Inland wie im Einsatz weltweit. In einer Zeit wachsender sicherheitspolitischer Herausforderungen ist eine verl\u00e4ssliche, gesch\u00fctzte und leistungsf\u00e4hige IT-Infrastruktur und Kommunikation unverzichtbar f\u00fcr den Erfolg milit\u00e4rischer Operationen. <\/p>\n<p> Seit Oktober 2020 stellt die 6. Kompanie die Ausbildung sicher. Durch das qualifizierte Stammpersonal erlernen die zuk\u00fcnftigen Kameradinnen und Kameraden in ihrer zw\u00f6lf w\u00f6chigen Heimatschutzausbildung (fr\u00fcher Grundausbildung) das n\u00f6tige Handwerkszeug, um in ihrer weiteren milit\u00e4rischen Laufbahn zu bestehen. Dies umfasst unter anderem: Innere F\u00fchrung, politische Unterrichte, Formalausbildung, Fernmelde-, ABC- und Sanit\u00e4ts-Ausbildung, sowie Gefechtsdienst, Waffen- und Wachausbildung. <\/p>\n<p> Copyright-Angaben f\u00fcr die beigef\u00fcgten Fotos: <\/p>\n<p> Bundeswehr\/Marcus Rott <\/p>\n<p> Bild: Schl\u00fcssel\u00fcbergabe: Generalleutnant Robert Sieger, Pr\u00e4sident BAPersBw; Oberstleutnant Benedikt Pollok stellv. Kommandeur ITBtl 281; Ministerialdirektor Dr. Alexander G\u00f6tz, Hauptabteilungsleiter Aufwuchs im BMVg; Prof. Dr. Roland B\u00f6rger, Pr\u00e4sident BAIUDBw, Georg Bayer, Gesch\u00e4ftsf\u00fchrer, KB Container GmbH. <\/p>\n<p><b>Hintergrund &#8222;Baufeier &#8211; SIPGO&#8220; in der Eifel-Kaserne am Standort Gerolstein<\/b><\/p>\n<p> Insgesamt werden mit dem Sofortprogramm &#8222;Infrastrukturbedarf Personalgewinnungsorganisation&#8220; (SIPGO) mehr als 8.600 Unterbringungspl\u00e4tze in 32 Liegenschaften entstehen. Das Projekt hat einen finanziellen Umfang von rund 400 Mio. Euro und ist in sechs Regionalcluster unterteilt. Es dient der Aufnahme auftretender Spitzen im Bewerbendenaufkommen f\u00fcr den neuen Wehrdienst im zweiten Halbjahr 2026. <\/p>\n<p> Liegenschaftsbezeichnung Eifelkaserne, Gerolstein <\/p>\n<p> Baufeld: Antreteplatz <\/p>\n<p> Gesamtkosten: Rund 10 Millionen EUR <\/p>\n<p> Bauzeiten <\/p>\n<ul class=\"naxml-ul\">\n<li> Baubeginn: 05\/26 <\/li>\n<li> Bauende: 08\/26 <\/li>\n<li> M\u00f6blierung: 09\/26 <\/li>\n<li> \u00dcbergabe an Nutzer: 09\/26 <\/li>\n<\/ul>\n<p> Projektbeteiligte <\/p>\n<ul class=\"naxml-ul\">\n<li> Bauherr: BAIUDBw KompZ BauMgmt Wiesbaden <\/li>\n<li> Abrufende Stelle: BwDLZ Mayen <\/li>\n<li> Auftragnehmer: KB Container GmbH <\/li>\n<li> Subunternehmer: CMA Logistik GmbH <\/li>\n<\/ul>\n<p> Ma\u00dfnahmenbeschreibung <\/p>\n<ul class=\"naxml-ul\">\n<li> Zus\u00e4tzliche Aufnahme von 200 Ausbildungspl\u00e4tzen pro Durchgang ab 11\/26 am Standort im Rahmen des Personalaufwuchses durch den neuen Wehrdienst <\/li>\n<li> Errichtung von jeweils zwei dreist\u00f6ckigen, tempor\u00e4ren, containerbasierten Geb\u00e4uden <\/li>\n<li> Containerbauweise auf Fertigfundamenten inkl. Medienanschluss an das Liegenschaftsversorgungsnetz (keine Autarkie notwendig) <\/li>\n<li> Beide Geb\u00e4ude bestehen aus insgesamt 100 Unterkunftscontainern, 50 B\u00fcro- und Lagercontainern sowie diverse Peripheriecontainern (45 Container pro Etage, insg. 270 Container) <\/li>\n<li> Unterbringung in Zweibettbelegung mit Sanit\u00e4rmodulen <\/li>\n<\/ul>\n<p class=\"contact-headline\">Pressekontakt:<\/p>\n<p class=\"contact-text\">Presse- und Informationszentrum IUD<br \/>Bundesamt f\u00fcr Infrastruktur, Umweltschutz und Dienstleistungen der<br \/>Bundeswehr Fontainengraben 200<br \/>53123 Bonn<br \/>0228 &#8211; 5504 4218<br \/><a href=\"https:\/\/www.presseportal.de\/pm\/128453\/mailto:piziud@bundeswehr.org\" class=\"uri-mailto\" rel=\"nofollow noopener\" target=\"_blank\">piziud@bundeswehr.org<\/a><\/p>\n<p class=\"originator\">Original-Content von: PIZ Infrastruktur, Umweltschutz und Dienstleistungen, \u00fcbermittelt durch news aktuell<\/p>\n","protected":false},"excerpt":{"rendered":"26.08.2026 \u2013 16:34 PIZ Infrastruktur, Umweltschutz und Dienstleistungen Bonn\/Gerolstein (ots) Das Informationstechnikbataillon (ITBtl) 281 hat am Mittwoch dem,&hellip;\n","protected":false},"author":2,"featured_media":1261999,"comment_status":"","ping_status":"","sticky":false,"template":"","format":"standard","meta":{"footnotes":"","_share_on_mastodon":"0"},"categories":[1842],"tags":[6399,3477,1741,685,3364,29,260879,30,260881,1209,178,180,179,181,260880,260882],"class_list":["post-1261998","post","type-post","status-publish","format-standard","has-post-thumbnail","category-bonn","tag-bau","tag-bild","tag-bonn","tag-bundeswehr","tag-de","tag-deutschland","tag-eifelkaserne","tag-germany","tag-informationstechnikbataillon-281","tag-nordrhein-westfalen","tag-presse","tag-pressemeldung","tag-pressemitteilung","tag-pressemitteilungen","tag-sipgo","tag-sofortprogramm-infrastrukturbedarf-personalgewinnungsorganisation"],"share_on_mastodon":{"url":"https:\/\/pubeurope.com\/@de\/117162425164391939","error":""},"_links":{"self":[{"href":"https:\/\/www.europesays.com\/de\/wp-json\/wp\/v2\/posts\/1261998","targetHints":{"allow":["GET"]}}],"collection":[{"href":"https:\/\/www.europesays.com\/de\/wp-json\/wp\/v2\/posts"}],"about":[{"href":"https:\/\/www.europesays.com\/de\/wp-json\/wp\/v2\/types\/post"}],"author":[{"embeddable":true,"href":"https:\/\/www.europesays.com\/de\/wp-json\/wp\/v2\/users\/2"}],"replies":[{"embeddable":true,"href":"https:\/\/www.europesays.com\/de\/wp-json\/wp\/v2\/comments?post=1261998"}],"version-history":[{"count":0,"href":"https:\/\/www.europesays.com\/de\/wp-json\/wp\/v2\/posts\/1261998\/revisions"}],"wp:featuredmedia":[{"embeddable":true,"href":"https:\/\/www.europesays.com\/de\/wp-json\/wp\/v2\/media\/1261999"}],"wp:attachment":[{"href":"https:\/\/www.europesays.com\/de\/wp-json\/wp\/v2\/media?parent=1261998"}],"wp:term":[{"taxonomy":"category","embeddable":true,"href":"https:\/\/www.europesays.com\/de\/wp-json\/wp\/v2\/categories?post=1261998"},{"taxonomy":"post_tag","embeddable":true,"href":"https:\/\/www.europesays.com\/de\/wp-json\/wp\/v2\/tags?post=1261998"}],"curies":[{"name":"wp","href":"https:\/\/api.w.org\/{rel}","templated":true}]}}