{"id":1262035,"date":"2026-08-26T15:26:17","date_gmt":"2026-08-26T15:26:17","guid":{"rendered":"https:\/\/www.europesays.com\/de\/1262035\/"},"modified":"2026-08-26T15:26:17","modified_gmt":"2026-08-26T15:26:17","slug":"willich-und-toenisvorst-buerger-koennen-neue-flughafen-plaene-kommentieren","status":"publish","type":"post","link":"https:\/\/www.europesays.com\/de\/1262035\/","title":{"rendered":"Willich und T\u00f6nisvorst: B\u00fcrger k\u00f6nnen neue Flughafen-Pl\u00e4ne kommentieren"},"content":{"rendered":"<p class=\"text_ohne_einzug richtext text-em-55 !leading-serif mx-6 desktop:mx-0\">  Die Flughafen D\u00fcsseldorf GmbH hat ihren Antrag auf eine Kapazit\u00e4tserweiterung des Flughafens ge\u00e4ndert und die \u00fcberarbeiteten Unterlagen beim Ministerium f\u00fcr Umwelt, Naturschutz und Verkehr des Landes Nordrhein-Westfalen eingereicht. Die Bezirksregierung D\u00fcsseldorf f\u00fchrt dazu jetzt als zust\u00e4ndige Anh\u00f6rungsbeh\u00f6rde eine Beteiligung der \u00d6ffentlichkeit durch. Die ge\u00e4nderten Antragsunterlagen liegen vom 2. September bis einschlie\u00dflich 1. Oktober \u00f6ffentlich aus, informiert die Bezirksregierung. Unter anderem k\u00f6nnen die Unterlagen \u00fcber die Internetseiten der St\u00e4dte Willich (<a href=\"https:\/\/www.stadt-willich.de\/\" target=\"_blank\" rel=\"nofollow noopener\">www.stadt-willich.de<\/a>) und T\u00f6nisvorst (<a href=\"https:\/\/www.toenisvorst.de\/\" target=\"_blank\" rel=\"nofollow noopener\">www.toenisvorst.de<\/a>) eingesehen werden. Dar\u00fcber hinaus sind die Unterlagen \u00fcber das Landesportal Beteiligung.NRW (<a href=\"https:\/\/beteiligung.nrw.de\/portal\/brd\/startseite\" target=\"_blank\" rel=\"nofollow noopener\">https:\/\/beteiligung.nrw.de\/portal\/brd\/startseite<\/a>) sowie in den R\u00e4umen der Stadt- und Gemeindeverwaltungen einsehbar.<\/p>\n<p class=\"richtext text-em-55 !leading-serif mx-6 desktop:mx-0\">Der Betreiber des D\u00fcsseldorfer Flughafens m\u00f6chte weiterhin unter anderem acht neue Flugzeug-Abstellpositionen, Erweiterungen von Flugbetriebsfl\u00e4chen sowie \u00c4nderungen beim Flugbetrieb erreichen. \u201eDiese betreffen insbesondere die Erh\u00f6hung des zul\u00e4ssigen Luftverkehrs am Tage auf maximal 60 Flugbewegungen in den Stunden, in denen beide Start- und Landebahnen genutzt werden d\u00fcrfen, beziehungsweise auf maximal 45 Flugbewegungen in den Stunden, in denen nur die s\u00fcdliche Start- und Landebahn zur Verf\u00fcgung steht\u201c, informiert die Bezirksregierung. Im Vergleich zum urspr\u00fcnglichen Antrag aus dem Jahr 2015 soll es bei der Begrenzung auf 131.000 Flugbewegungen in den sechs verkehrsreichsten Monaten bleiben. Innerhalb dieser Begrenzung sollen k\u00fcnftig bis zu 128.000 Flugbewegungen im Linien- und Charterverkehr sowie mindestens 3000 sonstige Flugbewegungen zul\u00e4ssig sein.<\/p>\n<p class=\"richtext text-em-55 !leading-serif mx-6 desktop:mx-0\">Einwendungen gegen das Vorhaben k\u00f6nnen vom 2. September bis einschlie\u00dflich 15. Oktober (Posteingang) bei der Bezirksregierung D\u00fcsseldorf, Postfach 300865, 40408 D\u00fcsseldorf, oder bei den Kommunen eingereicht werden. \u201eDie bereits in den Jahren 2016 und 2020 eingereichten Einwendungen und Stellungnahmen bleiben g\u00fcltig und m\u00fcssen nicht erneut vorgebracht werden\u201c, so die Bezirksregierung.<\/p>\n","protected":false},"excerpt":{"rendered":"Die Flughafen D\u00fcsseldorf GmbH hat ihren Antrag auf eine Kapazit\u00e4tserweiterung des Flughafens ge\u00e4ndert und die \u00fcberarbeiteten Unterlagen beim&hellip;\n","protected":false},"author":2,"featured_media":1262036,"comment_status":"","ping_status":"","sticky":false,"template":"","format":"standard","meta":{"footnotes":"","_share_on_mastodon":"0"},"categories":[1831],"tags":[57628,57629,10339,150080,11860,3364,29,3405,69494,2109,30,1209,25354,13981,17289],"class_list":["post-1262035","post","type-post","status-publish","format-standard","has-post-thumbnail","category-duesseldorf","tag-22ver","tag-2c2","tag-antrag","tag-antragsunterlagen","tag-bezirksregierung","tag-de","tag-deutschland","tag-duesseldorf","tag-flugbewegungen","tag-flughafen","tag-germany","tag-nordrhein-westfalen","tag-toenisvorst","tag-unterlagen","tag-willich"],"share_on_mastodon":{"url":"https:\/\/pubeurope.com\/@de\/117162514041936142","error":""},"_links":{"self":[{"href":"https:\/\/www.europesays.com\/de\/wp-json\/wp\/v2\/posts\/1262035","targetHints":{"allow":["GET"]}}],"collection":[{"href":"https:\/\/www.europesays.com\/de\/wp-json\/wp\/v2\/posts"}],"about":[{"href":"https:\/\/www.europesays.com\/de\/wp-json\/wp\/v2\/types\/post"}],"author":[{"embeddable":true,"href":"https:\/\/www.europesays.com\/de\/wp-json\/wp\/v2\/users\/2"}],"replies":[{"embeddable":true,"href":"https:\/\/www.europesays.com\/de\/wp-json\/wp\/v2\/comments?post=1262035"}],"version-history":[{"count":0,"href":"https:\/\/www.europesays.com\/de\/wp-json\/wp\/v2\/posts\/1262035\/revisions"}],"wp:featuredmedia":[{"embeddable":true,"href":"https:\/\/www.europesays.com\/de\/wp-json\/wp\/v2\/media\/1262036"}],"wp:attachment":[{"href":"https:\/\/www.europesays.com\/de\/wp-json\/wp\/v2\/media?parent=1262035"}],"wp:term":[{"taxonomy":"category","embeddable":true,"href":"https:\/\/www.europesays.com\/de\/wp-json\/wp\/v2\/categories?post=1262035"},{"taxonomy":"post_tag","embeddable":true,"href":"https:\/\/www.europesays.com\/de\/wp-json\/wp\/v2\/tags?post=1262035"}],"curies":[{"name":"wp","href":"https:\/\/api.w.org\/{rel}","templated":true}]}}