{"id":1262096,"date":"2026-08-26T16:01:13","date_gmt":"2026-08-26T16:01:13","guid":{"rendered":"https:\/\/www.europesays.com\/de\/1262096\/"},"modified":"2026-08-26T16:01:13","modified_gmt":"2026-08-26T16:01:13","slug":"fw-lfvsh-einladung-zum-pressetermin-verkaufsstart-der-feuerwehr-salami-mit","status":"publish","type":"post","link":"https:\/\/www.europesays.com\/de\/1262096\/","title":{"rendered":"FW-LFVSH: Einladung zum Pressetermin: Verkaufsstart der Feuerwehr-Salami mit &#8230;"},"content":{"rendered":"<p class=\"date\">26.08.2026 \u2013 16:44<\/p>\n<p class=\"customer\">\n                        <a class=\"story-customer\" title=\"weiter zum newsroom von Landesfeuerwehrverband Schleswig-Holstein\" href=\"https:\/\/www.presseportal.de\/blaulicht\/nr\/12\" rel=\"nofollow noopener\" target=\"_blank\">Landesfeuerwehrverband Schleswig-Holstein<\/a>\n                    <\/p>\n<p><a data-category=\"citylink-story-view\" data-action=\"click\" data-label=\"Citylink in Meldungsansicht\" class=\"story-city event-trigger\" href=\"https:\/\/www.presseportal.de\/regional\/Kiel\" title=\"News aus Kiel \" rel=\"nofollow noopener\" target=\"_blank\">Kiel<\/a> (ots)<\/p>\n<p>Sehr geehrte Damen und Herren,<\/p>\n<p>die Spendenaktion der EDEKA Nordwest zugunsten der Kinder- und Jugendfeuerwehren startet in diesem Jahr bereits in die zw\u00f6lfte Runde. Zum offiziellen Verkaufsstart der Feuerwehr-Salami laden wir Sie herzlich zu einem Pressetermin ein, am<\/p>\n<p>Mittwoch, den 2. September 2026, um 9 Uhr<br \/>\nbei EDEKA Sven Fiedler in der Dr. Hell Stra\u00dfe 1, 24107 Kiel<\/p>\n<p>Landtagspr\u00e4sidentin des Landes Schleswig-Holstein Kristina Herbst wird die Feuerwehr-Salami als Schirmherrin mit einem symbolischen Anschnitt offiziell in den Verkauf begleiten. Details zur Verkaufsaktion und Kooperation mit den Feuerwehren erl\u00e4utern Ihnen gerne Matthias Biermann, Gesch\u00e4ftsf\u00fchrer des NORDfrische Centers von EDEKA Nordwest, in dem die Feuerwehr-Salami produziert wird, sowie Volker Arp, Landesgesch\u00e4ftsf\u00fchrer, und Thorsten Weber, stellvertretender Landesjugendfeuerwehrwart, beide vom Landesfeuerwehrverband Schleswig-Holstein. M\u00f6glichkeiten f\u00fcr Bildaufnahmen und Interviews sind vor Ort gegeben.<\/p>\n<p>Pro verkaufter Feuerwehr-Salami spendet EDEKA Nordwest 1 Euro an den jeweiligen Landesfeuerwehrverband des Bundeslandes im Absatzgebiet Nord, in dem die Packung erworben wurde.<\/p>\n<p>Bitte melden Sie sich bis zum 1. September um 13 Uhr bei der Unternehmenskommunikation EDEKA Nordwest f\u00fcr den Termin an (E-Mail: <a href=\"https:\/\/www.presseportal.de\/blaulicht\/pm\/12\/mailto:nw_presse@edeka.de\" class=\"uri-mailto\" rel=\"nofollow noopener\" target=\"_blank\">nw_presse@edeka.de<\/a>).<\/p>\n<p>EDEKA Nordwest im Profil<\/p>\n<p>EDEKA Nordwest mit Sitz in Moers ist eine von sechs genossenschaftlich organisierten Regionalgesellschaften des EDEKA-Verbundes. Gemeinsam mit mehr als 860 selbstst\u00e4ndigen Kaufleuten betreibt EDEKA Nordwest rund 1.550 M\u00e4rkte. Die Regionalgesellschaft ist am 1. Juli 2026 aus einer Fusion der beiden Regionalgesellschaften EDEKA Nord und EDEKA Rhein-Ruhr hervorgegangen und erzielte 2025 einen errechneten Konzernumsatz von 10,9 Milliarden Euro. Das Gesch\u00e4ftsgebiet umfasst Schleswig-Holstein, Hamburg und Mecklenburg-Vorpommern, Teile Niedersachsens und Brandenburgs sowie Nordrhein-Westfalen und angrenzende Regionen in Rheinland-Pfalz. Insgesamt besch\u00e4ftigt der Arbeitgeber EDEKA Nordwest rund 18.800 Mitarbeitende (2025). Zu den Vertriebsmarken der EDEKA Nordwest geh\u00f6ren EDEKA, E-Center, Marktkauf sowie trinkgut. Dar\u00fcber hinaus z\u00e4hlen die Produktionsbetriebe Rasting, das NORDfrische Center sowie die B\u00e4ckereien B\u00fcsch und Heinrich-von-Allw\u00f6rden-Gruppe zum Portfolio der Regionalgesellschaft Nordwest.<\/p>\n<p class=\"contact-headline\">R\u00fcckfragen bitte an:<\/p>\n<p class=\"contact-text\">Medien-R\u00fcckfragen bitte an:<\/p>\n<p>Landesfeuerwehrverband Schleswig-Holstein<br \/>Mareike Dahms<br \/>Telefon: 0431 \/ 2000 82-16<br \/>E-Mail: <a href=\"https:\/\/www.presseportal.de\/blaulicht\/pm\/12\/mailto:m.dahms@lfv-sh.de\" class=\"uri-mailto\" rel=\"nofollow noopener\" target=\"_blank\">m.dahms@lfv-sh.de<\/a><br \/><a target=\"_blank\" class=\"uri-ext outbound\" rel=\"noopener nofollow\" href=\"http:\/\/www.lfv-sh.de\">http:\/\/www.lfv-sh.de<\/a><\/p>\n<p class=\"originator\">Original-Content von: Landesfeuerwehrverband Schleswig-Holstein, \u00fcbermittelt durch news aktuell<\/p>\n","protected":false},"excerpt":{"rendered":"26.08.2026 \u2013 16:44 Landesfeuerwehrverband Schleswig-Holstein Kiel (ots) Sehr geehrte Damen und Herren, die Spendenaktion der EDEKA Nordwest zugunsten&hellip;\n","protected":false},"author":2,"featured_media":1184682,"comment_status":"","ping_status":"","sticky":false,"template":"","format":"standard","meta":{"footnotes":"","_share_on_mastodon":"0"},"categories":[1852],"tags":[3364,29,548,663,3934,985,30,13,4949,14,15,178,180,179,181,12,1971,17990],"class_list":["post-1262096","post","type-post","status-publish","format-standard","has-post-thumbnail","category-kiel","tag-de","tag-deutschland","tag-eu","tag-europa","tag-europe","tag-feuerwehr","tag-germany","tag-headlines","tag-kiel","tag-nachrichten","tag-news","tag-presse","tag-pressemeldung","tag-pressemitteilung","tag-pressemitteilungen","tag-schlagzeilen","tag-schleswig-holstein","tag-sh"],"share_on_mastodon":{"url":"https:\/\/pubeurope.com\/@de\/117162651435216495","error":""},"_links":{"self":[{"href":"https:\/\/www.europesays.com\/de\/wp-json\/wp\/v2\/posts\/1262096","targetHints":{"allow":["GET"]}}],"collection":[{"href":"https:\/\/www.europesays.com\/de\/wp-json\/wp\/v2\/posts"}],"about":[{"href":"https:\/\/www.europesays.com\/de\/wp-json\/wp\/v2\/types\/post"}],"author":[{"embeddable":true,"href":"https:\/\/www.europesays.com\/de\/wp-json\/wp\/v2\/users\/2"}],"replies":[{"embeddable":true,"href":"https:\/\/www.europesays.com\/de\/wp-json\/wp\/v2\/comments?post=1262096"}],"version-history":[{"count":0,"href":"https:\/\/www.europesays.com\/de\/wp-json\/wp\/v2\/posts\/1262096\/revisions"}],"wp:featuredmedia":[{"embeddable":true,"href":"https:\/\/www.europesays.com\/de\/wp-json\/wp\/v2\/media\/1184682"}],"wp:attachment":[{"href":"https:\/\/www.europesays.com\/de\/wp-json\/wp\/v2\/media?parent=1262096"}],"wp:term":[{"taxonomy":"category","embeddable":true,"href":"https:\/\/www.europesays.com\/de\/wp-json\/wp\/v2\/categories?post=1262096"},{"taxonomy":"post_tag","embeddable":true,"href":"https:\/\/www.europesays.com\/de\/wp-json\/wp\/v2\/tags?post=1262096"}],"curies":[{"name":"wp","href":"https:\/\/api.w.org\/{rel}","templated":true}]}}