{"id":1262111,"date":"2026-08-26T16:11:26","date_gmt":"2026-08-26T16:11:26","guid":{"rendered":"https:\/\/www.europesays.com\/de\/1262111\/"},"modified":"2026-08-26T16:11:26","modified_gmt":"2026-08-26T16:11:26","slug":"evakuierung-200-meter-um-blindgaenger-in-karlsruhe-bahnverkehr-betroffen-baden-wuerttemberg","status":"publish","type":"post","link":"https:\/\/www.europesays.com\/de\/1262111\/","title":{"rendered":"Evakuierung 200 Meter um Blindg\u00e4nger in Karlsruhe: Bahnverkehr betroffen &#8211; Baden-W\u00fcrttemberg"},"content":{"rendered":"<p>Nach dem Fund einer Fliegerbombe aus dem Zweiten Weltkrieg in der N\u00e4he des Karlsruher Hauptbahnhofs wird ein Gebiet im Radius von 200 Metern um den Blindg\u00e4nger ger\u00e4umt. Rund 1.000 Menschen m\u00fcssen ihre H\u00e4user und Wohnungen verlassen, wie ein Stadtsprecher mitteilte. F\u00fcr sie wurde ein Sammelpunkt in einer Schule eingerichtet.<\/p>\n<p>\u00abBetroffen ist neben dem Wohngebiet auch die Bahnstrecke zwischen Karlsruhe und Mannheim\u00bb, teilte die Stadt mit. Die Schnellfahrstrecke werde unmittelbar vor der Entsch\u00e4rfung gesperrt, sobald die Evakuierung abgeschlossen sei. Wann es so weit ist, sei derzeit unklar. Der G\u00fcterbahnhof ist den Angaben zufolge schon gesperrt.\u00a0<\/p>\n<p>Das Weltkriegsrelikt war den Angaben zufolge bei Bauarbeiten in einer Kleingartenanlage entdeckt worden. Wegen des Zustands der Bombe sollte der Kampfmittelbeseitigungsdienst Baden-W\u00fcrttemberg diese noch im Verlauf des Nachmittags beziehungsweise Abends entsch\u00e4rfen. Die Spezialisten seien schon vor Ort.<\/p>\n<p>Wie der Bahnverkehr umgeleitet wird, erfahren Sie hier:\u00a0<\/p>\n<p><a href=\"https:\/\/www.pz-news.de\/baden-wuerttemberg_artikel,-Bahn-leitet-Fernverkehr-waehrend-Bomben-Entschaerfung-um-_arid,2365840.html\" title=\"Bahn leitet Fernverkehr w&#xE4;hrend Bomben-Entsch&#xE4;rfung um\" rel=\"nofollow noopener\" target=\"_blank\"><img loading=\"lazy\" decoding=\"async\" src=\"https:\/\/www.europesays.com\/de\/wp-content\/uploads\/2026\/08\/5598899_1_0_squarewidth8_Der_Karlsruher_Hauptbahnhof_kann_waehrend_der_Entschaerfung_nicht_angefahre.jpeg\" alt=\"Hauptbahnhof Karlsruhe\" title=\"Hauptbahnhof Karlsruhe\" width=\"1\" height=\"1\" class=\"img-fluid\"\/><\/a><a href=\"https:\/\/www.pz-news.de\/baden-wuerttemberg_artikel,-Bahn-leitet-Fernverkehr-waehrend-Bomben-Entschaerfung-um-_arid,2365840.html\" title=\"Bahn leitet Fernverkehr w&#xE4;hrend Bomben-Entsch&#xE4;rfung um\" rel=\"nofollow noopener\" target=\"_blank\"><img loading=\"lazy\" decoding=\"async\" src=\"https:\/\/www.europesays.com\/de\/wp-content\/uploads\/2026\/08\/5598899_1_0_squarewidth8_Der_Karlsruher_Hauptbahnhof_kann_waehrend_der_Entschaerfung_nicht_angefahre.jpeg\" alt=\"Hauptbahnhof Karlsruhe\" title=\"Hauptbahnhof Karlsruhe\" width=\"1\" height=\"1\" class=\"img-fluid\"\/><\/a>Artikel<a href=\"https:\/\/www.pz-news.de\/baden-wuerttemberg_artikel,-Bahn-leitet-Fernverkehr-waehrend-Bomben-Entschaerfung-um-_arid,2365840.html\" data-upscore-url=\"\" rel=\"nofollow noopener\" target=\"_blank\">Bahn leitet Fernverkehr w\u00e4hrend Bomben-Entsch\u00e4rfung um<\/a>Riesige Evakuierungsaktion vor kurzem in Pforzheim<\/p>\n<p>Im Mai wurde in Pforzheim eine 1,8-Tonnen schwere Bombe bei routinem\u00e4\u00dfigen Bauarbeiten f\u00fcr den neuen Quartierspark in der Oststadt gefunden. 30.000 Menschen mussten f\u00fcr die Entsch\u00e4rfung evakuiert werden:<\/p>\n<p><a href=\"https:\/\/www.pz-news.de\/pforzheim_artikel,-Experten-von-Zustand-ueberrascht-Pforzheims-Weltkriegsbombe-koennte-tatsaechlich-Ausstellungsstueck-wer-_arid,2365059.html\" title=\"Experten von Zustand &#xFC;berrascht: Pforzheims Weltkriegsbombe k&#xF6;nnte tats&#xE4;chlich Ausstellungsst&#xFC;ck werden\" rel=\"nofollow noopener\" target=\"_blank\"><img loading=\"lazy\" decoding=\"async\" src=\"https:\/\/www.europesays.com\/de\/wp-content\/uploads\/2026\/08\/5561723_2_0_squarewidth8_Erdem_Oender_Stefano_Canora_und_Daniel_Kuhn_vom_Kampfmittelbeseitigungsdien.jpeg\" alt=\"Weltkriegsbombe Fundstelle Oststadt Entsch&#xE4;rft\" title=\"Erdem &#xD6;nder, Stefano Canora und Daniel Kuhn vom Kampfmittelbeseitigungsdienst an der entsch&#xE4;rften Luftmine. Erst bei der sp&#xE4;tere\" width=\"1\" height=\"1\" class=\"img-fluid\"\/><\/a><a href=\"https:\/\/www.pz-news.de\/pforzheim_artikel,-Experten-von-Zustand-ueberrascht-Pforzheims-Weltkriegsbombe-koennte-tatsaechlich-Ausstellungsstueck-wer-_arid,2365059.html\" title=\"Experten von Zustand &#xFC;berrascht: Pforzheims Weltkriegsbombe k&#xF6;nnte tats&#xE4;chlich Ausstellungsst&#xFC;ck werden\" rel=\"nofollow noopener\" target=\"_blank\"><img loading=\"lazy\" decoding=\"async\" src=\"https:\/\/www.europesays.com\/de\/wp-content\/uploads\/2026\/08\/5561723_2_0_squarewidth8_Erdem_Oender_Stefano_Canora_und_Daniel_Kuhn_vom_Kampfmittelbeseitigungsdien.jpeg\" alt=\"Weltkriegsbombe Fundstelle Oststadt Entsch&#xE4;rft\" title=\"Erdem &#xD6;nder, Stefano Canora und Daniel Kuhn vom Kampfmittelbeseitigungsdienst an der entsch&#xE4;rften Luftmine. Erst bei der sp&#xE4;tere\" width=\"1\" height=\"1\" class=\"img-fluid\"\/><\/a>Artikel<a href=\"https:\/\/www.pz-news.de\/pforzheim_artikel,-Experten-von-Zustand-ueberrascht-Pforzheims-Weltkriegsbombe-koennte-tatsaechlich-Ausstellungsstueck-wer-_arid,2365059.html\" data-upscore-url=\"\" rel=\"nofollow noopener\" target=\"_blank\">Experten von Zustand \u00fcberrascht: Pforzheims Weltkriegsbombe k\u00f6nnte tats\u00e4chlich Ausstellungsst\u00fcck werden<\/a><a href=\"https:\/\/www.pz-news.de\/pforzheim_artikel,-Liveticker-zum-Bombenfund-in-Pforzheim-zum-Nachlesen-So-sieht-die-Fliegerbombe-aus-dem-Oststadtpark-_arid,2350680.html\" title=\"Liveticker zum Nachlesen: So sieht die Fliegerbombe aus dem Oststadtpark aus\" rel=\"nofollow noopener\" target=\"_blank\"><img loading=\"lazy\" decoding=\"async\" src=\"https:\/\/www.europesays.com\/de\/wp-content\/uploads\/2026\/08\/5561922_1_0_squarewidth8_File_1_.jpg\" alt=\"Weltkriegsbombe Fundstelle Oststadt Entsch&#xE4;rft\" title=\"\" width=\"1\" height=\"1\" class=\"img-fluid\"\/><\/a><a href=\"https:\/\/www.pz-news.de\/pforzheim_artikel,-Liveticker-zum-Bombenfund-in-Pforzheim-zum-Nachlesen-So-sieht-die-Fliegerbombe-aus-dem-Oststadtpark-_arid,2350680.html\" title=\"Liveticker zum Nachlesen: So sieht die Fliegerbombe aus dem Oststadtpark aus\" rel=\"nofollow noopener\" target=\"_blank\"><img loading=\"lazy\" decoding=\"async\" src=\"https:\/\/www.europesays.com\/de\/wp-content\/uploads\/2026\/08\/5561922_1_0_squarewidth8_File_1_.jpg\" alt=\"Weltkriegsbombe Fundstelle Oststadt Entsch&#xE4;rft\" title=\"\" width=\"1\" height=\"1\" class=\"img-fluid\"\/><\/a>Artikel<a href=\"https:\/\/www.pz-news.de\/pforzheim_artikel,-Liveticker-zum-Bombenfund-in-Pforzheim-zum-Nachlesen-So-sieht-die-Fliegerbombe-aus-dem-Oststadtpark-_arid,2350680.html\" data-upscore-url=\"\" rel=\"nofollow noopener\" target=\"_blank\">Liveticker zum Nachlesen: So sieht die Fliegerbombe aus dem Oststadtpark aus<\/a><\/p>\n<p>\u00a9 dpa-infocom, dpa:260826-930-585435\/5<\/p>\n","protected":false},"excerpt":{"rendered":"Nach dem Fund einer Fliegerbombe aus dem Zweiten Weltkrieg in der N\u00e4he des Karlsruher Hauptbahnhofs wird ein Gebiet&hellip;\n","protected":false},"author":2,"featured_media":1261962,"comment_status":"","ping_status":"","sticky":false,"template":"","format":"standard","meta":{"footnotes":"","_share_on_mastodon":"0"},"categories":[1844],"tags":[1634,3364,29,30,8903,9844,4823,4338,7490],"class_list":["post-1262111","post","type-post","status-publish","format-standard","has-post-thumbnail","category-karlsruhe","tag-baden-wuerttemberg","tag-de","tag-deutschland","tag-germany","tag-karlsruhe","tag-kriegsfolgen","tag-meldung","tag-notfall","tag-vermischtes"],"share_on_mastodon":{"url":"https:\/\/pubeurope.com\/@de\/117162693612291985","error":""},"_links":{"self":[{"href":"https:\/\/www.europesays.com\/de\/wp-json\/wp\/v2\/posts\/1262111","targetHints":{"allow":["GET"]}}],"collection":[{"href":"https:\/\/www.europesays.com\/de\/wp-json\/wp\/v2\/posts"}],"about":[{"href":"https:\/\/www.europesays.com\/de\/wp-json\/wp\/v2\/types\/post"}],"author":[{"embeddable":true,"href":"https:\/\/www.europesays.com\/de\/wp-json\/wp\/v2\/users\/2"}],"replies":[{"embeddable":true,"href":"https:\/\/www.europesays.com\/de\/wp-json\/wp\/v2\/comments?post=1262111"}],"version-history":[{"count":0,"href":"https:\/\/www.europesays.com\/de\/wp-json\/wp\/v2\/posts\/1262111\/revisions"}],"wp:featuredmedia":[{"embeddable":true,"href":"https:\/\/www.europesays.com\/de\/wp-json\/wp\/v2\/media\/1261962"}],"wp:attachment":[{"href":"https:\/\/www.europesays.com\/de\/wp-json\/wp\/v2\/media?parent=1262111"}],"wp:term":[{"taxonomy":"category","embeddable":true,"href":"https:\/\/www.europesays.com\/de\/wp-json\/wp\/v2\/categories?post=1262111"},{"taxonomy":"post_tag","embeddable":true,"href":"https:\/\/www.europesays.com\/de\/wp-json\/wp\/v2\/tags?post=1262111"}],"curies":[{"name":"wp","href":"https:\/\/api.w.org\/{rel}","templated":true}]}}