{"id":1262139,"date":"2026-08-26T16:26:17","date_gmt":"2026-08-26T16:26:17","guid":{"rendered":"https:\/\/www.europesays.com\/de\/1262139\/"},"modified":"2026-08-26T16:26:17","modified_gmt":"2026-08-26T16:26:17","slug":"wall-street-ist-nervoes-fuer-anleger-bietet-europa-interessante-alternativen","status":"publish","type":"post","link":"https:\/\/www.europesays.com\/de\/1262139\/","title":{"rendered":"Wall Street ist nerv\u00f6s: &#8222;F\u00fcr Anleger bietet Europa interessante Alternativen&#8220;"},"content":{"rendered":"<p>Wall Street ist nerv\u00f6s&#8220;F\u00fcr Anleger bietet Europa interessante Alternativen&#8220;26.08.2026, 17:28 Uhr<\/p>\n<p class=\"Typography_text-m__XI0da Typography_weight-normal__pqUbH\">Die Wall Street ist auf Rekordniveau und US-Tech-Werte hoch bewertet &#8211; lohnt sich jetzt der Blick nach Europa? Warum europ\u00e4ische Aktien Anlegern derzeit mehr Sicherheit und weniger Fallh\u00f6he bieten k\u00f6nnten, erkl\u00e4rt ntv-B\u00f6rsenreporterin Corinna Wohlfeil.<\/p>\n","protected":false},"excerpt":{"rendered":"Wall Street ist nerv\u00f6s&#8220;F\u00fcr Anleger bietet Europa interessante Alternativen&#8220;26.08.2026, 17:28 Uhr Die Wall Street ist auf Rekordniveau und&hellip;\n","protected":false},"author":2,"featured_media":1262140,"comment_status":"","ping_status":"","sticky":false,"template":"","format":"standard","meta":{"footnotes":"","_share_on_mastodon":"0"},"categories":[3933],"tags":[28617,11713,1383,331,332,260904,108839,1384,548,663,158,3934,3935,13,1256,14,15,12,6888],"class_list":["post-1262139","post","type-post","status-publish","format-standard","has-post-thumbnail","category-eu","tag-aktienanalyse","tag-aktienhandel","tag-aktienkurse","tag-aktuelle-nachrichten","tag-aktuelle-news","tag-anleger-und-unternehmen","tag-boersengaenge","tag-dax","tag-eu","tag-europa","tag-europaeische-union","tag-europe","tag-european-union","tag-headlines","tag-kuenstliche-intelligenz","tag-nachrichten","tag-news","tag-schlagzeilen","tag-wall-street"],"share_on_mastodon":{"url":"https:\/\/pubeurope.com\/@de\/117162749760055215","error":""},"_links":{"self":[{"href":"https:\/\/www.europesays.com\/de\/wp-json\/wp\/v2\/posts\/1262139","targetHints":{"allow":["GET"]}}],"collection":[{"href":"https:\/\/www.europesays.com\/de\/wp-json\/wp\/v2\/posts"}],"about":[{"href":"https:\/\/www.europesays.com\/de\/wp-json\/wp\/v2\/types\/post"}],"author":[{"embeddable":true,"href":"https:\/\/www.europesays.com\/de\/wp-json\/wp\/v2\/users\/2"}],"replies":[{"embeddable":true,"href":"https:\/\/www.europesays.com\/de\/wp-json\/wp\/v2\/comments?post=1262139"}],"version-history":[{"count":0,"href":"https:\/\/www.europesays.com\/de\/wp-json\/wp\/v2\/posts\/1262139\/revisions"}],"wp:featuredmedia":[{"embeddable":true,"href":"https:\/\/www.europesays.com\/de\/wp-json\/wp\/v2\/media\/1262140"}],"wp:attachment":[{"href":"https:\/\/www.europesays.com\/de\/wp-json\/wp\/v2\/media?parent=1262139"}],"wp:term":[{"taxonomy":"category","embeddable":true,"href":"https:\/\/www.europesays.com\/de\/wp-json\/wp\/v2\/categories?post=1262139"},{"taxonomy":"post_tag","embeddable":true,"href":"https:\/\/www.europesays.com\/de\/wp-json\/wp\/v2\/tags?post=1262139"}],"curies":[{"name":"wp","href":"https:\/\/api.w.org\/{rel}","templated":true}]}}