{"id":126220,"date":"2025-05-20T19:39:09","date_gmt":"2025-05-20T19:39:09","guid":{"rendered":"https:\/\/www.europesays.com\/de\/126220\/"},"modified":"2025-05-20T19:39:09","modified_gmt":"2025-05-20T19:39:09","slug":"dupuy-de-lome-in-ostsee-gesichtet-warnung-an-russland-frankreich-schickt-spezial-schiff","status":"publish","type":"post","link":"https:\/\/www.europesays.com\/de\/126220\/","title":{"rendered":"&#8222;Dupuy de Lome&#8220; in Ostsee gesichtet: Warnung an Russland &#8211; Frankreich schickt Spezial-Schiff"},"content":{"rendered":"<p>          20.05.2025 19:13 Uhr \u2013  00:55 min<\/p>\n<p>              &#8222;Dupuy de Lome&#8220; in Ostsee gesichtet<br \/>\n              Warnung an Russland &#8211; Frankreich schickt Spezial-Schiff<\/p>\n<p>\n              In der Ostsee taucht ein Spezial-Schiff der franz\u00f6sischen Marine auf. Die &#8222;Dupuy de Lome&#8220; verf\u00fcgt \u00fcber moderne Abh\u00f6r-, Mess- und Ortungstechnik und kann sowohl Funk und Radar abh\u00f6ren, als auch Ziele weit im Landesinnern lokalisieren.<\/p>\n","protected":false},"excerpt":{"rendered":"20.05.2025 19:13 Uhr \u2013 00:55 min &#8222;Dupuy de Lome&#8220; in Ostsee gesichtet Warnung an Russland &#8211; Frankreich schickt&hellip;\n","protected":false},"author":2,"featured_media":126221,"comment_status":"","ping_status":"","sticky":false,"template":"","format":"standard","meta":{"footnotes":""},"categories":[3974],"tags":[331,332,548,663,3934,3980,156,13,929,451,14,1159,15,307,12,6473,317,3081],"class_list":{"0":"post-126220","1":"post","2":"type-post","3":"status-publish","4":"format-standard","5":"has-post-thumbnail","7":"category-frankreich","8":"tag-aktuelle-nachrichten","9":"tag-aktuelle-news","10":"tag-eu","11":"tag-europa","12":"tag-europe","13":"tag-france","14":"tag-frankreich","15":"tag-headlines","16":"tag-kriege-und-konflikte","17":"tag-militaer","18":"tag-nachrichten","19":"tag-nato","20":"tag-news","21":"tag-russland","22":"tag-schlagzeilen","23":"tag-sicherheitspolitik","24":"tag-ukraine","25":"tag-ukraine-konflikt"},"share_on_mastodon":{"url":"https:\/\/pubeurope.com\/@de\/114541859027189479","error":""},"_links":{"self":[{"href":"https:\/\/www.europesays.com\/de\/wp-json\/wp\/v2\/posts\/126220","targetHints":{"allow":["GET"]}}],"collection":[{"href":"https:\/\/www.europesays.com\/de\/wp-json\/wp\/v2\/posts"}],"about":[{"href":"https:\/\/www.europesays.com\/de\/wp-json\/wp\/v2\/types\/post"}],"author":[{"embeddable":true,"href":"https:\/\/www.europesays.com\/de\/wp-json\/wp\/v2\/users\/2"}],"replies":[{"embeddable":true,"href":"https:\/\/www.europesays.com\/de\/wp-json\/wp\/v2\/comments?post=126220"}],"version-history":[{"count":0,"href":"https:\/\/www.europesays.com\/de\/wp-json\/wp\/v2\/posts\/126220\/revisions"}],"wp:featuredmedia":[{"embeddable":true,"href":"https:\/\/www.europesays.com\/de\/wp-json\/wp\/v2\/media\/126221"}],"wp:attachment":[{"href":"https:\/\/www.europesays.com\/de\/wp-json\/wp\/v2\/media?parent=126220"}],"wp:term":[{"taxonomy":"category","embeddable":true,"href":"https:\/\/www.europesays.com\/de\/wp-json\/wp\/v2\/categories?post=126220"},{"taxonomy":"post_tag","embeddable":true,"href":"https:\/\/www.europesays.com\/de\/wp-json\/wp\/v2\/tags?post=126220"}],"curies":[{"name":"wp","href":"https:\/\/api.w.org\/{rel}","templated":true}]}}