{"id":1262207,"date":"2026-08-26T17:06:14","date_gmt":"2026-08-26T17:06:14","guid":{"rendered":"https:\/\/www.europesays.com\/de\/1262207\/"},"modified":"2026-08-26T17:06:14","modified_gmt":"2026-08-26T17:06:14","slug":"berlin-neukoelln-nach-bombenfund-seniorenheim-wird-nicht-evakuiert","status":"publish","type":"post","link":"https:\/\/www.europesays.com\/de\/1262207\/","title":{"rendered":"Berlin-Neuk\u00f6lln: Nach Bombenfund: Seniorenheim wird nicht evakuiert"},"content":{"rendered":"<p class=\"fp-paragraph\"><strong>Berlin<\/strong> &#8211; Ein Seniorenheim, das im Sperrkreis f\u00fcr die Entsch\u00e4rfung einer Bombe in Berlin-Neuk\u00f6lln liegt, muss doch nicht ger\u00e4umt werden. Mit dem Altenheim sei abgemacht worden, dass die Bewohner im Haus bleiben k\u00f6nnten und es nicht verlassen m\u00fcssten, sagte Polizeisprecher Martin Halweg. Sie sollten sich aber nur im Hausinneren aufhalten und nicht an den Fenstern.\u00a0<\/p>\n<p class=\"fp-paragraph\">In dem Heim gibt es auch Bewohnerinnen und Bewohner, die im Bett liegen oder im Rollstuhl sitzen. Das Heim liegt unweit des Neuk\u00f6llner Schifffahrtskanals, wo eine Fliegerbombe gefunden wurde. Sie soll noch heute entsch\u00e4rft werden. Rund 5.600 Haushalte sind betroffen.<\/p>\n","protected":false},"excerpt":{"rendered":"Berlin &#8211; Ein Seniorenheim, das im Sperrkreis f\u00fcr die Entsch\u00e4rfung einer Bombe in Berlin-Neuk\u00f6lln liegt, muss doch nicht&hellip;\n","protected":false},"author":2,"featured_media":1262208,"comment_status":"","ping_status":"","sticky":false,"template":"","format":"standard","meta":{"footnotes":"","_share_on_mastodon":"0"},"categories":[1825],"tags":[296,29,30,9844,4338],"class_list":["post-1262207","post","type-post","status-publish","format-standard","has-post-thumbnail","category-berlin","tag-berlin","tag-deutschland","tag-germany","tag-kriegsfolgen","tag-notfall"],"share_on_mastodon":{"url":"https:\/\/pubeurope.com\/@de\/117162907132748271","error":""},"_links":{"self":[{"href":"https:\/\/www.europesays.com\/de\/wp-json\/wp\/v2\/posts\/1262207","targetHints":{"allow":["GET"]}}],"collection":[{"href":"https:\/\/www.europesays.com\/de\/wp-json\/wp\/v2\/posts"}],"about":[{"href":"https:\/\/www.europesays.com\/de\/wp-json\/wp\/v2\/types\/post"}],"author":[{"embeddable":true,"href":"https:\/\/www.europesays.com\/de\/wp-json\/wp\/v2\/users\/2"}],"replies":[{"embeddable":true,"href":"https:\/\/www.europesays.com\/de\/wp-json\/wp\/v2\/comments?post=1262207"}],"version-history":[{"count":0,"href":"https:\/\/www.europesays.com\/de\/wp-json\/wp\/v2\/posts\/1262207\/revisions"}],"wp:featuredmedia":[{"embeddable":true,"href":"https:\/\/www.europesays.com\/de\/wp-json\/wp\/v2\/media\/1262208"}],"wp:attachment":[{"href":"https:\/\/www.europesays.com\/de\/wp-json\/wp\/v2\/media?parent=1262207"}],"wp:term":[{"taxonomy":"category","embeddable":true,"href":"https:\/\/www.europesays.com\/de\/wp-json\/wp\/v2\/categories?post=1262207"},{"taxonomy":"post_tag","embeddable":true,"href":"https:\/\/www.europesays.com\/de\/wp-json\/wp\/v2\/tags?post=1262207"}],"curies":[{"name":"wp","href":"https:\/\/api.w.org\/{rel}","templated":true}]}}