{"id":1262267,"date":"2026-08-26T17:48:38","date_gmt":"2026-08-26T17:48:38","guid":{"rendered":"https:\/\/www.europesays.com\/de\/1262267\/"},"modified":"2026-08-26T17:48:38","modified_gmt":"2026-08-26T17:48:38","slug":"kurzer-schreckmoment-abc-alarm-beim-spatenstich-einer-bielefelder-chemiefirma","status":"publish","type":"post","link":"https:\/\/www.europesays.com\/de\/1262267\/","title":{"rendered":"Kurzer Schreckmoment: ABC-Alarm beim Spatenstich einer Bielefelder Chemiefirma"},"content":{"rendered":"<p id=\"absatz1\" class=\"em_text\">Bielefeld-Heepen. Das war mal ein symbolischer Spatenstich mit einer besonderen Note: Kurz nachdem Sascha Meyer, Gesch\u00e4ftsf\u00fchrer des Chemieunternehmens Dr. Hesse, und G\u00e4ste die Grabwerkzeuge f\u00fcr den Neubau in die Erde gerammt hatten, r\u00fcckte ein Gro\u00dfaufgebot der Feuerwehr an Wernings Hof an: ABC-Alarm war ausgel\u00f6st worden, weil ein bei\u00dfender Geruch in der Luft lag.<\/p>\n<p id=\"absatz2\" class=\"em_text\">Mitarbeiter der benachbarten Baustofffirma Linnenbecker hatten diesen am Mittwochmorgen wahrgenommen und die Feuerwehr alarmiert. Es roch nach Ammoniak, ein Stoff, der in sehr geringen Mengen bei Dr. Hesse in der Produktion zum Einsatz kommt. Daher r\u00fcckte<a href=\"https:\/\/www.nw.de\/lokal\/bielefeld\/mitte\/24404167_Grosseinsatz-der-Bielefelder-Feuerwehr-wegen-Ammoniak-Geruch.html\" rel=\"nofollow noopener\" target=\"_blank\"> der Dekon-Zug der Feuerwehr Bielefeld <\/a>an, bestehend aus mehreren L\u00f6schabteilungen, die Berufswehr aus zwei Wachen und die L\u00f6schabteilung Heepen \u2013 insgesamt rund 70 Einsatzkr\u00e4fte.<\/p>\n<p id=\"absatz3\" class=\"em_text\">Nach einem Rundgang mit dem Einsatzleiter der Feuerwehr durch das Chemieunternehmen konnte jedoch schnell Entwarnung gegeben werden. Weder in der Fertigung noch in den Laboratorien konnte Ammoniakgeruch festgestellt werden. Daher r\u00fcckten die Einsatzkr\u00e4fte, die auf der Eckendorfer Stra\u00dfe Aufstellung genommen hatten, bereits nach einer halben Stunde wieder ab.<\/p>\n<p>Ung\u00fcnstige Wetterlage k\u00f6nnte Abluft runtergedr\u00fcckt haben<\/p>\n<p>        <a href=\"https:\/\/www.nw.de\/_em_daten\/_cache\/image\/1xRDhlVms3Mk03Y3o2VzVYUUVVNzVjVDNMdHNwdjZmWmhHWjlUVi94ZnBLTWdiZDNtRENDc3JrT3N3aGFnS2dzZlJ6WS9PSDRISnBtdmRmWG50QU93T1IvVjJKZFcweENaY2U3WDFBSVkrT2c9\/260826-1847-923392666.jpg\" class=\"nw-article-image\" title=\"Der Morgen begann mit einem Schreckmoment. Weil Ammoniak-Geruch in der Heeper Luft lag, wurde ABC-Alarm ausgel\u00f6st. Nach kurzer Zeit konnte jedoch Entwarnung gegeben werden.\" data-glightbox=\"type: image; description: Der Morgen begann mit einem Schreckmoment. Weil Ammoniak-Geruch in der Heeper Luft lag, wurde ABC-Alarm ausgel\u00f6st. Nach kurzer Zeit konnte jedoch Entwarnung gegeben werden.  | \u00a9 Susanne Lahr \" rel=\"nofollow noopener\" target=\"_blank\"><br \/>\n            <img decoding=\"async\" src=\"https:\/\/www.europesays.com\/de\/wp-content\/uploads\/2026\/08\/260826-1847-923392666.jpg\" class=\"nw-img-fluid nw-w-full nw-lazy nw-rounded-t-md\" alt=\"Der Morgen begann mit einem Schreckmoment. Weil Ammoniak-Geruch in der Heeper Luft lag, wurde ABC-Alarm ausgel\u00f6st. Nach kurzer Zeit konnte jedoch Entwarnung gegeben werden. - \u00a9 Susanne Lahr\" data-format=\"16:9\"\/><br \/>\n        <\/a><\/p>\n<p>                Der Morgen begann mit einem Schreckmoment. Weil Ammoniak-Geruch in der Heeper Luft lag, wurde ABC-Alarm ausgel\u00f6st. Nach kurzer Zeit konnte jedoch Entwarnung gegeben werden.<br \/>\n                                    | \u00a9 Susanne Lahr<\/p>\n<p id=\"absatz5\" class=\"em_text\">Die Vermutung geht dahin, dass eine ung\u00fcnstige Wetterlage die gereinigte Abluft der Absauganlage kurzfristig wieder nach unten gedr\u00fcckt hat. \u201eDas ist in den vergangenen 16 Jahren, seitdem ich hier bin, vielleicht drei- bis viermal vorgekommen\u201c, sagt Sascha Meyer. Eine technische St\u00f6rung habe nicht vorgelegen, es habe keine Gefahr f\u00fcr Mitarbeiter und Anwohner gegeben, betont der Gesch\u00e4ftsf\u00fchrer.<\/p>\n<p>\n        \u00d7\n    <\/p>\n<p>\n            Sie erhalten in wenigen Minuten eine E-Mail zur Best\u00e4tigung Ihrer Anmeldung.\n        <\/p>\n<p>Erst danach ist diese abgeschlossen.<\/p>\n<p>Bitte pr\u00fcfen Sie auch den Spam-Ordner.<\/p>\n<p>\n        \u00d7\n    <\/p>\n<p>\n            Sie haben bisher Ihre E-Mail-Adresse noch nicht best\u00e4tigt.\n        <\/p>\n<p>Erst danach ist diese abgeschlossen.<\/p>\n<p>Bitte pr\u00fcfen Sie auch den Spam-Ordner.<\/p>\n<p>\n        \u00d7\n    <\/p>\n<p>\n            Es ist einen Fehler aufgetreten\n        <\/p>\n<p>Bei Fragen hilft unser Newsletter-Support<\/p>\n<p> Newsletter<\/p>\n<p> Wirtschaft <\/p>\n<p>W\u00f6chentlich die neuesten Wirtschaftsthemen und Entwicklungen aus OWL.<\/p>\n<p>                Jetzt anmelden<\/p>\n<p id=\"absatz6\" class=\"em_text\">Mit etwas Versp\u00e4tung ging der offizielle Teil weiter, in dem das Unternehmen den G\u00e4sten des symbolischen Spatenstichs \u2013 darunter Landtagsabgeordneter Tom Br\u00fcntrup und Bezirksb\u00fcrgermeister Holm Sternbacher \u2013 vorstellte, warum das Unternehmen an geschichtstr\u00e4chtiger Stelle anbaut.<\/p>\n<p id=\"absatz7\" class=\"em_text\">Dort, wo nun das neue Verwaltungsgeb\u00e4ude der Chemiefirma entsteht, stand bis vor f\u00fcnf Jahren noch die traditionsreiche Gastst\u00e4tte Wernings Hof, die nach dem Corona-Lockdown nicht wiederer\u00f6ffnet hatte. Gustav-Adolf Werning bot daraufhin Haus und Hof seinem guten Nachbarn an, der sich das Gel\u00e4nde als Ausbaureserve zulegte und nun darauf zur\u00fcckgreift.<\/p>\n<p id=\"absatz8\"><b class=\"bold\">Lesen Sie auch: <\/b><a href=\"https:\/\/www.nw.de\/lokal\/bielefeld\/mitte\/24404359_Gute-Nachrichten-Bielefelds-groesste-Stadtbahn-Baustelle-wird-bald-fertig.html\" rel=\"nofollow noopener\" target=\"_blank\">Gute Nachrichten: Bielefelds gr\u00f6\u00dfte Stadtbahnbaustelle wird bald fertig<\/a><\/p>\n<p>Strategische Entscheidung bindet Dr. Hesse weiter an Bielefeld<\/p>\n<p>        <a href=\"https:\/\/www.nw.de\/_em_daten\/_cache\/image\/1xRDhlVms3Mk03Y3o2VzVYUUVVNzVjVDNMdHNwdjZmWmhHWjlUVi94ZnBLTWdiZDNtRENDc3JrT3N3aGFnS2dzZkM0Nnhsb3YvRE9WYjFvSzcyMzE1dW9HdjJKS2NsdkE2MHhqWmxmS3NpeU09\/260826-1847-923392652.jpg\" class=\"nw-article-image\" title=\"In der Fl\u00fcssigkeiten-Mischanlage der Firma Dr. Hesse werden j\u00e4hrlich bis zu 7.000 Tonnen Chemikalien produziert.\" data-glightbox=\"type: image; description: In der Fl\u00fcssigkeiten-Mischanlage der Firma Dr. Hesse werden j\u00e4hrlich bis zu 7.000 Tonnen Chemikalien produziert.  | \u00a9 Susanne Lahr \" rel=\"nofollow noopener\" target=\"_blank\"><br \/>\n            <img decoding=\"async\" src=\"https:\/\/www.europesays.com\/de\/wp-content\/uploads\/2026\/08\/260826-1847-923392652.jpg\" class=\"nw-img-fluid nw-w-full nw-lazy nw-rounded-t-md\" alt=\"In der Fl\u00fcssigkeiten-Mischanlage der Firma Dr. Hesse werden j\u00e4hrlich bis zu 7.000 Tonnen Chemikalien produziert. - \u00a9 Susanne Lahr\" data-format=\"16:9\"\/><br \/>\n        <\/a><\/p>\n<p>                In der Fl\u00fcssigkeiten-Mischanlage der Firma Dr. Hesse werden j\u00e4hrlich bis zu 7.000 Tonnen Chemikalien produziert.<br \/>\n                                    | \u00a9 Susanne Lahr<\/p>\n<p id=\"absatz10\" class=\"em_text\">Auf dem bisherigen Firmengel\u00e4nde wird nach den Worten von Sascha Meyer zus\u00e4tzlich der Labor- und Galvaniktrakt erweitert. Insgesamt werden rund 2,5 Millionen Euro investiert. \u201eMit so einer strategischen Entscheidung binden wir uns weiter lange an Bielefeld\u201c, betont Meyer. Und sie sichere die 67 Arbeitspl\u00e4tze in Heepen.<\/p>\n<p id=\"absatz11\" class=\"em_text\">Die Dr. Hesse GmbH &amp; Cie. KG besteht seit mehr als 130 Jahren. Seit den 1960er Jahren stellt die Firma in Heepen Spezialchemikalien f\u00fcr die galvanische und chemische Oberfl\u00e4chenbehandlung her. Beispielsweise werden damit Fensterbeschl\u00e4ge vor Korrosion gesch\u00fctzt. \u201eIn diesem Bereich sind wir Weltmarktf\u00fchrer\u201c, betont Gesch\u00e4ftsf\u00fchrer Meyer selbstbewusst.<\/p>\n<p id=\"absatz12\"><b class=\"bold\">Ebenfalls interessant:<\/b> <a href=\"https:\/\/www.nw.de\/lokal\/bielefeld\/mitte\/24404443_Bielefelder-Baukonzern-Goldbeck-will-mit-starkem-Partner-den-US-Markt-erobern.html\" rel=\"nofollow noopener\" target=\"_blank\">Bielefelder Baukonzern Goldbeck will mit starken Partnern den US-Markt erobern<\/a><\/p>\n<p>Produkte f\u00fcr Metall- und Oberfl\u00e4chenveredelung<\/p>\n<p>        <a href=\"https:\/\/www.nw.de\/_em_daten\/_cache\/image\/1xRDhlVms3Mk03Y3o2VzVYUUVVNzVjVDNMdHNwdjZmWmhHWjlUVi94ZnBLTWdiZDNtRENDc3JrT3N3aGFnS2dzZkdKWVFQcU81OFU4UUdDWlV4OGxHMlFWM1JTTENaM05TZXRoZjlxcitwZU09\/260826-1847-923391359.jpg\" class=\"nw-article-image\" title=\"Auf dem Gel\u00e4nde, auf dem nun gebaut wird, stand bis 2021 die Traditionsgastst\u00e4tte \" wernings=\"\" hof=\"\" data-glightbox=\"type: image; description: Auf dem Gel\u00e4nde, auf dem nun gebaut wird, stand bis 2021 die Traditionsgastst\u00e4tte &quot;Wernings Hof&quot;.  | \u00a9 Andreas Zobe \" rel=\"nofollow noopener\" target=\"_blank\"><br \/>\n            <img decoding=\"async\" src=\"https:\/\/www.europesays.com\/de\/wp-content\/uploads\/2026\/08\/260826-1847-923391359.jpg\" class=\"nw-img-fluid nw-w-full nw-lazy nw-rounded-t-md\" alt=\"Auf dem Gel\u00e4nde, auf dem nun gebaut wird, stand bis 2021 die Traditionsgastst\u00e4tte &quot;Wernings Hof&quot;. - \u00a9 Andreas Zobe\" data-format=\"16:9\"\/><br \/>\n        <\/a><\/p>\n<p>                Auf dem Gel\u00e4nde, auf dem nun gebaut wird, stand bis 2021 die Traditionsgastst\u00e4tte &#8222;Wernings Hof&#8220;.<br \/>\n                                    | \u00a9 Andreas Zobe<\/p>\n<p id=\"absatz14\" class=\"em_text\">Eingesetzt werden die mehr als 600 Produkte vor allem von Galvanikbetrieben und Unternehmen der industriellen Metall- und Oberfl\u00e4chenveredelung. Mit Partnern werden sie in rund 35 L\u00e4nder vertrieben. Forschung und Entwicklung spielen ebenfalls eine gro\u00dfe Rolle. Meyer betont, dass Dr. Hesse eines von vier verbliebenden Familienbetrieben in der Chemieindustrie sei, die sich gegen zwei gro\u00dfe Konzerne der Branche mit globalen Strukturen behaupten. Seine Firma k\u00f6nne zielgenauer auf den Kundenbedarf hin entwickeln und punkte mit einer individuellen Betreuung. Die Heeper haben f\u00fcnf Tochterunternehmen in Polen, Italien, Kolumbien, Mexiko und China (Joint Venture). Das Know-how bleibe dabei immer in Bielefeld, betont Sascha Meyer. <\/p>\n","protected":false},"excerpt":{"rendered":"Bielefeld-Heepen. Das war mal ein symbolischer Spatenstich mit einer besonderen Note: Kurz nachdem Sascha Meyer, Gesch\u00e4ftsf\u00fchrer des Chemieunternehmens&hellip;\n","protected":false},"author":2,"featured_media":1262268,"comment_status":"","ping_status":"","sticky":false,"template":"","format":"standard","meta":{"footnotes":"","_share_on_mastodon":"0"},"categories":[1841],"tags":[260920,1605,64861,3364,29,985,30,260922,44678,9307,260921,198343,736,164252,1612,1613,1209,260923,38774,26594],"class_list":["post-1262267","post","type-post","status-publish","format-standard","has-post-thumbnail","category-bielefeld","tag-ammoniakgeruch","tag-bielefeld","tag-chemiefirma","tag-de","tag-deutschland","tag-feuerwehr","tag-germany","tag-gustav-adolf-werning","tag-heepen","tag-label_foto","tag-linnenbecker","tag-meta_artikelklasse_aboanker","tag-meta_copyrights_nw","tag-meta_eo_zusammenfassung","tag-meta_themen_wirtschaft","tag-meta_userneeds_informieremich","tag-nordrhein-westfalen","tag-sascha-meyer","tag-schreckmoment","tag-spatenstich"],"share_on_mastodon":{"url":"https:\/\/pubeurope.com\/@de\/117163075234284349","error":""},"_links":{"self":[{"href":"https:\/\/www.europesays.com\/de\/wp-json\/wp\/v2\/posts\/1262267","targetHints":{"allow":["GET"]}}],"collection":[{"href":"https:\/\/www.europesays.com\/de\/wp-json\/wp\/v2\/posts"}],"about":[{"href":"https:\/\/www.europesays.com\/de\/wp-json\/wp\/v2\/types\/post"}],"author":[{"embeddable":true,"href":"https:\/\/www.europesays.com\/de\/wp-json\/wp\/v2\/users\/2"}],"replies":[{"embeddable":true,"href":"https:\/\/www.europesays.com\/de\/wp-json\/wp\/v2\/comments?post=1262267"}],"version-history":[{"count":0,"href":"https:\/\/www.europesays.com\/de\/wp-json\/wp\/v2\/posts\/1262267\/revisions"}],"wp:featuredmedia":[{"embeddable":true,"href":"https:\/\/www.europesays.com\/de\/wp-json\/wp\/v2\/media\/1262268"}],"wp:attachment":[{"href":"https:\/\/www.europesays.com\/de\/wp-json\/wp\/v2\/media?parent=1262267"}],"wp:term":[{"taxonomy":"category","embeddable":true,"href":"https:\/\/www.europesays.com\/de\/wp-json\/wp\/v2\/categories?post=1262267"},{"taxonomy":"post_tag","embeddable":true,"href":"https:\/\/www.europesays.com\/de\/wp-json\/wp\/v2\/tags?post=1262267"}],"curies":[{"name":"wp","href":"https:\/\/api.w.org\/{rel}","templated":true}]}}