{"id":1262275,"date":"2026-08-26T17:54:35","date_gmt":"2026-08-26T17:54:35","guid":{"rendered":"https:\/\/www.europesays.com\/de\/1262275\/"},"modified":"2026-08-26T17:54:35","modified_gmt":"2026-08-26T17:54:35","slug":"bochum-frau-63-faehrt-mit-dem-auto-einen-kilometer-weit-in-den-u-bahn-tunnel","status":"publish","type":"post","link":"https:\/\/www.europesays.com\/de\/1262275\/","title":{"rendered":"Bochum: Frau (63) f\u00e4hrt mit dem Auto einen Kilometer weit in den U-Bahn-Tunnel"},"content":{"rendered":"<p class=\"m-0 text-lg font-normal leading-[30px] text-gray-800\">\n                <strong>Rund einen Kilometer weit ist eine 63-J\u00e4hrige in Bochum mit ihrem Auto durch den Tunnel der Stra\u00dfenbahn gefahren, vorbei an einer unterirdischen Haltestelle. Eine Bahn kam ihr auf der Strecke nicht entgegen.<\/strong>\n              <\/p>\n<p>              Auto im Stra\u00dfenbahntunnel in Bochum<\/p>\n<p class=\"m-0 text-lg font-normal leading-[30px] text-gray-800\">\n                Gegen 10.30 Uhr am Montagvormittag meldeten Zeugen der Feuerwehr in Bochum (<a target=\"_blank\" href=\"https:\/\/www.berliner-kurier.de\/topics\/nordrhein-westfalen\" rel=\"nofollow noopener\">NRW<\/a>) einen Pkw im Gleisbereich der unterirdischen Stra\u00dfenbahn an der Haltestelle Planetarium. Vor Ort stellte sich heraus: Die Bochumerin war an der Haltestelle Vonovia Ruhrstadion an der Castroper Stra\u00dfe \u00fcber die oberirdischen Gleise in Richtung Hauptbahnhof in den Tunnel eingefahren.\n              <\/p>\n<p class=\"m-0 text-lg font-normal leading-[30px] text-gray-800\">\n                Die Einsatzkr\u00e4fte lokalisierten zun\u00e4chst die Position des Wagens. Eine Stra\u00dfenbahn, die sich ebenfalls auf der Strecke befand, wurde von der Bogestra eigenst\u00e4ndig evakuiert. Nach Angaben der Polizei kam das Auto etwa 300 Meter vor der Haltestelle Hauptbahnhof zum Stehen. Zu einer Kollision kam es nicht, verletzt wurde au\u00dfer der Fahrerin niemand.\n              <\/p>\n<p>              Warum fuhr die Frau in den Stra\u00dfenbahntunnel?<\/p>\n<p class=\"m-0 text-lg font-normal leading-[30px] text-gray-800\">\n                Ausl\u00f6ser war nach ersten Erkenntnissen ein internistischer Notfall am Steuer, wie ein Feuerwehrsprecher der Deutschen Presse-Agentur sagte. <a href=\"https:\/\/www.berliner-kurier.de\/panorama\/seniorin-stuerzt-mit-auto-zwei-meter-tief-auf-terrasse-li.10276176\" rel=\"nofollow noopener\" target=\"_blank\">Die Frau sei dadurch orientierungslos geworden.<\/a> Der Rettungsdienst versorgte sie im Tunnel und brachte sie anschlie\u00dfend in ein Bochumer Krankenhaus.\n              <\/p>\n<p>                  <img decoding=\"async\" src=\"https:\/\/www.europesays.com\/de\/wp-content\/uploads\/2026\/08\/1787766875_249_098275b6-3cc7-457f-8c1d-4090c95ff04f.jpg\"   alt=\"Die Autofahrerin war mit ihrem Wagen etwa einen Kilometer tief im Tunnel gelandet, hatte auch eine Haltestelle passiert.\" class=\"h-full w-full object-cover\" loading=\"lazy\" data-original-url=\"https:\/\/blzprod-endpoint-h3ajcyhfd4gsducd.a03.azurefd.net\/images\/2026\/08\/24\/098275b6-3cc7-457f-8c1d-4090c95ff04f.jpg\" data-caption=\"Die Autofahrerin war mit ihrem Wagen etwa einen Kilometer tief im Tunnel gelandet, hatte auch eine Haltestelle passiert.\" data-source=\"Justin Brosch\/dpa\"\/><\/p>\n<p class=\"m-0 flex-[3] text-left text-xs font-normal leading-[18px] text-gray-650\">Die Autofahrerin war mit ihrem Wagen etwa einen Kilometer tief im Tunnel gelandet, hatte auch eine Haltestelle passiert.<\/p>\n<p class=\"m-0 mt-1 flex-1 text-left text-xs font-normal leading-[18px] text-gray-650 md:mt-0 md:text-right\">\n                        \u00a9 Justin Brosch\/dpa\n                      <\/p>\n<p>              Bergung mit Rollwagen: Strecke stundenlang gesperrt<\/p>\n<p class=\"m-0 text-lg font-normal leading-[30px] text-gray-800\">\n                F\u00fcr die Bergung hoben <a target=\"_blank\" href=\"https:\/\/www.berliner-kurier.de\/topics\/feuerwehr\" rel=\"nofollow noopener\">Feuerwehrleute<\/a> und Mitarbeiter der Bogestra den Wagen auf spezielle Rollwagen des Verkehrsbetriebs. Mit einem Zwei-Wege-Fahrzeug wurde das Auto anschlie\u00dfend kontrolliert aus dem Tunnel gezogen. Bis zu 30 Einsatzkr\u00e4fte waren beteiligt, gegen 15 Uhr endete der Einsatz.<\/p>\n<p>Die Strecke zwischen Ruhrstadion und Hauptbahnhof blieb w\u00e4hrenddessen komplett gesperrt, die Linien 308 und 318 waren \u00fcber Stunden unterbrochen. Die Bogestra richtete einen Busersatzverkehr ein. Das Verkehrskommissariat der Polizei ermittelt nun zum genauen Unfallhergang.<\/p>\n","protected":false},"excerpt":{"rendered":"Rund einen Kilometer weit ist eine 63-J\u00e4hrige in Bochum mit ihrem Auto durch den Tunnel der Stra\u00dfenbahn gefahren,&hellip;\n","protected":false},"author":2,"featured_media":1262276,"comment_status":"","ping_status":"","sticky":false,"template":"","format":"standard","meta":{"footnotes":"","_share_on_mastodon":"0"},"categories":[1839],"tags":[513,7507,3364,29,30,2777,15690,1209,121,26036,149480],"class_list":["post-1262275","post","type-post","status-publish","format-standard","has-post-thumbnail","category-bochum","tag-auto","tag-bochum","tag-de","tag-deutschland","tag-germany","tag-irrfahrt","tag-justin-brosch","tag-nordrhein-westfalen","tag-polizei","tag-strassenbahngleis","tag-strassenbahntunnel"],"share_on_mastodon":{"url":"https:\/\/pubeurope.com\/@de\/117163097770671360","error":""},"_links":{"self":[{"href":"https:\/\/www.europesays.com\/de\/wp-json\/wp\/v2\/posts\/1262275","targetHints":{"allow":["GET"]}}],"collection":[{"href":"https:\/\/www.europesays.com\/de\/wp-json\/wp\/v2\/posts"}],"about":[{"href":"https:\/\/www.europesays.com\/de\/wp-json\/wp\/v2\/types\/post"}],"author":[{"embeddable":true,"href":"https:\/\/www.europesays.com\/de\/wp-json\/wp\/v2\/users\/2"}],"replies":[{"embeddable":true,"href":"https:\/\/www.europesays.com\/de\/wp-json\/wp\/v2\/comments?post=1262275"}],"version-history":[{"count":0,"href":"https:\/\/www.europesays.com\/de\/wp-json\/wp\/v2\/posts\/1262275\/revisions"}],"wp:featuredmedia":[{"embeddable":true,"href":"https:\/\/www.europesays.com\/de\/wp-json\/wp\/v2\/media\/1262276"}],"wp:attachment":[{"href":"https:\/\/www.europesays.com\/de\/wp-json\/wp\/v2\/media?parent=1262275"}],"wp:term":[{"taxonomy":"category","embeddable":true,"href":"https:\/\/www.europesays.com\/de\/wp-json\/wp\/v2\/categories?post=1262275"},{"taxonomy":"post_tag","embeddable":true,"href":"https:\/\/www.europesays.com\/de\/wp-json\/wp\/v2\/tags?post=1262275"}],"curies":[{"name":"wp","href":"https:\/\/api.w.org\/{rel}","templated":true}]}}