{"id":1262291,"date":"2026-08-26T18:04:20","date_gmt":"2026-08-26T18:04:20","guid":{"rendered":"https:\/\/www.europesays.com\/de\/1262291\/"},"modified":"2026-08-26T18:04:20","modified_gmt":"2026-08-26T18:04:20","slug":"rocky-horror-picture-show-schauspieler-tim-curry-ist-tot-kultur","status":"publish","type":"post","link":"https:\/\/www.europesays.com\/de\/1262291\/","title":{"rendered":"&#8222;Rocky Horror Picture Show&#8220;: Schauspieler Tim Curry ist tot &#8211; Kultur"},"content":{"rendered":"<p data-manual=\"paragraph\" data-schema-org-speakable=\"true\" class=\"css-1eosz7k\">Als Wissenschaftler Frank N. Furter wurde Tim Curry mit der \u201eRocky Horror Picture Show\u201c weltber\u00fchmt. Nun ist der britische Schauspieler im Alter von 80 Jahren gestorben. Das berichten mehrere Medien unter Berufung auf seine Managerin.<\/p>\n<p data-manual=\"paragraph\" data-schema-org-speakable=\"true\" class=\"css-1eosz7k\">Am 16. Juni 1973 spielte Curry auf der Musicalb\u00fchne erstmals den bisexuellen, au\u00dferirdischen Wissenschaftler Frank N. Furter vom Planeten Transsexual. Der schafft sich \u2013 ein wenig so wie sein Namensverwandter Frankenstein sein Monster \u2013 einen blonden Lustsklaven. Im konservativen <a href=\"https:\/\/www.sueddeutsche.de\/thema\/Gro%C3%9Fbritannien\" rel=\"nofollow noopener\" target=\"_blank\">Gro\u00dfbritannien<\/a> sorgte das wegen seiner sexuellen Freiz\u00fcgigkeit schon f\u00fcr ordentlich Wirbel. Die sp\u00e4tere Verfilmung machte den Mann mit dem breiten Grinsen dann weltbekannt.<\/p>\n<p><img decoding=\"async\" src=\"https:\/\/www.europesays.com\/de\/wp-content\/uploads\/2026\/08\/cad6b7d7-9a23-4402-b53b-c9376130f1c6.jpg\"   alt=\"Tim Curry im Film \u201eRocky Horror Picture Show\u201c aus dem Jahr 1975.\" loading=\"lazy\" class=\"css-8atqhb\"\/>Tim Curry im Film \u201eRocky Horror Picture Show\u201c aus dem Jahr 1975. Imago\/mptv<\/p>\n<p data-manual=\"paragraph\" data-schema-org-speakable=\"true\" class=\"css-1eosz7k\">Der Schauspieler und S\u00e4nger kam 1946 als Timothy James Curry in der Grafschaft Cheshire zur Welt. Nach einem Schauspielstudium und dem ersten Erfolg im Hippie-Musical \u201eHair\u201c verpflichtete ihn \u201eRocky Horror\u201c-Erfinder Richard O&#8217;Brien f\u00fcr die Hauptrolle.<\/p>\n<p data-manual=\"paragraph\" data-schema-org-speakable=\"true\" class=\"css-1eosz7k\">Curry war auch in zahlreichen anderen Rollen zu sehen. In mehr als 30 Filmen trat der Brite auf, h\u00e4ufig als B\u00f6sewicht: als m\u00f6rderischer Clown in der Verfilmung von Stephen Kings \u201eEs\u201c, als machtversessener Kardinal Richelieu in \u201eDie drei Musketiere\u201c oder als hinterlistiger Hotel-Portier in \u201eKevin \u2013 Allein in <a href=\"https:\/\/www.sueddeutsche.de\/thema\/New_York\" rel=\"nofollow noopener\" target=\"_blank\">New York<\/a>\u201c.<\/p>\n<p><img decoding=\"async\" src=\"https:\/\/www.europesays.com\/de\/wp-content\/uploads\/2026\/08\/ff6f4e6c-3ae0-446d-be79-24f978b0bfbb.jpg\"   alt=\"Tim Curry als Clown Pennywise in Stephen Kings \u201eIt\u201c aus dem Jahr 1990.\" loading=\"lazy\" class=\"css-8atqhb\"\/>Tim Curry als Clown Pennywise in Stephen Kings \u201eIt\u201c aus dem Jahr 1990. Warner Bros.\/imago images\/Everett Collection<\/p>\n<p data-manual=\"paragraph\" data-schema-org-speakable=\"true\" class=\"css-1eosz7k\">Auch am Broadway geh\u00f6rte Curry zu den Stars. Als Mozart in \u201eAmadeus\u201c und als King Arthur in \u201eSpamalot\u201c feierte er gro\u00dfe Erfolge. Zudem stand er regelm\u00e4\u00dfig am Londoner West End auf der B\u00fchne. Nur seine Ausfl\u00fcge in die Popmusik sollten ihm trotz mehrerer Alben kommerziell nicht so recht gelingen.<\/p>\n<p data-manual=\"paragraph\" data-schema-org-speakable=\"true\" class=\"css-1eosz7k\">2012 brach Tim Curry in seinem Haus in <a href=\"https:\/\/www.sueddeutsche.de\/thema\/Los_Angeles\" rel=\"nofollow noopener\" target=\"_blank\">Los Angeles<\/a> zusammen. Er erlitt einen Schlaganfall. Teilweise gel\u00e4hmt sa\u00df der Schauspieler fortan im Rollstuhl und mied zeitweise die \u00d6ffentlichkeit. Seine Arbeit setzte er dennoch fort, vor allem als Sprecher. Als etwa die \u201eRocky Horror Picture Show\u201c 2016 f\u00fcrs Fernsehen neu verfilmt wurde, wirkte Curry als Erz\u00e4hler mit. Im vergangenen Jahr ver\u00f6ffentlichte er seine Autobiografie \u201eVagabond\u201c, die er auch als H\u00f6rbuch einsprach. Am Dienstagabend starb Tim Curry in seinem Haus in Los Angeles.<\/p>\n","protected":false},"excerpt":{"rendered":"Als Wissenschaftler Frank N. Furter wurde Tim Curry mit der \u201eRocky Horror Picture Show\u201c weltber\u00fchmt. Nun ist der&hellip;\n","protected":false},"author":2,"featured_media":1262292,"comment_status":"","ping_status":"","sticky":false,"template":"","format":"standard","meta":{"footnotes":"","_share_on_mastodon":"0"},"categories":[5],"tags":[331,332,147,3364,29,92,30,551,13,2847,80,7893,14,944,15,12,38839,149,64],"class_list":["post-1262291","post","type-post","status-publish","format-standard","has-post-thumbnail","category-nachrichten","tag-aktuelle-nachrichten","tag-aktuelle-news","tag-ausland","tag-de","tag-deutschland","tag-film","tag-germany","tag-grossbritannien","tag-headlines","tag-kalifornien","tag-kultur","tag-los-angeles","tag-nachrichten","tag-new-york","tag-news","tag-schlagzeilen","tag-stephen-king","tag-sueddeutsche-zeitung","tag-usa"],"share_on_mastodon":{"url":"https:\/\/pubeurope.com\/@de\/117163135627664232","error":""},"_links":{"self":[{"href":"https:\/\/www.europesays.com\/de\/wp-json\/wp\/v2\/posts\/1262291","targetHints":{"allow":["GET"]}}],"collection":[{"href":"https:\/\/www.europesays.com\/de\/wp-json\/wp\/v2\/posts"}],"about":[{"href":"https:\/\/www.europesays.com\/de\/wp-json\/wp\/v2\/types\/post"}],"author":[{"embeddable":true,"href":"https:\/\/www.europesays.com\/de\/wp-json\/wp\/v2\/users\/2"}],"replies":[{"embeddable":true,"href":"https:\/\/www.europesays.com\/de\/wp-json\/wp\/v2\/comments?post=1262291"}],"version-history":[{"count":0,"href":"https:\/\/www.europesays.com\/de\/wp-json\/wp\/v2\/posts\/1262291\/revisions"}],"wp:featuredmedia":[{"embeddable":true,"href":"https:\/\/www.europesays.com\/de\/wp-json\/wp\/v2\/media\/1262292"}],"wp:attachment":[{"href":"https:\/\/www.europesays.com\/de\/wp-json\/wp\/v2\/media?parent=1262291"}],"wp:term":[{"taxonomy":"category","embeddable":true,"href":"https:\/\/www.europesays.com\/de\/wp-json\/wp\/v2\/categories?post=1262291"},{"taxonomy":"post_tag","embeddable":true,"href":"https:\/\/www.europesays.com\/de\/wp-json\/wp\/v2\/tags?post=1262291"}],"curies":[{"name":"wp","href":"https:\/\/api.w.org\/{rel}","templated":true}]}}