{"id":1262309,"date":"2026-08-26T18:15:38","date_gmt":"2026-08-26T18:15:38","guid":{"rendered":"https:\/\/www.europesays.com\/de\/1262309\/"},"modified":"2026-08-26T18:15:38","modified_gmt":"2026-08-26T18:15:38","slug":"halbzeit-beim-grossen-louisen-test-neustadt-gefluester","status":"publish","type":"post","link":"https:\/\/www.europesays.com\/de\/1262309\/","title":{"rendered":"Halbzeit beim gro\u00dfen Louisen-Test &#8211; Neustadt-Gefl\u00fcster"},"content":{"rendered":"<p>Halbzeit auf der Halloweenstra\u00dfe: Der gro\u00dfe Begr\u00fcnungstest auf der Louisenstra\u00dfe l\u00e4uft seit reichlich elf Wochen. Noch bis Ende Oktober wird getestet, geduldet und ausgewertet. Ein Vor-Ort-Termin mit den zust\u00e4ndigen Stadtplaner*innen zeigt: Die K\u00fcbel stehen noch, das Unkraut w\u00e4chst schon, und beim Parken hapert\u2019s weiterhin.<br \/>\n<img fetchpriority=\"high\" decoding=\"async\" src=\"https:\/\/www.europesays.com\/de\/wp-content\/uploads\/2026\/08\/2026-08-26-Stadt-und-Verkehrsplaner.jpg\" alt=\"Ziehen Halbzeitbilanz: Stephanie Mau (Stadtplanerin) und Andr\u00e9 Zschoge (Verkehrsplaner) - Foto: Anton Launer\" width=\"2400\" height=\"1350\" class=\"size-full wp-image-241031\"  \/>Ziehen Halbzeitbilanz: Stephanie Mau (Stadtplanerin) und Andr\u00e9 Zschoge (Verkehrsplaner) \u2013 Foto: Anton Launer\n<\/p>\n<p>Die Bilanz nach der H\u00e4lfte der Testphase f\u00e4llt aus Sicht der Stadt positiv aus. Stephanie Mau (Stadtplanerin) und Andr\u00e9 Zschoge (Verkehrsplaner) trafen sich mit dem Neustadt-Gefl\u00fcster direkt vor Ort, zwischen Holzkisten, Betonk\u00fcbeln und frisch bespr\u00fchten Metallgestellen. Ihr Fazit: S\u00e4mtliche Elemente sind noch intakt, wenn auch inzwischen mit einer gewissen Portion Streetart verziert. \u201eElemente stehen noch\u201c, bringt es Zschoge knapp auf den Punkt.\n<\/p>\n<p>B\u00e4ume: noch nicht, aber demn\u00e4chst<\/p>\n<p>Was fehlt, sind die B\u00e4ume. Die flachen Holzkisten sollen deren k\u00fcnftige Standorte markieren. Aus Kostengr\u00fcnden wurde dort bislang aber nur ausges\u00e4t statt gepflanzt \u2013 mit dem Ergebnis, dass es in den Kisten derzeit eher nach Wildwuchs als nach Stadtgr\u00fcn aussieht. Eines der Beete hat sich der <a href=\"https:\/\/www.neustadt-ticker.de\/240408\/alltag\/der-kuerbisgaertner-von-der-louisenstrasse\" rel=\"nofollow noopener\" target=\"_blank\">K\u00fcrbisg\u00e4rtner von der Louisenstra\u00dfe<\/a> angeeignet, \u00fcber den das Neustadt-Gefl\u00fcster bereits im August berichtete.<br \/>\n<img loading=\"lazy\" decoding=\"async\" src=\"https:\/\/www.europesays.com\/de\/wp-content\/uploads\/2026\/08\/2026-08-26-BaumPlatz-Halter.jpg\" alt=\"Wilder Pflanzenbewuchs. Die h\u00f6lzernen Flachbeete markieren die k\u00fcnftigen Baumstandorte - Foto: Anton Launer\" width=\"2400\" height=\"1350\" class=\"size-full wp-image-241028\"  \/>Wilder Pflanzenbewuchs. Die h\u00f6lzernen Flachbeete markieren die k\u00fcnftigen Baumstandorte \u2013 Foto: Anton Launer\n<\/p>\n<p>Die eigentlichen B\u00e4ume sollen erst n\u00e4chstes Jahr kommen: f\u00fcnf St\u00fcck an Stelle der vier Beete zwischen Rothenburger und Alaunstra\u00dfe, vier weitere folgen im Ostteil der Stra\u00dfe zwischen Martin-Luther- und Prie\u00dfnitzstra\u00dfe. Wer schon jetzt etwas beitragen will, kann \u00fcber den st\u00e4dtischen Fonds Stadtgr\u00fcn direkt f\u00fcr die <a href=\"https:\/\/www.dresden.de\/de\/stadtraum\/umwelt\/gruenes-dresden\/buerger\/fonds-stadtgruen\/baumpflanzungen.php\" target=\"_blank\" rel=\"nofollow noopener\">Louisenb\u00e4ume spenden<\/a>.<\/p>\n<p>Reinigung: die M\u00f6bel sind sauberer als die Beete<\/p>\n<p>Ein kaputter Gie\u00dfbeh\u00e4lter ist der bislang einzige nennenswerte Schaden \u2013 laut Zschoge aber keine Vandalismusfolge, sondern schlicht Verschlei\u00df. Ums Gie\u00dfen k\u00fcmmern sich neben dem Amt f\u00fcr Stadtgr\u00fcn (einmal w\u00f6chentlich) auch die Beet-Patinnen und -Paten: F\u00fcr die Metall- und Holzgestelle ist die Stadt zust\u00e4ndig, die Betonk\u00fcbel haben private Unterst\u00fctzung.\n<\/p>\n<p>Auch beim Reinigungsthema zeigt sich w\u00e4hrend des Gespr\u00e4chs, wo der Schuh dr\u00fcckt. Ein Team der Stadtreinigung liest im Vorbeigehen den groben Dreck aus den Sitzm\u00f6beln \u2013 Kippen, Taschent\u00fccher, Pappbecher \u2013, in den Beeten selbst bleibt dagegen einiges liegen. \u201eDas Reinigungsthema muss beachtet werden\u201c, r\u00e4umt Zschoge ein und verweist zugleich auf die Pat*innen, die ebenfalls regelm\u00e4\u00dfig sauber machen.\n<\/p>\n<p>Mit den Elementen selbst habe die Stadt bereits gute Erfahrungen gemacht. Unter anderem stehen baugleiche M\u00f6bel an der Gehestra\u00dfe in Pieschen, vor dem dortigen Gymnasium. Weniger Ritzen k\u00f6nnten den Reinigungsaufwand reduzieren, r\u00e4umt Zschoge ein. Ob die M\u00f6bel dann noch genauso bequem w\u00e4ren, sei allerdings Ansichtssache.\n<\/p>\n<p>Dem Vorwurf, die Elemente seien \u00fcberteuert, h\u00e4lt er ihre Stabilit\u00e4t entgegen: Bislang sei noch keines kaputtgegangen, zudem verf\u00fcgten die Pflanzk\u00fcbel \u00fcber eine innenliegende Wasserspeicherwanne. Solche Stadtm\u00f6bel, so die knappe Zusammenfassung, h\u00e4tten eben ihren Preis.<\/p>\n<p>Drei M\u00fcllcontainer, ein Nachbar, viel Zustimmung<\/p>\n<p>Auch die drei neu aufgestellten gro\u00dfen M\u00fcllcontainer bekommen positives Feedback \u2013 von der Stadtreinigung selbst. Sie vermeldet, dass die Container tats\u00e4chlich genutzt werden. Der regul\u00e4re Reinigungszyklus musste in dem Stra\u00dfenabschnitt nicht intensiviert werden.<br \/>\n<img loading=\"lazy\" decoding=\"async\" src=\"https:\/\/www.europesays.com\/de\/wp-content\/uploads\/2026\/08\/2026-08-26-Fahrradgaertchen.jpg\" alt=\"Neben einem der gro\u00dfen M\u00fcllcontainer hat sich ein mobiles Fahrradg\u00e4rtchen angesiedelt. Foto: Anton Launer\" width=\"2400\" height=\"1350\" class=\"size-full wp-image-241032\"  \/>Neben einem der gro\u00dfen M\u00fcllcontainer hat sich ein mobiles Fahrradg\u00e4rtchen angesiedelt. Foto: Anton Launer\n<\/p>\n<p>Dass das Interesse an dem Projekt gro\u00df ist, zeigt sich auch spontan: \u201eIch find das total geil\u201c, mischt sich ein Nachbar von der Alaunstra\u00dfe ungefragt ins Gespr\u00e4ch. An der Umfrage habe er noch nicht teilgenommen, wolle das aber jetzt nachholen. Zschoge verweist auf den QR-Code, der entlang der gesamten Strecke angebracht ist.\n<\/p>\n<p>Die Umfrage: rund 500 Stimmen, IP-Filter inklusive<\/p>\n<p>Apropos Umfrage: Die ist f\u00fcr die Stadtplaner das eigentliche Kernst\u00fcck des Tests. \u201eDas Ergebnis der Umfrage ist unser wichtigstes Feedback\u201c, so Zschoge. Rund 500 Menschen haben bislang teilgenommen. Ein IP-Filter soll einschr\u00e4nken, dass Einzelne mehrfach abstimmen.\n<\/p>\n<p>Zu den konkreten Ergebnissen will der Verkehrsplaner noch nichts sagen, au\u00dfer so viel: Rund vier F\u00fcnftel der Teilnehmenden stimmen den Stadtm\u00f6beln und Gr\u00fcnk\u00e4sten bisher grunds\u00e4tzlich zu. Am Anfang habe es Beschwerden gegeben, die Rettungsdienste w\u00fcrden behindert. Eine R\u00fccksprache mit der Rettungswache habe jedoch ergeben, dass f\u00fcr sie kein Problem mit der Stadtm\u00f6blierung bestehe.\n<\/p>\n<p>Die Umfrage habe man inzwischen nachgesch\u00e4rft und am Ende um eine offene Frage erg\u00e4nzt. Kritisches Feedback sei ausdr\u00fccklich erw\u00fcnscht. Neu hinzugekommen ist au\u00dferdem eine Frage zur Diagonalampel an der Schiefen Ecke.<br \/>\n<img loading=\"lazy\" decoding=\"async\" src=\"https:\/\/www.europesays.com\/de\/wp-content\/uploads\/2026\/08\/2026-08-26-Diagonalverkehr.jpg\" alt=\"Der Diagonalverkehr an der Schiefen Ecke ist noch nicht so recht in Gang gekommen, die meisten queren die Stra\u00dfen wie bisher im 90-Grad-Winkel. Foto: Anton Launer\" width=\"2400\" height=\"1350\" class=\"size-full wp-image-241030\"  \/>Der Diagonalverkehr an der Schiefen Ecke ist noch nicht so recht in Gang gekommen, die meisten queren die Stra\u00dfen wie bisher im 90-Grad-Winkel. Foto: Anton Launer\n<\/p>\n<p>Die Ampel: warten aufs Gr\u00fcn, diagonal geht kaum wer<\/p>\n<p>Bei der testweise eingerichteten Diagonalquerung zeigt der Vor-Ort-Augenschein: Diagonal quert kaum jemand, und die Wartezeit auf Gr\u00fcn empfinden viele offenbar als lang \u2013 nach der Stra\u00dfenbahn d\u00fcrfen zun\u00e4chst die Autos, erst danach die Fu\u00dfg\u00e4nger*innen. Auch hier w\u00fcnschen sich die Stadtplaner R\u00fcckmeldung \u00fcber die Umfrage. Verkehrsplaner Zschoge wei\u00df, dass es lange dauert, Gewohnheiten im Stra\u00dfenverkehr aufzubrechen. Vielleicht w\u00fcrden bei deutlicherer Stra\u00dfenmarkierung mehr Leute die diagonale Abk\u00fcrzung w\u00e4hlen.\n<\/p>\n<p>Parken: Verbot ja, Kontrolle eher nein<\/p>\n<p>Beim Parken zeigt sich dagegen ein bekanntes Neustadt-Bild. Trotz eingeschr\u00e4nktem Halteverbot wird weiterhin munter geparkt. \u201eWir h\u00e4tten uns gew\u00fcnscht, dass hier weniger geparkt wird und dass mehr kontrolliert wird\u201c, so Zschoge. Sollte der Test verstetigt werden, k\u00f6nnten k\u00fcnftig mehr Elemente aufgestellt werden, die das illegale Parken baulich verhindern. Von Polizei und Ordnungsamt gibt es zur ver\u00e4nderten Situation auf der Louisenstra\u00dfe bislang kein negatives Feedback.<br \/>\n<img loading=\"lazy\" decoding=\"async\" src=\"https:\/\/www.europesays.com\/de\/wp-content\/uploads\/2026\/08\/2026-08-26-Kippen-Falschparker.jpg\" alt=\"Sitzen zwischen Kippen und Falschparkern - Foto: Anton Launer\" width=\"2400\" height=\"1350\" class=\"size-full wp-image-241029\"  \/>Sitzen zwischen Kippen und Falschparkern \u2013 Foto: Anton Launer\n<\/p>\n<p>Wie geht\u2019s weiter?<\/p>\n<p>Insgesamt waren acht st\u00e4dtische \u00c4mter sowie mehrere Initiativen an dem Projekt beteiligt. Ob K\u00fcbel, M\u00f6bel und Ampel dauerhaft bleiben, entscheidet am Ende der Stadtbezirksbeirat, voraussichtlich in seiner Dezembersitzung. F\u00e4llt die Entscheidung positiv aus, bleiben die M\u00f6bel ohne zus\u00e4tzliche Kosten stehen. Bis dahin gilt: Die Testphase l\u00e4uft bis zum 31. Oktober \u2013 da kann sich der K\u00fcrbisg\u00e4rtner freuen, denn Halloween ist gesichert.\n<\/p>\n<p>B\u00fcrger*innen-Umfrage<\/p>\n<p><img loading=\"lazy\" decoding=\"async\" src=\"https:\/\/www.europesays.com\/de\/wp-content\/uploads\/2026\/08\/2026-08-26-Kuerbisbeet.jpg\" alt=\"Der Baum-Platzhalter ist zum K\u00fcrbisbeet geworden. Foto: Anton Launer\" width=\"2252\" height=\"2337\" class=\"size-full wp-image-241027\"  \/>Der Baum-Platzhalter ist zum K\u00fcrbisbeet geworden. Foto: Anton Launer<\/p>\n","protected":false},"excerpt":{"rendered":"Halbzeit auf der Halloweenstra\u00dfe: Der gro\u00dfe Begr\u00fcnungstest auf der Louisenstra\u00dfe l\u00e4uft seit reichlich elf Wochen. Noch bis Ende&hellip;\n","protected":false},"author":2,"featured_media":1262310,"comment_status":"","ping_status":"","sticky":false,"template":"","format":"standard","meta":{"footnotes":"","_share_on_mastodon":"0"},"categories":[1835],"tags":[3364,29,2386,30,22025,39677,4229,859],"class_list":["post-1262309","post","type-post","status-publish","format-standard","has-post-thumbnail","category-dresden","tag-de","tag-deutschland","tag-dresden","tag-germany","tag-kuerbis","tag-louisenstrasse","tag-neustadt","tag-sachsen"],"share_on_mastodon":{"url":"https:\/\/pubeurope.com\/@de\/117163180975516551","error":""},"_links":{"self":[{"href":"https:\/\/www.europesays.com\/de\/wp-json\/wp\/v2\/posts\/1262309","targetHints":{"allow":["GET"]}}],"collection":[{"href":"https:\/\/www.europesays.com\/de\/wp-json\/wp\/v2\/posts"}],"about":[{"href":"https:\/\/www.europesays.com\/de\/wp-json\/wp\/v2\/types\/post"}],"author":[{"embeddable":true,"href":"https:\/\/www.europesays.com\/de\/wp-json\/wp\/v2\/users\/2"}],"replies":[{"embeddable":true,"href":"https:\/\/www.europesays.com\/de\/wp-json\/wp\/v2\/comments?post=1262309"}],"version-history":[{"count":0,"href":"https:\/\/www.europesays.com\/de\/wp-json\/wp\/v2\/posts\/1262309\/revisions"}],"wp:featuredmedia":[{"embeddable":true,"href":"https:\/\/www.europesays.com\/de\/wp-json\/wp\/v2\/media\/1262310"}],"wp:attachment":[{"href":"https:\/\/www.europesays.com\/de\/wp-json\/wp\/v2\/media?parent=1262309"}],"wp:term":[{"taxonomy":"category","embeddable":true,"href":"https:\/\/www.europesays.com\/de\/wp-json\/wp\/v2\/categories?post=1262309"},{"taxonomy":"post_tag","embeddable":true,"href":"https:\/\/www.europesays.com\/de\/wp-json\/wp\/v2\/tags?post=1262309"}],"curies":[{"name":"wp","href":"https:\/\/api.w.org\/{rel}","templated":true}]}}