{"id":1262347,"date":"2026-08-26T18:38:22","date_gmt":"2026-08-26T18:38:22","guid":{"rendered":"https:\/\/www.europesays.com\/de\/1262347\/"},"modified":"2026-08-26T18:38:22","modified_gmt":"2026-08-26T18:38:22","slug":"vfb-stuttgart-bei-bayern-muenchen-diese-ice-fahren-nicht-ueber-hauptbahnhof","status":"publish","type":"post","link":"https:\/\/www.europesays.com\/de\/1262347\/","title":{"rendered":"VfB Stuttgart bei Bayern M\u00fcnchen: Diese ICE fahren nicht \u00fcber Hauptbahnhof"},"content":{"rendered":"<p>Viele ICE lassen Hbf aus <\/p>\n<p>So kommen VfB-Fans trotz Baustelle zum Bayern-Spiel<\/p>\n<p>26.08.2026 &#8211; 20:33 UhrLesedauer: 3 Min.<\/p>\n<p><a href=\"#focus-0\" class=\"transition-colors block text-current relative\" data-sctrack=\"FocusGalleryImage.Reference\"><img fetchpriority=\"high\" data-testid=\"Opener.Image\"   loading=\"eager\" src=\"https:\/\/www.europesays.com\/de\/wp-content\/uploads\/2026\/08\/vfb-fans-in-the-match-vfb-stuttgart-fc-bayern-muenchen-0-5-on-december-6-2025-at-mhp-arena-stuttgart.jpeg\" alt=\"imago images 1070039440\" title=\"imago images 1070039440\" width=\"8640\" height=\"4860\" class=\"bg-[url:var(--lqipURL)] bg-cover bg-center flex h-full w-full max-w-full\" style=\"--lqipURL:url('https:\/\/images.t-online.de\/2026\/08\/NdwbzF9TgEhE\/0x450:8640x4860\/fit-in\/150x0\/filters:blur(25)\/vfb-fans-in-the-match-vfb-stuttgart-fc-bayern-muenchen-0-5-on-december-6-2025-at-mhp-arena-stuttgart-germany-season-2026-2026-1-bundesliga-fcb-matchday-13.jpg')\" decoding=\"async\"\/><img loading=\"lazy\" src=\"https:\/\/stuttgart.t-online.de\/s\/paper\/_next\/static\/media\/zoom-in.f7dae02f.svg\" alt=\"Vergr\u00f6\u00dfern des Bildes\" title=\"Vergr\u00f6\u00dfern des Bildes\" class=\"block h-[calc(var(--height)_\/_16_*_1rem)] w-[calc(var(--width)_\/_16_*_1rem)] max-w-none absolute right-8 bottom-8 rounded-4 bg-snow p-8\" style=\"--width:32;--height:32\" decoding=\"async\"\/><\/a><\/p>\n<p>VfB-Fans in Stuttgart (Archivbild): F\u00fcr die Fahrt zum Spiel beim FC Bayern m\u00fcssen Zugreisende am Freitag genauer auf ihre Verbindung achten. (Quelle: IMAGO\/imago)<\/p>\n<p><img loading=\"lazy\" src=\"https:\/\/stuttgart.t-online.de\/s\/paper\/_next\/static\/media\/audio-volume.6689034c.svg\" alt=\"\" title=\"\" class=\"block h-[calc(var(--height)_\/_16_*_1rem)] w-[calc(var(--width)_\/_16_*_1rem)] max-w-none group-hover:brightness-0 group-hover:invert\" style=\"--width:16;--height:16\" decoding=\"async\"\/>Vorlesen<\/p>\n<p>Aktuelle Zeit:0:00Gesamtdauer:0:00<\/p>\n<p>1x<img loading=\"lazy\" src=\"https:\/\/stuttgart.t-online.de\/s\/paper\/_next\/static\/media\/font-sizes.32942e33.svg\" alt=\"\" title=\"\" class=\"block h-[calc(var(--height)_\/_16_*_1rem)] w-[calc(var(--width)_\/_16_*_1rem)] max-w-none group-hover:hidden group-aria-expanded:hidden\" style=\"--width:16;--height:16\" decoding=\"async\"\/><img loading=\"lazy\" src=\"https:\/\/stuttgart.t-online.de\/s\/paper\/_next\/static\/media\/font-sizes-dark-mode.e382645c.svg\" alt=\"\" title=\"\" class=\"block h-[calc(var(--height)_\/_16_*_1rem)] w-[calc(var(--width)_\/_16_*_1rem)] max-w-none hidden group-hover:block group-aria-expanded:block\" style=\"--width:16;--height:16\" decoding=\"async\"\/><img loading=\"lazy\" src=\"https:\/\/stuttgart.t-online.de\/s\/paper\/_next\/static\/media\/sharing-menu-icon.1eb71368.svg\" alt=\"\" title=\"\" class=\"block h-[calc(var(--height)_\/_16_*_1rem)] w-[calc(var(--width)_\/_16_*_1rem)] max-w-none group-hover:brightness-0 group-hover:invert\" style=\"--width:16;--height:16\" decoding=\"async\"\/>Artikel teilen<\/p>\n<p class=\"font-bold text-18 leading-17 user-text-lg:text-22 user-text-xl:text-24\">Der VfB er\u00f6ffnet am Freitag beim FC Bayern die Bundesliga-Saison. Wer mit dem Zug nach M\u00fcnchen f\u00e4hrt, muss derzeit genauer hinschauen.<\/p>\n<p class=\"text-18 leading-17 user-text-lg:text-22 user-text-xl:text-24\">Am Freitagabend beginnt f\u00fcr den <a href=\"https:\/\/www.t-online.de\/themen\/vfb-stuttgart\/\" class=\"transition-colors cursor-pointer no-underline md:hover:text-magenta md:focus:text-magenta border-b border-solid border-current text-salemsfur md:hover:border-magenta\" data-tracking=\"{&quot;action&quot;:&quot;click&quot;,&quot;category&quot;:&quot;intextLink&quot;,&quot;label&quot;:&quot;https:\/\/www.t-online.de\/themen\/vfb-stuttgart\/&quot;}\" data-sctrack=\"BodyAnchor\" rel=\"nofollow noopener\" target=\"_blank\">VfB Stuttgart<\/a> die neue Bundesliga-Saison \u2013 und f\u00fcr zahlreiche Fans d\u00fcrfte die Reise schon einige Stunden fr\u00fcher beginnen.<\/p>\n<p class=\"text-18 leading-17 user-text-lg:text-22 user-text-xl:text-24\">Der VfB tritt am Freitag, 28. August, um 20.30 Uhr beim FC Bayern M\u00fcnchen in der Allianz Arena an. Wer f\u00fcr die Fahrt nach M\u00fcnchen auf den Zug setzt, trifft allerdings auf einen ungew\u00f6hnlichen Fahrplan.<\/p>\n<p class=\"text-18 leading-17 user-text-lg:text-22 user-text-xl:text-24\">Grund sind umfangreiche Bauarbeiten im Bahnknoten Stuttgart. Noch bis zum 12. September wird ein Teil des Fernverkehrs um den Stuttgarter Hauptbahnhof herumgeleitet. Zwischen Stuttgart Hauptbahnhof und M\u00fcnchen gibt es nach Angaben der Deutschen Bahn zwar weiterhin mindestens einmal pro Stunde eine direkte ICE-Verbindung. Das Angebot f\u00e4llt jedoch geringer aus als \u00fcblich.<\/p>\n<ul class=\"text-18 leading-17 block pl-24 *:pb-16 *:before:inline-block *:before:size-8 *:before:bg-magenta *:before:mt-0 *:before:mr-12 *:before:mb-2 *:before:-ml-[20px]\">\n<li><strong class=\"font-bold\">Saisoner\u00f6ffnung:<\/strong> <a href=\"https:\/\/stuttgart.t-online.de\/region\/stuttgart\/id_101390720\/vfb-stuttgart-live-bundesliga-start-gegen-fc-bayern-sehen-so-geht-s.html\" class=\"transition-colors cursor-pointer no-underline md:hover:text-magenta md:focus:text-magenta border-b border-solid border-current text-salemsfur md:hover:border-magenta\" data-tracking=\"{&quot;action&quot;:&quot;click&quot;,&quot;category&quot;:&quot;intextLink&quot;,&quot;label&quot;:&quot;\/region\/stuttgart\/id_101390720\/vfb-stuttgart-live-bundesliga-start-gegen-fc-bayern-sehen-so-geht-s.html&quot;}\" data-sctrack=\"BodyAnchor\" rel=\"nofollow noopener\" target=\"_blank\">VfB Stuttgart gegen M\u00fcnchen \u2013 so sehen Fans das Spiel<\/a><\/li>\n<\/ul>\n<p>Diese ICE fahren nicht \u00fcber Stuttgart Hauptbahnhof<\/p>\n<p class=\"text-18 leading-17 user-text-lg:text-22 user-text-xl:text-24\">Besonders wichtig f\u00fcr VfB-Fans: Z\u00fcge der ICE-Linien 47, 60 und 62 werden w\u00e4hrend der Bauarbeiten umgeleitet. Der Halt am Stuttgarter Hauptbahnhof entf\u00e4llt bei diesen Verbindungen.<\/p>\n<p class=\"text-18 leading-17 user-text-lg:text-22 user-text-xl:text-24\">Stattdessen halten die Z\u00fcge zus\u00e4tzlich in Esslingen am Neckar und teilweise in Vaihingen an der Enz. Auch einzelne TGV-Verbindungen zwischen Paris und M\u00fcnchen werden am Stuttgarter Hauptbahnhof vorbeigef\u00fchrt und halten ersatzweise in Esslingen.<\/p>\n<p class=\"text-18 leading-17 user-text-lg:text-22 user-text-xl:text-24\">Andere Fernz\u00fcge fahren dagegen weiterhin regul\u00e4r \u00fcber den Hauptbahnhof. Dazu geh\u00f6ren nach Angaben der Bahn die ICE-Linien 11, 22 und 42. Fans, die direkt am Stuttgarter Hauptbahnhof starten wollen, sollten deshalb in der Reiseauskunft darauf achten, dass ihr ausgew\u00e4hlter Zug dort tats\u00e4chlich h\u00e4lt.<\/p>\n<p class=\"text-18 leading-17 user-text-lg:text-22 user-text-xl:text-24\">F\u00fcr die Fahrt zum 20.30-Uhr-Spiel empfiehlt sich zudem eine Verbindung mit ausreichend Puffer. Die schnellsten direkten ICE ben\u00f6tigen f\u00fcr Stuttgart\u2013M\u00fcnchen normalerweise knapp zwei Stunden. Wer erst gegen 18 Uhr oder sp\u00e4ter in Stuttgart losf\u00e4hrt, riskiert deshalb eine sehr knappe Ankunft vor dem Anpfiff.<\/p>\n<p>Von M\u00fcnchen mit der U6 zur Allianz Arena<\/p>\n<p class=\"text-18 leading-17 user-text-lg:text-22 user-text-xl:text-24\">Vom M\u00fcnchner Hauptbahnhof geht es zun\u00e4chst weiter Richtung Innenstadt. Am Marienplatz k\u00f6nnen Fans in die U6 Richtung Garching-Forschungszentrum umsteigen.<\/p>\n<p class=\"text-18 leading-17 user-text-lg:text-22 user-text-xl:text-24\">Die Fahrt vom Marienplatz bis zur Haltestelle Fr\u00f6ttmaning dauert rund 16 Minuten. G\u00e4stefans werden dort \u00fcber einen eigenen Weg entlang der Fr\u00f6ttmaninger Heide und eine Fu\u00dfg\u00e4ngerbr\u00fccke zum G\u00e4steeingang der Allianz Arena geleitet.<\/p>\n<p class=\"text-18 leading-17 user-text-lg:text-22 user-text-xl:text-24\">Die Arena empfiehlt f\u00fcr Heimspiele ausdr\u00fccklich die Anreise mit \u00f6ffentlichen Verkehrsmitteln. Auch Autofahrer m\u00fcssen mit l\u00e4ngeren Wartezeiten rechnen: Bei der Ausfahrt aus den Parkh\u00e4usern k\u00f6nnen diese laut Stadionbetreiber bis zu zweieinhalb Stunden betragen.<\/p>\n<p>Nach Abpfiff wird die R\u00fcckfahrt schwierig<\/p>\n<p class=\"text-18 leading-17 user-text-lg:text-22 user-text-xl:text-24\">Deutlich komplizierter wird es f\u00fcr Fans, die noch in derselben Nacht nach Stuttgart zur\u00fcckfahren wollen.<\/p>\n<p class=\"text-18 leading-17 user-text-lg:text-22 user-text-xl:text-24\">Der regul\u00e4re Fahrplan sieht mit dem ICE 698 eine direkte Verbindung von M\u00fcnchen Hauptbahnhof nach Stuttgart vor. Der Zug f\u00e4hrt bereits um 22.46 Uhr in M\u00fcnchen ab und erreicht Stuttgart planm\u00e4\u00dfig gegen 0.43 Uhr.<\/p>\n","protected":false},"excerpt":{"rendered":"Viele ICE lassen Hbf aus So kommen VfB-Fans trotz Baustelle zum Bayern-Spiel 26.08.2026 &#8211; 20:33 UhrLesedauer: 3 Min.&hellip;\n","protected":false},"author":2,"featured_media":1262348,"comment_status":"","ping_status":"","sticky":false,"template":"","format":"standard","meta":{"footnotes":"","_share_on_mastodon":"0"},"categories":[1827],"tags":[722,2721,2461,772,2030,29,3439,458,2722,30,3601,2229,5257,1268,14480,319,1441,81335,2915],"class_list":["post-1262347","post","type-post","status-publish","format-standard","has-post-thumbnail","category-muenchen","tag-722","tag-allianz-arena","tag-baustelle","tag-bayern","tag-deutsche-bahn","tag-deutschland","tag-esslingen","tag-fc-bayern-muenchen","tag-froettmaning","tag-germany","tag-hauptbahnhof","tag-ice","tag-marienplatz","tag-muenchen","tag-neckar","tag-paris","tag-stuttgart","tag-vaihingen-an-der-enz","tag-vfb-stuttgart"],"share_on_mastodon":{"url":"","error":""},"_links":{"self":[{"href":"https:\/\/www.europesays.com\/de\/wp-json\/wp\/v2\/posts\/1262347","targetHints":{"allow":["GET"]}}],"collection":[{"href":"https:\/\/www.europesays.com\/de\/wp-json\/wp\/v2\/posts"}],"about":[{"href":"https:\/\/www.europesays.com\/de\/wp-json\/wp\/v2\/types\/post"}],"author":[{"embeddable":true,"href":"https:\/\/www.europesays.com\/de\/wp-json\/wp\/v2\/users\/2"}],"replies":[{"embeddable":true,"href":"https:\/\/www.europesays.com\/de\/wp-json\/wp\/v2\/comments?post=1262347"}],"version-history":[{"count":0,"href":"https:\/\/www.europesays.com\/de\/wp-json\/wp\/v2\/posts\/1262347\/revisions"}],"wp:featuredmedia":[{"embeddable":true,"href":"https:\/\/www.europesays.com\/de\/wp-json\/wp\/v2\/media\/1262348"}],"wp:attachment":[{"href":"https:\/\/www.europesays.com\/de\/wp-json\/wp\/v2\/media?parent=1262347"}],"wp:term":[{"taxonomy":"category","embeddable":true,"href":"https:\/\/www.europesays.com\/de\/wp-json\/wp\/v2\/categories?post=1262347"},{"taxonomy":"post_tag","embeddable":true,"href":"https:\/\/www.europesays.com\/de\/wp-json\/wp\/v2\/tags?post=1262347"}],"curies":[{"name":"wp","href":"https:\/\/api.w.org\/{rel}","templated":true}]}}