{"id":1262359,"date":"2026-08-26T18:46:26","date_gmt":"2026-08-26T18:46:26","guid":{"rendered":"https:\/\/www.europesays.com\/de\/1262359\/"},"modified":"2026-08-26T18:46:26","modified_gmt":"2026-08-26T18:46:26","slug":"lambo-fahrt-durch-berlin-polizei-ermittelt-gegen-xxl-gastronom-redo-unterhaltung","status":"publish","type":"post","link":"https:\/\/www.europesays.com\/de\/1262359\/","title":{"rendered":"Lambo-Fahrt durch Berlin: Polizei ermittelt gegen XXL-Gastronom \u201eRedo\u201c | Unterhaltung"},"content":{"rendered":"<p><a class=\"skip-content skip-content--link\" href=\"#in-content-skip-link-target-v-0-0\">TTS-Player \u00fcberspringen\u21b5<\/a><a id=\"in-content-skip-link-target-v-0-0\" class=\"skip-content--target-link-hidden skip-content skip-content--target-link\" href=\"#in-content-skip-link-target-v-0-0\">Artikel weiterlesen<\/a><\/p>\n<p>Berlin \u2013 <b>Stolz wollte er seinen Fans den brandneuen Lamborghini Revuelto f\u00fcr 800.000 Euro pr\u00e4sentieren. Seine Hunderttausenden, meist jungen Follower hatte Social-Media-Superstar Ren\u00e9 \u201eRedo\u201c Dost (57) aus Berlin eingeladen, ihn in seinem neuen Sportwagen auf dem Berliner Ku\u2019damm zu bewundern. Doch die Fahrt eskalierte! Rufe nach Security. Eine junge Frau (20) wurde verletzt. Jetzt ermittelt die Polizei unter anderem wegen Fahrerflucht.<\/b><\/p>\n<p>\u201eSonntag um 14 Uhr cruise ich auf dem Kurf\u00fcrstendamm immer hoch und runter\u201c, hatte der XXL-Gastronom (betreibt 19 <a href=\"https:\/\/www.bild.de\/themen\/organisationen\/restaurants\/news-fotos-videos-17021500.bild.html\" class=\"text-link\" rel=\"nofollow noopener\" target=\"_blank\">Restaurants<\/a>, ein Hotel und 17 GmbHs) am Wochenende im Netz angek\u00fcndigt. Er wollte allen seinen neuen Luxusflitzer zeigen. Redo: \u201eSagt all euren Freunden Bescheid. Ich freue mich, euch zu sehen, und will ein bisschen was zur\u00fcckgeben. Ich hoffe, der ganze Kurf\u00fcrstendamm wird voll.\u201c<\/p>\n<p><img decoding=\"async\" width=\"992\" height=\"603\" alt=\"Die Berliner Polizei musste bei der Protzfahrt auf dem Berliner Ku\u2019damm eingreifen\" loading=\"lazy\" src=\"https:\/\/www.europesays.com\/de\/wp-content\/uploads\/2026\/08\/73bdf7394806f38da6fc4c2fba275702,84f491c3.jpeg\"   class=\"dynamic\"\/><\/p>\n<p class=\"fig__caption__text\">Die Berliner Polizei musste bei der Protzfahrt auf dem Berliner Ku\u2019damm eingreifen<\/p>\n<p>Foto: Sven Schuster<\/p>\n<p>Redo rief nach Security<\/p>\n<p>Und das wurde er! Nach seiner Fahrt teilte der Influencer Videos, wie Massen junger Fans <a href=\"https:\/\/www.bild.de\/unterhaltung\/bildgg\/influencer-rene-redo-kauft-sich-lamborghini-fuer-800-000-euro-6a75ad63c07f6c2f080357a1\" class=\"text-link\" rel=\"nofollow noopener\" target=\"_blank\">seinen Lamborghini <\/a>umzingeln. Er hupt, bittet Fans um Abstand und sagt am Handy: \u201eIch brauche ganz dringend Security. JETZT!\u201c Doch damit nicht genug: Seine Fans dr\u00e4ngen sich auf die Fahrbahn, Dost will weiterfahren und \u00fcberrollt den Fu\u00df einer jungen Frau. <\/p>\n<p><img decoding=\"async\" width=\"992\" height=\"1178\" alt=\"Redo war \u00fcber die Folgen seiner Fahrt durch Berlin geschockt\" loading=\"lazy\" src=\"https:\/\/www.europesays.com\/de\/wp-content\/uploads\/2026\/08\/a07c95599586a4ab779ca548c211bd77,14a643ef.jpeg\"   class=\"portrait\"\/><\/p>\n<p class=\"fig__caption__text\">Redo war \u00fcber die Folgen seiner Fahrt durch Berlin geschockt<\/p>\n<p>Foto: eneredo\/TikTok<\/p>\n<p>Polizei bem\u00e4ngelt \u201eunn\u00f6tiges Fahrverhalten\u201c<\/p>\n<p>Ein Polizist erscheint am Seitenfenster und erkl\u00e4rt: \u201eSie sind gerade einem M\u00e4dchen \u00fcber den Fu\u00df gefahren. Die ist jetzt verletzt. Das bedeutet, wir m\u00fcssen jetzt einen Verkehrsunfall aufnehmen. Sie sind Betroffener einer Straftat, das ist eine fahrl\u00e4ssige K\u00f6rperverletzung.\u201c Der Gastronom will das nicht mitbekommen haben. Ermittelt wird gegen ihn trotzdem: Wie die \u201eBerliner Morgenpost\u201c berichtet, musste die 20\u2011J\u00e4hrige ambulant in einem Krankenhaus behandelt werden. Es stehen die Straftatbest\u00e4nde der fahrl\u00e4ssigen K\u00f6rperverletzung und der Fahrerflucht im Raum.<\/p>\n<p><img decoding=\"async\" width=\"992\" height=\"1178\" alt=\"Gastronom Ren\u00e9 \u201eRedo\u201c Dost widmet sein Leben seit 35 Jahren der Gastronomie\" loading=\"lazy\" src=\"https:\/\/www.europesays.com\/de\/wp-content\/uploads\/2026\/08\/ec8f1f5709fe8d471cd2e36b3c6d72d5,e60aaa92.jpeg\"   class=\"portrait\"\/><\/p>\n<p class=\"fig__caption__text\">Gastronom Ren\u00e9 \u201eRedo\u201c Dost widmet sein Leben seit 35 Jahren der Gastronomie<\/p>\n<p>Foto: rene.redo\/Instagram<\/p>\n<p>Redo: \u201eEinfach schei\u00dfe\u201c<\/p>\n<p>Bei ihren Ermittlungen gehe es um die Profilierungsfahrt und das \u201eunn\u00f6tige Fahrverhalten\u201c von Dost, so die Zeitung. Der Gastronom hatte mehrere Runden am Ku\u2019damm gedreht. Jetzt k\u00f6nnte sich die PR-Fahrt auf seine Fahrerlaubnis auswirken. Auf seinen Kan\u00e4len res\u00fcmierte Redo: \u201eDas wird es auf jeden Fall nie wieder geben. War auch nicht meine Absicht, dass das so wird. Einfach schei\u00dfe.\u201c Die Anschaffung war f\u00fcr ihn eigentlich das Ergebnis jahrelanger Arbeit, wie er BILD erkl\u00e4rt hatte: \u201eEr ist ein Symbol. F\u00fcr 35 Jahre harte Arbeit. F\u00fcr viel Verzicht.\u201c<\/p>\n<p>M\u00e4dchen in Berlin verletzt: Chaos bei \u201eRedo\u201c-Auftritt! Polizei greift ein<a class=\"anchor video-teaser__anchor\" href=\"https:\/\/www.bild.de\/news\/sogar-polizeieinsatz-massenansturm-auf-gastronom-in-rekord-lamborghini-6a8b33a6511d4fd3bc4e15e9\" rel=\"nofollow noopener\" target=\"_blank\"><img decoding=\"async\" width=\"992\" height=\"558\" alt=\"\" loading=\"lazy\" src=\"https:\/\/www.europesays.com\/de\/wp-content\/uploads\/2026\/08\/332fcf4c2a60c6f2b74ffc68dca279e7,c80a8a11.jpeg\"   class=\"landscape teaser__image\"\/><\/a><\/p>\n<p>Quelle: Instagram\/Twitch\/Redo23.08.2026<\/p>\n","protected":false},"excerpt":{"rendered":"TTS-Player \u00fcberspringen\u21b5Artikel weiterlesen Berlin \u2013 Stolz wollte er seinen Fans den brandneuen Lamborghini Revuelto f\u00fcr 800.000 Euro pr\u00e4sentieren.&hellip;\n","protected":false},"author":2,"featured_media":1262360,"comment_status":"","ping_status":"","sticky":false,"template":"","format":"standard","meta":{"footnotes":"","_share_on_mastodon":"0"},"categories":[1825],"tags":[3985,296,29,6763,30,8368,6305,138370],"class_list":["post-1262359","post","type-post","status-publish","format-standard","has-post-thumbnail","category-berlin","tag-autos","tag-berlin","tag-deutschland","tag-gastronomie","tag-germany","tag-kurfuerstendamm","tag-restaurants","tag-team-first"],"share_on_mastodon":{"url":"https:\/\/pubeurope.com\/@de\/117163303812503441","error":""},"_links":{"self":[{"href":"https:\/\/www.europesays.com\/de\/wp-json\/wp\/v2\/posts\/1262359","targetHints":{"allow":["GET"]}}],"collection":[{"href":"https:\/\/www.europesays.com\/de\/wp-json\/wp\/v2\/posts"}],"about":[{"href":"https:\/\/www.europesays.com\/de\/wp-json\/wp\/v2\/types\/post"}],"author":[{"embeddable":true,"href":"https:\/\/www.europesays.com\/de\/wp-json\/wp\/v2\/users\/2"}],"replies":[{"embeddable":true,"href":"https:\/\/www.europesays.com\/de\/wp-json\/wp\/v2\/comments?post=1262359"}],"version-history":[{"count":0,"href":"https:\/\/www.europesays.com\/de\/wp-json\/wp\/v2\/posts\/1262359\/revisions"}],"wp:featuredmedia":[{"embeddable":true,"href":"https:\/\/www.europesays.com\/de\/wp-json\/wp\/v2\/media\/1262360"}],"wp:attachment":[{"href":"https:\/\/www.europesays.com\/de\/wp-json\/wp\/v2\/media?parent=1262359"}],"wp:term":[{"taxonomy":"category","embeddable":true,"href":"https:\/\/www.europesays.com\/de\/wp-json\/wp\/v2\/categories?post=1262359"},{"taxonomy":"post_tag","embeddable":true,"href":"https:\/\/www.europesays.com\/de\/wp-json\/wp\/v2\/tags?post=1262359"}],"curies":[{"name":"wp","href":"https:\/\/api.w.org\/{rel}","templated":true}]}}