{"id":1262384,"date":"2026-08-26T19:01:19","date_gmt":"2026-08-26T19:01:19","guid":{"rendered":"https:\/\/www.europesays.com\/de\/1262384\/"},"modified":"2026-08-26T19:01:19","modified_gmt":"2026-08-26T19:01:19","slug":"fabian-prozess-auswertung-des-handys-der-angeklagten-laesst-fragen-offen","status":"publish","type":"post","link":"https:\/\/www.europesays.com\/de\/1262384\/","title":{"rendered":"Fabian-Prozess: Auswertung des Handys der Angeklagten l\u00e4sst Fragen offen"},"content":{"rendered":"<p>        <img decoding=\"async\" src=\"https:\/\/www.europesays.com\/de\/wp-content\/uploads\/2026\/08\/mvfoto-7966.webp\" alt=\"Gina H. sitzt neben ihrem Verteidiger und h\u00e4lt sich einen Aktendeckel vors Gesicht. \" title=\"Gina H. sitzt neben ihrem Verteidiger und h\u00e4lt sich einen Aktendeckel vors Gesicht.  | Andreas Frost, NDR\" class=\"responsive\"\/><\/p>\n<p>AUDIO: Landgericht Rostock: Fabian-Prozess wird m\u00f6glicherweise verl\u00e4ngert (1 Min)<\/p>\n<p>\n                Stand: 26.08.2026 20:38 Uhr<\/p>\n<p class=\"preface\">Der 23. Verhandlungstag im Prozess zum Fall Fabian am Landgericht Rostock hat m\u00f6glicherweise neue Erkenntnisse erbracht, wie viel die Angeklagte am Tag des Mordes unterwegs war. Ein Video zeigte zudem, wie sie kurz nach dem Fund des toten Jungens versuchte, die Ermittler anzul\u00fcgen.<\/p>\n<p class=\"textauthor\">von Andreas Frost<\/p>\n<p class=\"\">Im Mordfall Fabian k\u00f6nnte nach Angaben eines Experten des Landeskriminalamtes (LKA) das Bewegungsbild des Handys der angeklagten Gina H. in einigen wichtigen Punkten mit dem von der Staatsanwaltschaft rekonstruierten Tatverlaufs \u00fcbereinstimmen. Das ergebe sich aus einer erneuten Auswertung des Handys mit einer Methode, die dem LKA bei der ersten Auswertung im Herbst 2025 noch nicht zur Verf\u00fcgung stand, wie der Beamte am Mittwoch als Zeuge vor dem Landgericht Rostock aussagte. Demnach seien aus den Daten Fahrten und Fahrtpausen abzulesen, die zu dem Vorwurf passen k\u00f6nnten, Gina H. habe den achtj\u00e4hrigen Fabian am 10. Oktober aus der Wohnung seiner Mutter in G\u00fcstrow gelockt und sei dann mit ihm in Richtung Klein Upahl (Landkreis Rostock) gefahren. Dort soll sie den Jungen an einem T\u00fcmpel auf einem Feld get\u00f6tet haben. Zu diesem Zeitpunkt war das Handy jedoch ausgeschaltet, sodass keine Bewegungsdaten gespeichert wurden.<\/p>\n<p>    Einige Daten f\u00fcr Verteidiger unverst\u00e4ndlich<\/p>\n<p class=\"\">Daf\u00fcr wurde offenbar eine Fahrt zu einem Treffen mit einem Bekannten am nahen Bolzsee auf dem Handy registriert, das gegen 13 Uhr begann. F\u00fcr die Verteidiger und die Zuschauer im Saal war allerdings aus den komplizierten Angaben des LKA-Mannes kaum nachzuvollziehen, wann die beiden sich wieder getrennt haben und ob die Angeklagte Zeit hatte, noch einmal zum T\u00fcmpel zu fahren, um den Leichnam anzuz\u00fcnden. So wird es ihr in der Anklage vorgeworfen. Andererseits l\u00e4sst sich aus den Handy-Daten wohl ablesen, zu welchen konkreten Zeiten Gina H. bereits am 13. Oktober nachts mit zwei Bekannten an dem T\u00fcmpel war. Sie hatte erst am n\u00e4chsten Morgen der Polizei gemeldet, sie habe Fabians Leiche gerade zuf\u00e4llig w\u00e4hrend eines Spaziergangs mit einer Freundin entdeckt, weil ihr Hund sich losgerissen habe und zu dem T\u00fcmpel gelaufen sei.<\/p>\n<p>        <img decoding=\"async\" src=\"https:\/\/www.europesays.com\/de\/wp-content\/uploads\/2026\/08\/mvfcover-284.webp\" alt=\"Die Angeklagte im Fall Fabian im Landgericht Rostock.\" title=\"Die Angeklagte im Fall Fabian im Landgericht Rostock. | NDR Andreas Frost\" class=\"responsive\" loading=\"lazy\"\/><\/p>\n<p>Die Angeklagte hat sich erstmals selbst zu den Vorw\u00fcrfen ge\u00e4u\u00dfert und versucht, Zweifel an Zeugen zu s\u00e4en.<\/p>\n<p>    Ein turbulenter Verhandlungstag<\/p>\n<p class=\"\">Die Aussage des LKA-Beamten stand am Ende eines turbulenten und langen Prozesstages. Vorher wurde die Video-Aufnahme der ersten Vernehmung von Gina H. im Gerichtssaal abgespielt, die kurz auf den angeblich zuf\u00e4lligen Fund folgte. Sie dauerte mehr als drei Stunden. Zun\u00e4chst tischte sie den Vernehmern wortreich und mit zahlreichen Details ausgeschm\u00fcckt erneut ihre Version vom zuf\u00e4lligen Fund mit ihrer Freundin an jenem Vormittag auf. Dann wurde sie mit der Aussage ihrer Freundin konfrontiert, die inzwischen etwas anderes angegeben hatte. Nun r\u00e4umte Gina H. ein, sie sei bereits in der Nacht mit einem Bekannten, der ein Nachtsichtger\u00e4t hatte, am T\u00fcmpel gewesen. Sie verschwieg weiterhin, auch mit einem zweiten Bekannten dort gewesen zu sein. Beide M\u00e4nner haben l\u00e4ngst vor Gericht ausgesagt, die Angeklagte r\u00e4umte inzwischen beide Treffen ein. Die Verteidiger hatten versucht, die Vernehmung vom 14. Oktober aus dem Prozess herauszuhalten. Gina H. h\u00e4tte als Beschuldigte (mit besonderen Rechten) und nicht als Zeugin vernommen werden m\u00fcssen. Das Gericht lehnte einen entsprechenden Antrag allerdings ab.<\/p>\n<p>    Angeklagte wird keine Fragen beantworten<\/p>\n<p class=\"\">Zu Beginn des Prozesstages gab der Vorsitzende Richter bekannt, dass der Prozess m\u00f6glicherweise um bis zu f\u00fcnf Tage bis in den Oktober hinein verl\u00e4ngert werden k\u00f6nnte. Dies machen offenbar neue Beweisanregungen und -antr\u00e4ge notwendig. Unter anderem beantragte die Verteidigung ein neues Gutachten zu der Frage, wie lange der Brand am T\u00fcmpel gedauert hat, nachdem der Leichnam von Fabian angez\u00fcndet wurde. Dies sei f\u00fcr die Frage entscheiden, ob die Angeklagte die T\u00e4terin sein kann. Zudem deuteten die Verteidiger an, dass Gina H. wohl keine Fragen zu ihrer vierst\u00fcndigen Einlassung vom vergangenen Montag seitens des Gerichts und der Staatsanwaltschaft beantworten wird. Rechtsanwalt Thomas L\u00f6cker sagte, die Angeklagte sei dazu wahrscheinlich nicht in der Lage. Seit ihrer Aussage habe sich ihr Gem\u00fctszustand vollkommen ver\u00e4ndert. Ihr sei offenbar zum ersten Mal klar geworden, was in diesem Prozess f\u00fcr sie auf dem Spiel steht.<\/p>\n<p>    Angeblich einer Beziehung im Weg<\/p>\n<p class=\"\">Die Angeklagte hatte am vergangenen Montag zum ersten Mal in dem Prozess ausgesagt. Vier Stunden lang berichtete sie aus ihrem Leben und stellte ihre Version der Ereignisse dar. Sie beteuerte ihre Unschuld und versuchte die Glaubhaftigkeit der belastenden Aussagen zweier Zeugen zu untergraben. Der Prozess wird am Freitag fortgesetzt. Fabian war der Sohn des damaligen Ex-Freundes der Angeklagten, der sich im August 2025 von ihr getrennt hatte. Die Staatsanwaltschaft wirft Gina H. vor, das Kind am 10. Oktober aus der Wohnung seiner Mutter in G\u00fcstrow gelockt und an jenem T\u00fcmpel bei Klein Upahl erstochen zu haben. Sp\u00e4ter soll sie m\u00f6glicherweise zur\u00fcckgekehrt sein, um den Leichnam anzuz\u00fcnden. Die Staatsanwaltschaft unterstellt in ihrer Anklage, Gina H. habe geglaubt, Fabian sei bei ihrem Bestreben im Weg gewesen, die Beziehung mit Fabians Vater wieder aufnehmen zu k\u00f6nnen.<\/p>\n<p>        <img decoding=\"async\" src=\"https:\/\/www.europesays.com\/de\/wp-content\/uploads\/2026\/08\/1787770878_77_fabian-230.webp\" alt=\"Gina H. sitzt im Prozess zum Fall Fabian neben ihren Verteidigern und h\u00e4lt einen Aktendeckel vors Gesicht.\" title=\"Gina H. sitzt im Prozess zum Fall Fabian neben ihren Verteidigern und h\u00e4lt einen Aktendeckel vors Gesicht. | Andreas Frost\" class=\"responsive\" loading=\"lazy\"\/><\/p>\n<p>Die angeklagte Gina H. hat sich erstmals selbst vor Gericht ge\u00e4u\u00dfert. Unter anderem versuchte sie, Zweifel an belastenden Aussagen einiger Zeugen zu s\u00e4en.<\/p>\n<p>    Fall Fabian &#8211; Alle Podcast-Folgen<\/p>\n<p>        <img decoding=\"async\" src=\"https:\/\/www.europesays.com\/de\/wp-content\/uploads\/2026\/05\/google-392.webp\" alt=\"Ein Mann sitzt mit aufgesetzten Kopfh\u00f6rern vor einem Laptop, der die Website von Google zeigt\" title=\"Ein Mann sitzt mit aufgesetzten Kopfh\u00f6rern vor einem Laptop, der die Website von Google zeigt | Colourbox\" class=\"responsive\" loading=\"lazy\"\/><\/p>\n<p>Sie w\u00fcnschen sich Informationen aus einer seri\u00f6sen Quelle? Dann legen Sie NDR.de bei Google als bevorzugte Nachrichten-Quelle fest.<\/p>\n","protected":false},"excerpt":{"rendered":"AUDIO: Landgericht Rostock: Fabian-Prozess wird m\u00f6glicherweise verl\u00e4ngert (1 Min) Stand: 26.08.2026 20:38 Uhr Der 23. Verhandlungstag im Prozess&hellip;\n","protected":false},"author":2,"featured_media":1262385,"comment_status":"","ping_status":"","sticky":false,"template":"","format":"standard","meta":{"footnotes":"","_share_on_mastodon":"0"},"categories":[2],"tags":[29,206364,260938,260936,260937,30,13,84179,1351,239047,14,15,583,12,10,8,9,11],"class_list":["post-1262384","post","type-post","status-publish","format-standard","has-post-thumbnail","category-deutschland","tag-deutschland","tag-fall-fabian","tag-fall-fabian-ndr","tag-fall-fabian-podcast","tag-fall-fabian-zusammenfassung","tag-germany","tag-headlines","tag-landkreis-rostock","tag-mecklenburg-vorpommern","tag-mordfall-fabian-aktueller-stand","tag-nachrichten","tag-news","tag-rostock","tag-schlagzeilen","tag-top-news","tag-top-meldungen","tag-topmeldungen","tag-topnews"],"share_on_mastodon":{"url":"https:\/\/pubeurope.com\/@de\/117163361506751669","error":""},"_links":{"self":[{"href":"https:\/\/www.europesays.com\/de\/wp-json\/wp\/v2\/posts\/1262384","targetHints":{"allow":["GET"]}}],"collection":[{"href":"https:\/\/www.europesays.com\/de\/wp-json\/wp\/v2\/posts"}],"about":[{"href":"https:\/\/www.europesays.com\/de\/wp-json\/wp\/v2\/types\/post"}],"author":[{"embeddable":true,"href":"https:\/\/www.europesays.com\/de\/wp-json\/wp\/v2\/users\/2"}],"replies":[{"embeddable":true,"href":"https:\/\/www.europesays.com\/de\/wp-json\/wp\/v2\/comments?post=1262384"}],"version-history":[{"count":0,"href":"https:\/\/www.europesays.com\/de\/wp-json\/wp\/v2\/posts\/1262384\/revisions"}],"wp:featuredmedia":[{"embeddable":true,"href":"https:\/\/www.europesays.com\/de\/wp-json\/wp\/v2\/media\/1262385"}],"wp:attachment":[{"href":"https:\/\/www.europesays.com\/de\/wp-json\/wp\/v2\/media?parent=1262384"}],"wp:term":[{"taxonomy":"category","embeddable":true,"href":"https:\/\/www.europesays.com\/de\/wp-json\/wp\/v2\/categories?post=1262384"},{"taxonomy":"post_tag","embeddable":true,"href":"https:\/\/www.europesays.com\/de\/wp-json\/wp\/v2\/tags?post=1262384"}],"curies":[{"name":"wp","href":"https:\/\/api.w.org\/{rel}","templated":true}]}}