{"id":1262386,"date":"2026-08-26T19:02:20","date_gmt":"2026-08-26T19:02:20","guid":{"rendered":"https:\/\/www.europesays.com\/de\/1262386\/"},"modified":"2026-08-26T19:02:20","modified_gmt":"2026-08-26T19:02:20","slug":"cl-qualifikation-vfl-wolfsburg-legt-gegen-inter-mailand-vor","status":"publish","type":"post","link":"https:\/\/www.europesays.com\/de\/1262386\/","title":{"rendered":"CL-Qualifikation: VfL Wolfsburg legt gegen Inter Mailand vor"},"content":{"rendered":"<p>        <img decoding=\"async\" src=\"https:\/\/www.europesays.com\/de\/wp-content\/uploads\/2026\/08\/wolfsburg-1600.webp\" alt=\"Lara Prasnikar (r.) bejubelt einen Treffer.\" title=\"Lara Prasnikar (r.) bejubelt einen Treffer. | IMAGO\/Susanne H\u00fcbner\" class=\"responsive\"\/><\/p>\n<p>AUDIO: VfL Wolfsburg schl\u00e4gt Inter Mailand mit 2:0 (1 Min)<\/p>\n<p class=\"topline\">Champions League <\/p>\n<p>\n                Stand: 26.08.2026 20:02 Uhr<\/p>\n<p class=\"preface\">Die Fu\u00dfballerinnen des VfL Wolfsburg haben den ersten Schritt Richtung Champions-League-Gruppenphase gemacht. Die &#8222;W\u00f6lfinnen&#8220; gewannen das Hinspiel in der dritten Qualifikationsrunde gegen Inter Mailand am Mittwoch mit 2:0 (1:0).<\/p>\n<p class=\"textauthor\">von Sebastian Rago\u00df<\/p>\n<p class=\"\">Damit hat die Mannschaft von Trainer Stephan Lerch gute Chancen, sich im R\u00fcckspiel in der italienischen Metropole am kommenden Mittwoch (18.30 Uhr) durchzusetzen und erneut zu den 18 besten Teams in Europa zu geh\u00f6ren.<\/p>\n<p class=\"\">Wolfsburg hatte gegen Inter deutlich mehr Ballbesitz und versuchte vor allem, \u00fcber die Au\u00dfenbahnen gef\u00e4hrlich vor das Tor zu kommen. In Ans\u00e4tzen funktionierte dies, zu oft brachten aber technische Unsauberkeiten die Angriffe zum Erliegen.<\/p>\n<p class=\"\">In den ersten 40 Minuten gelang lediglich ein gef\u00e4hrlicher Abschluss, als Cora Zicai die Mail\u00e4nder Keeperin Cecilia Runarsdottir zu einer Parade zwang (9.).<\/p>\n<p>    Inter mit der gro\u00dfen Chance zur F\u00fchrung<\/p>\n<p class=\"\">Die Mail\u00e4nderinnen konzentrierten sich aufs Verteidigen und hofften auf gelegentliche Konter. Und beinahe h\u00e4tte diese Taktik in der 22. Minute Erfolg gehabt.<\/p>\n<p class=\"\">Brittany Raphino sch\u00fcttelte im Laufduell Lieske Carleer ab. Die aus sechs Interisti bestehende Fan-Kurve hatte den Torschrei schon auf den Lippen, die Haitianerin setzte den Ball aber knapp neben den linken Pfosten (22.). Das h\u00e4tte die F\u00fchrung f\u00fcr die G\u00e4ste sein m\u00fcssen.<\/p>\n<p>    Huth auf Prasnikar &#8211; 1:0<\/p>\n<p class=\"\">Wolfsburgs Druck lie\u00df ein wenig nach, in der 42. Minute hatte der VfL aber mit seinem konsequenten Spiel \u00fcber die Au\u00dfen Erfolg: Svenja Huth legte den Ball perfekt in den R\u00fccken der Abwehr, wo Lara Prasnikar aus elf Metern \u00fcberlegt und unhaltbar einschoss.<\/p>\n<p class=\"\">Wenig sp\u00e4ter hatte Sarai Linder sogar den zweiten Treffer auf dem Fu\u00df, doch Runarsdottir parierte mit dem Fu\u00df (45.). Die Isl\u00e4nderin war auch nach dem Seitenwechsel direkt gefordert, als sie einen Schuss von Ella Peddemors entsch\u00e4rfte (47.).<\/p>\n<p>    VfL verpasst einen noch h\u00f6heren Sieg<\/p>\n<p class=\"\">Der VfL dr\u00e4ngte und stellte in den folgenden &#8211; f\u00fcr Inter bitteren &#8211; Minuten die Weichen auf Vorentscheidung. Zun\u00e4chst sah die Mail\u00e4nderin Chiara Robustellini nach einer T\u00e4tlichkeit die Rote Karte. Und Wolfsburg brauchte nur drei Minuten, um die \u00dcberzahl zu nutzen: Camilla K\u00fcver k\u00f6pfte nach einer Ecke das 2:0.<\/p>\n<p>Alle Ergebnisse der Champions League Frauen Fu\u00dfball 2026\/2027.<\/p>\n<p class=\"\">Der italienische Vize-Meister stellte seine Offensivbem\u00fchungen zu zehnt fast komplett ein und hoffte, mit einem halbwegs ordentlichen Ergebnis \u00fcber die Runden zu kommen, was auch gelang.<\/p>\n<p class=\"\">Wolfsburg schn\u00fcrte Inter zwar fast komplett ein und h\u00e4tte mit Blick auf das R\u00fcckspiel bereits alle Zweifel am Weiterkommen beseitigen k\u00f6nnen. Die allerletzte Konsequenz im Strafraum fehlte allerdings. Der gef\u00e4hrlichste Abschluss war bezeichnenderweise ein 30-Meter-Schuss von K\u00fcver, der an die Latte ging (75.).<\/p>\n<p class=\"\">Dennoch: Angesichts des Zwei-Tore-Vorsprungs und der deutlich h\u00f6heren Qualit\u00e4t im Team sollte f\u00fcr den VfL im R\u00fcckspiel eigentlich nichts mehr schiefgehen.<\/p>\n<p>        <img decoding=\"async\" src=\"https:\/\/www.europesays.com\/de\/wp-content\/uploads\/2026\/08\/wolfsburg-1580.webp\" alt=\"Wolfsburgs Cora Zicai bejubelt ihren Treffer\" title=\"Wolfsburgs Cora Zicai bejubelt ihren Treffer | Imago Images\" class=\"responsive\" loading=\"lazy\"\/><\/p>\n<p>Frauen-Bundesliga <\/p>\n<p>Nach einer schwachen ersten Halbzeit steigerten sich die &#8222;W\u00f6lfinnen&#8220; und profitierten von einem fr\u00fchen Platzverweis gegen die N\u00fcrnbergerinnen, die sie am Ende vorf\u00fchrten.<\/p>\n","protected":false},"excerpt":{"rendered":"AUDIO: VfL Wolfsburg schl\u00e4gt Inter Mailand mit 2:0 (1 Min) Champions League Stand: 26.08.2026 20:02 Uhr Die Fu\u00dfballerinnen&hellip;\n","protected":false},"author":2,"featured_media":1262387,"comment_status":"","ping_status":"","sticky":false,"template":"","format":"standard","meta":{"footnotes":"","_share_on_mastodon":"0"},"categories":[5],"tags":[468,3236,347,13,14,15,1552,12,10,8,9,11,931,31975,31974,605],"class_list":["post-1262386","post","type-post","status-publish","format-standard","has-post-thumbnail","category-nachrichten","tag-champions-league","tag-frauen","tag-fussball","tag-headlines","tag-nachrichten","tag-news","tag-newsticker","tag-schlagzeilen","tag-top-news","tag-top-meldungen","tag-topmeldungen","tag-topnews","tag-vfl-wolfsburg","tag-vfl-frauen","tag-woelfinnen","tag-wolfsburg"],"share_on_mastodon":{"url":"https:\/\/pubeurope.com\/@de\/117163363511324031","error":""},"_links":{"self":[{"href":"https:\/\/www.europesays.com\/de\/wp-json\/wp\/v2\/posts\/1262386","targetHints":{"allow":["GET"]}}],"collection":[{"href":"https:\/\/www.europesays.com\/de\/wp-json\/wp\/v2\/posts"}],"about":[{"href":"https:\/\/www.europesays.com\/de\/wp-json\/wp\/v2\/types\/post"}],"author":[{"embeddable":true,"href":"https:\/\/www.europesays.com\/de\/wp-json\/wp\/v2\/users\/2"}],"replies":[{"embeddable":true,"href":"https:\/\/www.europesays.com\/de\/wp-json\/wp\/v2\/comments?post=1262386"}],"version-history":[{"count":0,"href":"https:\/\/www.europesays.com\/de\/wp-json\/wp\/v2\/posts\/1262386\/revisions"}],"wp:featuredmedia":[{"embeddable":true,"href":"https:\/\/www.europesays.com\/de\/wp-json\/wp\/v2\/media\/1262387"}],"wp:attachment":[{"href":"https:\/\/www.europesays.com\/de\/wp-json\/wp\/v2\/media?parent=1262386"}],"wp:term":[{"taxonomy":"category","embeddable":true,"href":"https:\/\/www.europesays.com\/de\/wp-json\/wp\/v2\/categories?post=1262386"},{"taxonomy":"post_tag","embeddable":true,"href":"https:\/\/www.europesays.com\/de\/wp-json\/wp\/v2\/tags?post=1262386"}],"curies":[{"name":"wp","href":"https:\/\/api.w.org\/{rel}","templated":true}]}}