{"id":1262392,"date":"2026-08-26T19:05:36","date_gmt":"2026-08-26T19:05:36","guid":{"rendered":"https:\/\/www.europesays.com\/de\/1262392\/"},"modified":"2026-08-26T19:05:36","modified_gmt":"2026-08-26T19:05:36","slug":"tierheim-flohmarkt-kiel-kuchen-azubi-tag-terrarienkreis","status":"publish","type":"post","link":"https:\/\/www.europesays.com\/de\/1262392\/","title":{"rendered":"Tierheim-Flohmarkt Kiel: Kuchen, Azubi-Tag &#038; Terrarienkreis"},"content":{"rendered":"<p class=\"\">\n                    Am Sonntag, 6. September, von 10 bis 14 Uhr laden wir wieder zum Flohmarkt auf unserem Tierheimgel\u00e4nde ein. An verschiedenen St\u00e4nden gibt es allerhand zu entdecken \u2013 von B\u00fcchern und Tierzubeh\u00f6r bis hin zu Wildstauden aus unserem Garten. F\u00fcr das leibliche Wohl sorgt unser Ehrenamtsteam am Kuchenwagen mit frischem Kaffee, Kuchen und weiteren Getr\u00e4nken.<\/p>\n<p>Auch dieses Mal d\u00fcrfen sich die Besucher auf besondere Aktionen freuen: Beim Azubi-Infotag erz\u00e4hlen unsere Auszubildenden von ihrem Arbeitsalltag im Tierheim. Interessierte haben die Gelegenheit, direkt mit ihnen ins Gespr\u00e4ch zu kommen und sich \u00fcber die Ausbildung zum Tierpfleger bei uns zu informieren.<\/p>\n<p>Au\u00dferdem ist der Terrarienkreis Kiel zu Gast. An seinem Stand erfahren Besucher Wissenswertes \u00fcber Amphibien und Reptilien, ihre besonderen Bed\u00fcrfnisse und eine artgerechte Haltung.<\/p>\n<p>Um 12 Uhr findet zudem wieder unsere beliebte Tierheimf\u00fchrung statt. Dabei k\u00f6nnen Interessierte unser Gel\u00e4nde erkunden, einen Einblick in die Arbeit des Tierheims erhalten und einige unserer tierischen Bewohner n\u00e4her kennenlernen.<\/p>\n<p>Wir freuen uns auf viele Flohmarkt- und Tierfreunde! Der gesamte Erl\u00f6s des Flohmarkts kommt selbstverst\u00e4ndlich unseren Tierheimtieren zugute.<\/p>\n<p>Tierheim-Flohmarkt mit Kuchenwagen, Azubi-Tag und Terrarienkreis <br \/>6. September, 10 Uhr bis 14 Uhr<\/p>\n<p>Dieser Text wurde erstellt von: <br \/>Sophia Wenig <br \/>Tierheim Uhlenkrog Kiel\n            <\/p>\n","protected":false},"excerpt":{"rendered":"Am Sonntag, 6. September, von 10 bis 14 Uhr laden wir wieder zum Flohmarkt auf unserem Tierheimgel\u00e4nde ein.&hellip;\n","protected":false},"author":2,"featured_media":1262393,"comment_status":"","ping_status":"","sticky":false,"template":"","format":"standard","meta":{"footnotes":"","_share_on_mastodon":"0"},"categories":[1852],"tags":[3364,29,548,663,3934,30,8198,13,4949,14,15,12,1971,14899,2242],"class_list":["post-1262392","post","type-post","status-publish","format-standard","has-post-thumbnail","category-kiel","tag-de","tag-deutschland","tag-eu","tag-europa","tag-europe","tag-germany","tag-haustiere","tag-headlines","tag-kiel","tag-nachrichten","tag-news","tag-schlagzeilen","tag-schleswig-holstein","tag-tierhaltung","tag-tierpark"],"share_on_mastodon":{"url":"https:\/\/pubeurope.com\/@de\/117163375081883870","error":""},"_links":{"self":[{"href":"https:\/\/www.europesays.com\/de\/wp-json\/wp\/v2\/posts\/1262392","targetHints":{"allow":["GET"]}}],"collection":[{"href":"https:\/\/www.europesays.com\/de\/wp-json\/wp\/v2\/posts"}],"about":[{"href":"https:\/\/www.europesays.com\/de\/wp-json\/wp\/v2\/types\/post"}],"author":[{"embeddable":true,"href":"https:\/\/www.europesays.com\/de\/wp-json\/wp\/v2\/users\/2"}],"replies":[{"embeddable":true,"href":"https:\/\/www.europesays.com\/de\/wp-json\/wp\/v2\/comments?post=1262392"}],"version-history":[{"count":0,"href":"https:\/\/www.europesays.com\/de\/wp-json\/wp\/v2\/posts\/1262392\/revisions"}],"wp:featuredmedia":[{"embeddable":true,"href":"https:\/\/www.europesays.com\/de\/wp-json\/wp\/v2\/media\/1262393"}],"wp:attachment":[{"href":"https:\/\/www.europesays.com\/de\/wp-json\/wp\/v2\/media?parent=1262392"}],"wp:term":[{"taxonomy":"category","embeddable":true,"href":"https:\/\/www.europesays.com\/de\/wp-json\/wp\/v2\/categories?post=1262392"},{"taxonomy":"post_tag","embeddable":true,"href":"https:\/\/www.europesays.com\/de\/wp-json\/wp\/v2\/tags?post=1262392"}],"curies":[{"name":"wp","href":"https:\/\/api.w.org\/{rel}","templated":true}]}}