{"id":1262407,"date":"2026-08-26T19:19:25","date_gmt":"2026-08-26T19:19:25","guid":{"rendered":"https:\/\/www.europesays.com\/de\/1262407\/"},"modified":"2026-08-26T19:19:25","modified_gmt":"2026-08-26T19:19:25","slug":"bundesgerichtshof-bgh-bestaetigt-mord-urteil-nach-messerangriff-auf-ehefrau-panorama","status":"publish","type":"post","link":"https:\/\/www.europesays.com\/de\/1262407\/","title":{"rendered":"Bundesgerichtshof &#8211; BGH best\u00e4tigt Mord-Urteil nach Messerangriff auf Ehefrau &#8211; Panorama"},"content":{"rendered":"<p data-manual=\"paragraph\" data-schema-org-speakable=\"true\" class=\"css-1eosz7k\">Karlsruhe\/<a href=\"https:\/\/www.sueddeutsche.de\/thema\/Berlin\" rel=\"nofollow noopener\" target=\"_blank\">Berlin<\/a> (dpa) &#8211; Der <a href=\"https:\/\/www.sueddeutsche.de\/thema\/Bundesgerichtshof\" rel=\"nofollow noopener\" target=\"_blank\">Bundesgerichtshof<\/a> (BGH) hat die lebenslange Haftstrafe f\u00fcr einen Mann wegen des t\u00f6dlichen Messerangriffs auf seine Ehefrau best\u00e4tigt. Der 5. Strafsenat verwarf die Revision des Angeklagten gegen ein entsprechendes Urteil des Landgerichts Berlin I, wie das h\u00f6chste deutsche Strafgericht mitteilte. Die Verurteilung ist damit rechtskr\u00e4ftig.<\/p>\n<p data-manual=\"paragraph\" data-schema-org-speakable=\"true\" class=\"css-1eosz7k\">Die vier Kinder des aus Afghanistan stammenden Paares schliefen noch, als es laut Landgericht am Morgen des 17. April 2025 in der Wohnung der Frau in Berlin-Britz zu einem Streit kam. Der Angeklagte habe seine Ehefrau beschimpft und ihr vorgeworfen, sie w\u00fcrde sich einem anderen Mann zuwenden. Er habe zu einem K\u00fcchenmesser gegriffen und ihr \u201ein T\u00f6tungsabsicht in rascher Folge f\u00fcnf Stiche versetzt\u201c, hie\u00df es im Urteil. Die Frau verblutete im Hausflur.<\/p>\n<p>Angeklagter hatte zur Tat geschwiegen<\/p>\n<p data-manual=\"paragraph\" data-schema-org-speakable=\"true\" class=\"css-1eosz7k\">Das Berliner Landgericht sprach den 45-J\u00e4hrigen im Januar 2026 wegen Mordes schuldig. Er habe die 37-j\u00e4hrige Frau aus Wut bestrafen wollen, weil sie sich nicht nach seinen Vorstellungen verhalten habe, sagte der Vorsitzende Richter. Er habe aus der \u00dcberzeugung heraus gehandelt, \u201edass es ihm als Mann zustehe, seine Frau daf\u00fcr bestrafen zu d\u00fcrfen und er sogar berechtigt sei, ihr das Leben zu nehmen\u201c.\u00a0<\/p>\n<p data-manual=\"paragraph\" data-schema-org-speakable=\"true\" class=\"css-1eosz7k\">Mit dem Urteil folgte das Landgericht dem Antrag des Staatsanwalts. Der Verteidiger hatte auf einen Schuldspruch wegen Totschlags pl\u00e4diert, allerdings keinen konkreten Antrag gestellt. Der Angeklagte, der 2015 mit seiner Familie nach <a href=\"https:\/\/www.sueddeutsche.de\/thema\/Deutschland\" rel=\"nofollow noopener\" target=\"_blank\">Deutschland<\/a> kam, hatte zur Tat geschwiegen. Er hatte sich nach Angaben seines Sohnes einige Monate vor der Tat wegen einer anderen Frau von seiner Ehefrau getrennt. Nach Ende der neuen Beziehung sei er wieder aufgetaucht.<\/p>\n<p data-manual=\"paragraph\" data-schema-org-speakable=\"true\" class=\"css-1eosz7k\">\u00a9 dpa-infocom, dpa:260826-930-585760\/1<\/p>\n","protected":false},"excerpt":{"rendered":"Karlsruhe\/Berlin (dpa) &#8211; Der Bundesgerichtshof (BGH) hat die lebenslange Haftstrafe f\u00fcr einen Mann wegen des t\u00f6dlichen Messerangriffs auf&hellip;\n","protected":false},"author":2,"featured_media":1262408,"comment_status":"","ping_status":"","sticky":false,"template":"","format":"standard","meta":{"footnotes":"","_share_on_mastodon":"0"},"categories":[1844],"tags":[1634,296,6644,3364,29,13690,30,8903,1584,1974,2283,149,11747],"class_list":["post-1262407","post","type-post","status-publish","format-standard","has-post-thumbnail","category-karlsruhe","tag-baden-wuerttemberg","tag-berlin","tag-bundesgerichtshof","tag-de","tag-deutschland","tag-gerichtsprozesse","tag-germany","tag-karlsruhe","tag-kriminalitaet","tag-panorama","tag-prozess-gericht","tag-sueddeutsche-zeitung","tag-urteile"],"share_on_mastodon":{"url":"https:\/\/pubeurope.com\/@de\/117163430148022705","error":""},"_links":{"self":[{"href":"https:\/\/www.europesays.com\/de\/wp-json\/wp\/v2\/posts\/1262407","targetHints":{"allow":["GET"]}}],"collection":[{"href":"https:\/\/www.europesays.com\/de\/wp-json\/wp\/v2\/posts"}],"about":[{"href":"https:\/\/www.europesays.com\/de\/wp-json\/wp\/v2\/types\/post"}],"author":[{"embeddable":true,"href":"https:\/\/www.europesays.com\/de\/wp-json\/wp\/v2\/users\/2"}],"replies":[{"embeddable":true,"href":"https:\/\/www.europesays.com\/de\/wp-json\/wp\/v2\/comments?post=1262407"}],"version-history":[{"count":0,"href":"https:\/\/www.europesays.com\/de\/wp-json\/wp\/v2\/posts\/1262407\/revisions"}],"wp:featuredmedia":[{"embeddable":true,"href":"https:\/\/www.europesays.com\/de\/wp-json\/wp\/v2\/media\/1262408"}],"wp:attachment":[{"href":"https:\/\/www.europesays.com\/de\/wp-json\/wp\/v2\/media?parent=1262407"}],"wp:term":[{"taxonomy":"category","embeddable":true,"href":"https:\/\/www.europesays.com\/de\/wp-json\/wp\/v2\/categories?post=1262407"},{"taxonomy":"post_tag","embeddable":true,"href":"https:\/\/www.europesays.com\/de\/wp-json\/wp\/v2\/tags?post=1262407"}],"curies":[{"name":"wp","href":"https:\/\/api.w.org\/{rel}","templated":true}]}}