{"id":1262457,"date":"2026-08-26T19:54:18","date_gmt":"2026-08-26T19:54:18","guid":{"rendered":"https:\/\/www.europesays.com\/de\/1262457\/"},"modified":"2026-08-26T19:54:18","modified_gmt":"2026-08-26T19:54:18","slug":"polizei-kann-sie-nicht-findene-zwei-kinder-in-hannover-vermisst-regional","status":"publish","type":"post","link":"https:\/\/www.europesays.com\/de\/1262457\/","title":{"rendered":"Polizei kann sie nicht findene: Zwei Kinder in Hannover vermisst | Regional"},"content":{"rendered":"<p><a class=\"skip-content skip-content--link\" href=\"#in-content-skip-link-target-v-0-0\">TTS-Player \u00fcberspringen\u21b5<\/a><a id=\"in-content-skip-link-target-v-0-0\" class=\"skip-content--target-link-hidden skip-content skip-content--target-link\" href=\"#in-content-skip-link-target-v-0-0\">Artikel weiterlesen<\/a><\/p>\n<p data-780e759e=\"0-1259\">Hannover \u2013 <b>Wo sind Ali (7) und Leny (12)? Seit Mittwochnachmittag werden die beiden Kinder aus Hannover vermisst. Die Polizei sucht nach ihnen und bittet jetzt die Bev\u00f6lkerung um Mithilfe. Wegen ihres jungen Alters und einer Erkrankung der Zw\u00f6lfj\u00e4hrigen gehen die Ermittler von einer Gef\u00e4hrdung der Kinder aus.<\/b><\/p>\n<p data-780e759e=\"0-1259\">Nach Angaben der Polizei verlie\u00dfen Ali Z. (7) aus Hannover-W\u00fclfel und Leny H. (12) aus <a href=\"https:\/\/www.bild.de\/regional\/hannover\/hannover-regional\/home-16344348.bild.html\" class=\"text-link\" rel=\"nofollow noopener\" target=\"_blank\">Hannover<\/a>-Misburg gegen 16.30 Uhr eine Tagesgruppe an der Hildesheimer Stra\u00dfe in Hannover-W\u00fclfel. Seitdem fehlt von ihnen jede Spur. Die Polizei vermutet, dass die beiden gemeinsam unterwegs sind. M\u00f6glicherweise nutzen sie \u00f6ffentliche Verkehrsmittel. S\u00e4mtliche bisherigen Suchma\u00dfnahmen der Polizei blieben erfolglos.<\/p>\n<p><img decoding=\"async\" width=\"992\" height=\"558\" alt=\"Die zw\u00f6lfj\u00e4hrige Leny H. aus Hannover-Misburg wird seit Mittwochnachmittag vermisst\" loading=\"lazy\" src=\"https:\/\/www.europesays.com\/de\/wp-content\/uploads\/2026\/08\/48bcc63fa5149bd49abdb253e1f90298,6d040261.jpeg\"   class=\"landscape\"\/><\/p>\n<p class=\"fig__caption__text\">Die zw\u00f6lfj\u00e4hrige Leny H. aus Hannover-Misburg wird seit Mittwochnachmittag vermisst<\/p>\n<p>Foto: Polizeidirektion Hannover<\/p>\n<p>Zw\u00f6lfj\u00e4hrige war bereits mehrfach verschwunden<\/p>\n<p data-780e759e=\"0-1259\">Leny H. war laut Polizei in der Vergangenheit bereits mehrfach abg\u00e4ngig. Unter anderem wurde die Zw\u00f6lfj\u00e4hrige schon in Bremen und am Flughafen Hannover angetroffen. F\u00fcr den siebenj\u00e4hrigen Ali ist es nach bisherigen Erkenntnissen das erste Mal, dass er <a href=\"https:\/\/www.bild.de\/news\/aktuelles\/vermisste-personen\/thema-vermisste-personen-alle-infos-80909876.bild.html\" class=\"text-link\" rel=\"nofollow noopener\" target=\"_blank\">vermisst<\/a> wird.<\/p>\n<p data-780e759e=\"0-1259\">Ali ist etwa 1,20 Meter gro\u00df und schlank, hat kurze dunkle Haare und braune Augen. Als er verschwand, trug er eine kurze Jeansshorts, einen grauen Pullover mit Hogwarts-Emblem und blau-rote Schuhe.<\/p>\n<p><img decoding=\"async\" width=\"992\" height=\"1178\" alt=\"Der siebenj\u00e4hrige Ali Z. aus Hannover-W\u00fclfel wird seit Mittwochnachmittag vermisst\" loading=\"lazy\" src=\"https:\/\/www.europesays.com\/de\/wp-content\/uploads\/2026\/08\/598c24238e3e0a058b46ba83a5ae1680,d5903b1.jpeg\"   class=\"portrait\"\/><\/p>\n<p class=\"fig__caption__text\">Der siebenj\u00e4hrige Ali Z. aus Hannover-W\u00fclfel wird seit Mittwochnachmittag vermisst<\/p>\n<p>Foto: Polizeidirektion Hannover<\/p>\n<p data-780e759e=\"0-1259\">Leny ist etwa 1,50 Meter gro\u00df und schlank und hat braune, mittellange Haare. Sie trug zuletzt ein Kleid mit pink-wei\u00dfen Querstreifen, wei\u00dfe Sneaker und eine graue Sweatjacke.<\/p>\n<p>Polizei ver\u00f6ffentlicht Fotos der Kinder<\/p>\n<p data-780e759e=\"1260-1799\">Um die beiden Kinder zu finden, hat die <a href=\"https:\/\/www.bild.de\/regional\/aktuelles\/polizei\/polizeieinsatz-alle-infos-76681760.bild.html\" class=\"text-link\" rel=\"nofollow noopener\" target=\"_blank\">Polizei<\/a> Fotos von Ali und Leny ver\u00f6ffentlicht. Wer die Kinder seit Mittwochnachmittag gesehen hat oder Hinweise zu ihrem Aufenthaltsort geben kann, soll sich beim Polizeikommissariat Hannover-D\u00f6hren unter 0511 109-3617 melden.<\/p>\n<p data-780e759e=\"1260-1799\">Wer die <a href=\"https:\/\/www.bild.de\/ratgeber\/kind-familie\/kind-und-familie\/home-15721934.bild.html\" class=\"text-link\" rel=\"nofollow noopener\" target=\"_blank\">Kinder<\/a> aktuell sieht, soll sofort den Polizeinotruf 110 w\u00e4hlen.<\/p>\n","protected":false},"excerpt":{"rendered":"TTS-Player \u00fcberspringen\u21b5Artikel weiterlesen Hannover \u2013 Wo sind Ali (7) und Leny (12)? Seit Mittwochnachmittag werden die beiden Kinder&hellip;\n","protected":false},"author":2,"featured_media":1262458,"comment_status":"","ping_status":"","sticky":false,"template":"","format":"standard","meta":{"footnotes":"","_share_on_mastodon":"0"},"categories":[1836],"tags":[3364,29,122,123,30,46,1114,1411,121,138370,120,119],"class_list":["post-1262457","post","type-post","status-publish","format-standard","has-post-thumbnail","category-hannover","tag-de","tag-deutschland","tag-fahndungen","tag-fahndungsfoto","tag-germany","tag-hannover","tag-kinder","tag-niedersachsen","tag-polizei","tag-team-first","tag-vermisst","tag-vermisste-personen"],"share_on_mastodon":{"url":"","error":""},"_links":{"self":[{"href":"https:\/\/www.europesays.com\/de\/wp-json\/wp\/v2\/posts\/1262457","targetHints":{"allow":["GET"]}}],"collection":[{"href":"https:\/\/www.europesays.com\/de\/wp-json\/wp\/v2\/posts"}],"about":[{"href":"https:\/\/www.europesays.com\/de\/wp-json\/wp\/v2\/types\/post"}],"author":[{"embeddable":true,"href":"https:\/\/www.europesays.com\/de\/wp-json\/wp\/v2\/users\/2"}],"replies":[{"embeddable":true,"href":"https:\/\/www.europesays.com\/de\/wp-json\/wp\/v2\/comments?post=1262457"}],"version-history":[{"count":0,"href":"https:\/\/www.europesays.com\/de\/wp-json\/wp\/v2\/posts\/1262457\/revisions"}],"wp:featuredmedia":[{"embeddable":true,"href":"https:\/\/www.europesays.com\/de\/wp-json\/wp\/v2\/media\/1262458"}],"wp:attachment":[{"href":"https:\/\/www.europesays.com\/de\/wp-json\/wp\/v2\/media?parent=1262457"}],"wp:term":[{"taxonomy":"category","embeddable":true,"href":"https:\/\/www.europesays.com\/de\/wp-json\/wp\/v2\/categories?post=1262457"},{"taxonomy":"post_tag","embeddable":true,"href":"https:\/\/www.europesays.com\/de\/wp-json\/wp\/v2\/tags?post=1262457"}],"curies":[{"name":"wp","href":"https:\/\/api.w.org\/{rel}","templated":true}]}}