{"id":1262532,"date":"2026-08-26T20:38:18","date_gmt":"2026-08-26T20:38:18","guid":{"rendered":"https:\/\/www.europesays.com\/de\/1262532\/"},"modified":"2026-08-26T20:38:18","modified_gmt":"2026-08-26T20:38:18","slug":"trumps-mann-in-lateinamerika-mordversuch-wird-koenigsmacher-des-maga-imperiums-zum-verhaengnis","status":"publish","type":"post","link":"https:\/\/www.europesays.com\/de\/1262532\/","title":{"rendered":"Trumps Mann in Lateinamerika: Mordversuch wird K\u00f6nigsmacher des MAGA-Imperiums zum Verh\u00e4ngnis"},"content":{"rendered":"<p>Trumps Mann in LateinamerikaMordversuch wird K\u00f6nigsmacher des MAGA-Imperiums zum Verh\u00e4ngnis26.08.2026, 21:02 Uhr <a href=\"https:\/\/www.n-tv.de\/autoren\/Roland-Peters-article13639846.html\" class=\"article-detail-head_author___bDMZ\" rel=\"nofollow noopener\" target=\"_blank\"><img decoding=\"async\" class=\"Image_img__fQCi0 Image_Img_1_1__Ei3jf\" loading=\"eager\" fetchpriority=\"high\" src=\"https:\/\/www.europesays.com\/de\/wp-content\/uploads\/2025\/12\/rpeters_foto1x1.webp.webp\" alt=\"rpeters_foto1x1\"\/>Von Roland Peters, New York<\/a><\/p>\n<p>Artikel anh\u00f6ren(09:36 min)<\/p>\n<p><img decoding=\"async\" class=\"Image_img__fQCi0 Image_Img_16_9__4BLfH widget-picture-inline_maximizable__t_E7h\" loading=\"eager\" fetchpriority=\"high\" src=\"https:\/\/www.europesays.com\/de\/wp-content\/uploads\/2026\/08\/2026-08-22T042104Z_1187288395_RC2A3NAW3GBT_RTRMADP_3_BOLIVIA-CRIME.webp\" alt=\"2026-08-22T042104Z_1187288395_RC2A3NAW3GBT_RTRMADP_3_BOLIVIA-CRIME\"\/>In Untersuchungshaft in Santa Cruz de la Sierra: der Argentinier Fernando Cerimedo (rechts), Berater von Boliviens Pr\u00e4sident Rodrigo Paz und Schl\u00fcsselstratege f\u00fcr den Wahlsieg Javier Mileis in Argentinien. (Foto: REUTERS)<\/p>\n<p class=\"Typography_text-m__XI0da Typography_weight-bold__uT6mq storyline_lead_text_leadtext__q_wg8\">Ein Mordversuch und die Festnahme des Wahlkampfberaters Fernando Cerimedo hat ein kleines politisches Erdbeben ausgel\u00f6st. Der Fall um &#8222;MAGAs Mann in Lateinamerika&#8220; wirft ein Schlaglicht auf die Vernetzung der neuen Rechten der Region.<\/p>\n<p class=\"Typography_text-default__P3otY Typography_weight-normal__pqUbH storyline_paragraph_p__qSR5N\">Seit Dienstag vergangener Woche muss sich Lateinamerikas politische Rechte\u00a0neu sortieren &#8211; und es werden viele Fragen gestellt. Einer ihrer, wenn nicht der K\u00f6nigsmacher sitzt in Untersuchungshaft: Fernando Cerimedo, von manchen Medien der &#8222;Steve Bannon Lateinamerikas&#8220; genannt. Der Grund: Um 20:40 Uhr des Vorabends n\u00e4hern sich zwei Personen in Kleidung eines Lieferdienstes dem &#8222;Schweizer Hotel&#8220; im bolivianischen Santa Cruz de la Sierra. Im Eingangsbereich geben sie aus n\u00e4chster N\u00e4he drei Sch\u00fcsse auf die bolivianische Anw\u00e4ltin und politische Aktivistin Nadia Beller ab, rauben einem Motorradfahrer seine Maschine und brausen davon.\u00a0<\/p>\n<p class=\"Typography_text-default__P3otY Typography_weight-normal__pqUbH storyline_paragraph_p__qSR5N\">Die schwangere Beller wird operiert und \u00fcberlebt. Spezialeinsatzkr\u00e4fte nehmen am n\u00e4chsten Tag Cerimedo\u00a0als mutma\u00dflichen Strippenzieher des Mordversuchs fest, als er ein Flugzeug nach Buenos Aires besteigen will.\u00a0Er ist Bellers Ex-Freund und soll der Vater des ungeborenen Kindes sein. Seither \u00fcberschlagen Medien und Politiker: Was genau hatte Cerimedo mit den Erfolgen rechter Politiker in den vergangenen Jahren zu tun? Welche Macht \u00fcber die \u00f6ffentliche Agenda und Meinungen haben Berater wie er mit digitalen Wahlkampfwerkzeugen und Medien? Welche Rolle spielen dabei die USA mit ihrem Vormachtanspruch in der Region?<\/p>\n<p class=\"Typography_text-default__P3otY Typography_weight-normal__pqUbH storyline_paragraph_p__qSR5N\">Der Argentinier\u00a0Cerimedo\u00a0ist eine Schl\u00fcsselfigur in rechten politischen Kreisen.Untrennbar verbunden mit dem Aufstieg einer neuen Generation lateinamerikanischer Staatschefs, die ihrerseits mit US-Pr\u00e4sident Donald Trump verb\u00fcndet sind. In der Nationalen Sicherheitsstrategie, eine aktualisierte Monroe-Doktrin, hielt seine Regierung schriftlich fest, wonach sie in der zweiten Amtszeit handelt: Die Vereinigten Staaten mischen sich aktiv in innenpolitische Angelegenheiten lateinamerikanischer Staaten ein, unterst\u00fctzten rechte Kr\u00e4fte und \u00fcben Druck aus. Ziel ist, China und dessen Einfluss in der Region Paroli zu bieten.<\/p>\n<p><img decoding=\"async\" class=\"Image_img__fQCi0 Image_Img_16_9__4BLfH widget-picture-inline_maximizable__t_E7h\" loading=\"lazy\" src=\"https:\/\/www.n-tv.de\/logo_grey.svg\" alt=\"2026-08-18T171524Z_64410588_RC251NA13HM8_RTRMADP_3_BOLIVIA-CRIME\"\/>Einer der beiden Attent\u00e4ter gibt Sch\u00fcsse auf Nadia Beller (am linken Bildrand) ab &#8211; die Aufnahmen sollen von einer \u00dcberwachungskamera stammen. (Foto: via REUTERS)B\u00fcro neben dem Pr\u00e4sidenten<\/p>\n<p class=\"Typography_text-default__P3otY Typography_weight-normal__pqUbH storyline_paragraph_p__qSR5N\">Cerimedo hatte kein offizielles Amt in der bolivianischen Regierung, aber laut Beller ein B\u00fcro im bolivianischen Regierungsgeb\u00e4ude &#8211; direkt\u00a0neben\u00a0dem B\u00fcro des\u00a0Pr\u00e4sidenten im 23. Stock des glasverkleideten\u00a0Hochhauses in La Paz. Ihr Ex-Freund hatte demnach enorme Macht \u00fcber den Staatschef: &#8222;In (Cerimedos) Auftrag traf er Entscheidungen, stimmte sich mit Ministern ab und besetzte Posten mit Personen&#8220;, so Beller: &#8222;Er regierte gemeinsam mit Rodrigo Paz.&#8220; Sind ihre Aussagen korrekt, w\u00e4re Bolivien das bisher\u00a0extremste\u00a0Beispiel f\u00fcr die Macht von politischen Beratern, die sich im Netzwerk der rechtsgerichteten Regierungen in Lateinamerika bewegen und sich mit Trumps Washington koordinieren. \u00a0<\/p>\n<p class=\"Typography_text-default__P3otY Typography_weight-normal__pqUbH storyline_paragraph_p__qSR5N\">Den Verhafteten nannte &#8222;The Economist&#8220; im vergangenen Jahr bereits &#8222;MAGAs Mann in Lateinamerika&#8220;. Demnach hatte er sich in Honduras erfolgreich in den Pr\u00e4sidentschaftswahlkampf f\u00fcr Trumps Favoriten Nasry Afura eingemischt und das Wei\u00dfe Haus dabei inoffiziell beraten. Zuvor hatte bereits Argentiniens Pr\u00e4sident Javier Milei seine Pr\u00e4sidentschaftswahl 2023 mit Cerimedos Unters\u00fctzung gewonnen. Und 2022 hatte er versucht, Brasiliens Pr\u00e4sidenten Jair Bolsonaro trotz verlorener Wahl an der Macht zu halten. In Bolivien hob er zuletzt den aktuellen Staatschef Rodrigo Paz mit ins Amt. Donald Trump ist in diesem internationalen rechten Universum der Leitstern.\u00a0<\/p>\n<p class=\"Typography_text-default__P3otY Typography_weight-normal__pqUbH storyline_paragraph_p__qSR5N\">Der Strippenzieher im Hintergrund hatte im Jahr 2020 das rechtsradikale &#8222;La\u00a0Derecha\u00a0Diario&#8220; gegr\u00fcndet, die rechte Tageszeitung. Das Digitalmedium hat inzwischen Regionalversionen f\u00fcr Argentinien, Uruguay, Ecuador, Mexiko, Israel und die USA, z\u00e4hlt eigenen Angaben zufolge Dutzende Millionen Besucher monatlich und ist in den sozialen Medien eine bekannte Gr\u00f6\u00dfe. In der Woche vor dem Mordversuch verkaufte Cerimedo seine Anteile an seinen bisherigen Gesch\u00e4ftspartner, der Spanier Javier Negre, und zog sich damit von &#8222;La\u00a0Derecha\u00a0Diario&#8220; zur\u00fcck.<\/p>\n<p>Digitales Wahlkampfsystem der Rechten<\/p>\n<p class=\"Typography_text-default__P3otY Typography_weight-normal__pqUbH storyline_paragraph_p__qSR5N\">Nach\u00a0Cerimedos\u00a0Verhaftung schrieb der\u00a0argentinische Journalist Hugo Alconada Mon, in einem Gespr\u00e4ch habe dieser ihm bereits Anfang 2023 erkl\u00e4rt, &#8222;wie man politische Diskussionen inszeniert, Algorithmen manipuliert, digitale Armeen aufbaut und einen Wahlkampf in eine permanente\u00a0Social-Media-Kampagne mit Troll- und Bot-Farmen verwandelt&#8220;.\u00a0Seit vergangenem Jahr agierte Cerimedo offiziell als lateinamerikanischer Vertreter von Brad Parscales\u00a0Firmen f\u00fcr Wahlkampfsoftware, die das rechte politische Spektrum nutzt.<\/p>\n<p class=\"Typography_text-default__P3otY Typography_weight-normal__pqUbH storyline_paragraph_p__qSR5N\">Parscale\u00a0war durch seine Firma &#8222;Cambridge Analytica&#8220; und deren Rolle bei Trumps erstem Wahlsieg bekannt geworden. Er nimmt wegen seiner personalisierten Analyse- und Werbewerkzeuge mit KI eine Schl\u00fcsselrolle zielgerichteter Online-Werbung ein. Politische Inhalte werden zudem auf bestimmte Weise pr\u00e4sentiert, damit Algorithmen sie aufgreifen und W\u00e4hlern anzeigen.\u00a0Cerimedo bot offenbar zus\u00e4tzlich ein Netz von Influencern in sozialen Medien sowie Bots an, die Unterst\u00fctzung simulierten &#8211; und so einen digitalen Kommunikationskosmos, der Berichterstattung, Meinungen und damit Wahlen beeinflussen sollte.<\/p>\n<p class=\"Typography_text-default__P3otY Typography_weight-normal__pqUbH storyline_paragraph_p__qSR5N\">Der Argentinier war damit einer der politischen Strippenzieher, die seit ein paar Jahren aus zweiter Reihe mit Medien, Netzwerken und Methoden ihre Macht aus\u00fcben. Manchmal dienen sie auch als Verbindungsm\u00e4nner zwischen Staatschefs, Politikern und Gesch\u00e4ftsleuten.\u00a0Doch nun ist der politische Siegeszug\u00a0Cerimedos\u00a0vorerst unterbrochen, w\u00e4hrend er sich mit den juristischen Folgen von Bellers Vorw\u00fcrfen und denen der Staatsanwaltschaft gegen ihn\u00a0auseinandersetzt.<\/p>\n<p>Milei sieht linke Verschw\u00f6rung<\/p>\n<p class=\"Typography_text-default__P3otY Typography_weight-normal__pqUbH storyline_paragraph_p__qSR5N\">Die Ex-Partnerin des rechten Strippenziehers ist nach mehreren Tagen im Krankenhaus unter Polizeischutz zuhause in La Paz und hat seither eine ganze Reihe von Interviews in lateinamerikanischen Medien gegeben. Demnach habe\u00a0Cerimedo\u00a0durch ihre Ermordung unter anderem verhindern wollen, dass sie einen Korruptionsskandal beim bolivianischen staatlichen Energiekonzerns YPFB aufdeckt. Die Angreifer raubten w\u00e4hrend des Attentats ihr Handy, auf dem ihr zufolge die kompromittierenden Informationen gespeichert waren. &#8222;Wir m\u00fcssen einen Weg finden, Nadia aus dem Weg zu r\u00e4umen. Kennst du\u00a0jemanden?&#8220;, soll Cerimedo zuvor auf seinem Handy geschrieben haben, wie die bolivianischen Beh\u00f6rden angeben.<\/p>\n<p class=\"Typography_text-default__P3otY Typography_weight-normal__pqUbH storyline_paragraph_p__qSR5N\">Beller sagte, sie sei von angeblichen Informanten kontaktiert worden, die ihr Informationen \u00fcber sexuellen Missbrauch durch Boliviens linken Ex-Pr\u00e4sidenten Evo Morales versprachen.\u00a0Cerimedo\u00a0habe sie dazu gedr\u00e4ngt, zum Ort des sp\u00e4teren Mordversuchs zu gehen und ihr Polizeischutz versprochen, der aber nicht existierte. In Gespr\u00e4chen soll er zudem von Beller verlangt haben, keine politischen Informationen zu verbreiten, wobei er sich auf ihre Schwangerschaft bezog: &#8222;Du wirst allen das Leben versauen &#8211; deiner Tochter, unserem Sohn.&#8220;\u00a0Sie gab zudem an, dass ihr Ex-Partner f\u00fcr den US-Geheimdienst CIA gearbeitet habe sowie bei Eins\u00e4tzen der\u00a0bolivianischen Polizei mitrede. Nach dessen Verhaftung fanden Ermittler in seinen Immobilien in La Paz unter anderem gro\u00dfe Mengen Bargeld, eine mutma\u00dfliche\u00a0&#8222;Mini-Botfarm&#8220;\u00a0f\u00fcr soziale Medien sowie ein Auto mit Blaulicht, wie es die bolivianische Polizei benutzt.\u00a0\u00a0<\/p>\n<p class=\"Typography_text-default__P3otY Typography_weight-normal__pqUbH storyline_paragraph_p__qSR5N\">Cerimedos Anw\u00e4ltin Margarita Arce behauptete zur Verteidigung ihres Mandanten, das Attentat auf Beller sei ein &#8222;Selbstanschlag&#8220; gewesen, der die Regierung des derzeitigen bolivianischen Pr\u00e4sidenten Paz destabilisieren solle. Schlie\u00dflich sei Beller fr\u00fcher\u00a0Mitglied in der linken Bewegung zum Sozialismus (MAS) von Ex-Pr\u00e4sident Morales gewesen, bevor sie sich politisch nach rechts orientierte. Argentiniens Pr\u00e4sident Javier Milei \u00e4u\u00dferte sich \u00e4hnlich &#8211; und redete von einer internationalen linken Verschw\u00f6rung, gegen seinen fr\u00fcheren Berater, an dem auch Brasiliens Pr\u00e4sidenten Lula da Silva beteiligt sei.\u00a0Belege daf\u00fcr sind nicht bekannt. Zugleich sagte Milei sich von Cerimedo los: &#8222;Er ist nicht Teil unseres politischen Lagers.&#8220;<\/p>\n<p class=\"Typography_text-s__wu_cm Typography_weight-normal__pqUbH Typography_color-darkgrey__sZEnP article-detail-footer_source__KslPc\">Quelle: ntv.de<\/p>\n","protected":false},"excerpt":{"rendered":"Trumps Mann in LateinamerikaMordversuch wird K\u00f6nigsmacher des MAGA-Imperiums zum Verh\u00e4ngnis26.08.2026, 21:02 Uhr Von Roland Peters, New York Artikel&hellip;\n","protected":false},"author":2,"featured_media":1262533,"comment_status":"","ping_status":"","sticky":false,"template":"","format":"standard","meta":{"footnotes":"","_share_on_mastodon":"0"},"categories":[3],"tags":[12932,60005,5697,106,13,77029,12933,14,15,16,12,1991,10,8,9,11,103,104],"class_list":["post-1262532","post","type-post","status-publish","format-standard","has-post-thumbnail","category-welt","tag-argentinien","tag-bolivien","tag-brasilien","tag-donald-trump","tag-headlines","tag-jair-bolsonaro","tag-javier-milei","tag-nachrichten","tag-news","tag-politik","tag-schlagzeilen","tag-suedamerika","tag-top-news","tag-top-meldungen","tag-topmeldungen","tag-topnews","tag-welt","tag-world"],"share_on_mastodon":{"url":"https:\/\/pubeurope.com\/@de\/117163741124960210","error":""},"_links":{"self":[{"href":"https:\/\/www.europesays.com\/de\/wp-json\/wp\/v2\/posts\/1262532","targetHints":{"allow":["GET"]}}],"collection":[{"href":"https:\/\/www.europesays.com\/de\/wp-json\/wp\/v2\/posts"}],"about":[{"href":"https:\/\/www.europesays.com\/de\/wp-json\/wp\/v2\/types\/post"}],"author":[{"embeddable":true,"href":"https:\/\/www.europesays.com\/de\/wp-json\/wp\/v2\/users\/2"}],"replies":[{"embeddable":true,"href":"https:\/\/www.europesays.com\/de\/wp-json\/wp\/v2\/comments?post=1262532"}],"version-history":[{"count":0,"href":"https:\/\/www.europesays.com\/de\/wp-json\/wp\/v2\/posts\/1262532\/revisions"}],"wp:featuredmedia":[{"embeddable":true,"href":"https:\/\/www.europesays.com\/de\/wp-json\/wp\/v2\/media\/1262533"}],"wp:attachment":[{"href":"https:\/\/www.europesays.com\/de\/wp-json\/wp\/v2\/media?parent=1262532"}],"wp:term":[{"taxonomy":"category","embeddable":true,"href":"https:\/\/www.europesays.com\/de\/wp-json\/wp\/v2\/categories?post=1262532"},{"taxonomy":"post_tag","embeddable":true,"href":"https:\/\/www.europesays.com\/de\/wp-json\/wp\/v2\/tags?post=1262532"}],"curies":[{"name":"wp","href":"https:\/\/api.w.org\/{rel}","templated":true}]}}