{"id":1262536,"date":"2026-08-26T20:41:33","date_gmt":"2026-08-26T20:41:33","guid":{"rendered":"https:\/\/www.europesays.com\/de\/1262536\/"},"modified":"2026-08-26T20:41:33","modified_gmt":"2026-08-26T20:41:33","slug":"sachsen-anhalt-sven-schulze-nennt-spiegel-cover-ueber-afd-kandidat-siegmund-irre-und-erklaert-podcast-absage","status":"publish","type":"post","link":"https:\/\/www.europesays.com\/de\/1262536\/","title":{"rendered":"Sachsen-Anhalt: Sven Schulze nennt \u201eSpiegel\u201c-Cover \u00fcber AfD-Kandidat Siegmund \u201eirre\u201c \u2013 und erkl\u00e4rt Podcast-Absage"},"content":{"rendered":"<p>Im Podcast von Micky Beisenherz kritisiert Sachsen-Anhalts CDU-Spitzenkandidat Sven Schulze den \u201eSpiegel\u201c-Titel \u00fcber AfD-Herausforderer Ulrich Siegmund. Auch seine Absage bei \u201eUngeskriptet\u201c ist Thema.<\/p>\n<p class=\"c-inline-alert__description\">Klicken Sie hier, um sich Artikel von WELT in der Google-Suche bevorzugt anzeigen zu lassen.<\/p>\n<p class=\"is-first-paragraph\" data-external=\"Article.FirstParagraph\">Sachsen-Anhalts Ministerpr\u00e4sident und CDU-Spitzenkandidat Sven Schulze hat den Titel des Nachrichtenmagazins \u201eSpiegel\u201c \u00fcber den AfD-Landeschef Ulrich Siegmund kritisiert. Das Magazin hatte den AfD-Spitzenkandidaten auf dem <a class=\"is-link c-block-items__link c-link--rich-text-renderer\" href=\"https:\/\/www.welt.de\/politik\/deutschland\/article6a816a6459f580e47e9141f4\/spiegel-cover-mit-ulrich-siegmund-wenn-ein-politiker-boese-absichten-hat-der-spiegel-rechtfertigt-titelbild.html\" data-internal-tracking-enabled=\"true\" data-internal-tracking=\"{&quot;action&quot;:&quot;click&quot;,&quot;label&quot;:&quot;link&quot;,&quot;name&quot;:&quot;Inline Element&quot;,&quot;data&quot;:{&quot;source&quot;:&quot;&quot;,&quot;target&quot;:&quot;https:\/\/www.welt.de\/politik\/deutschland\/article6a816a6459f580e47e9141f4\/spiegel-cover-mit-ulrich-siegmund-wenn-ein-politiker-boese-absichten-hat-der-spiegel-rechtfertigt-titelbild.html&quot;,&quot;trackingName&quot;:&quot;&quot;,&quot;trackingLabel&quot;:&quot;&quot;}}\" rel=\"nofollow noopener\" target=\"_blank\">Cover als \u201egef\u00e4hrlichsten Mann Deutschlands\u201c bezeichnet.<\/a> Im Podcast \u201eApokalypse &amp; Filterkaffee\u201c von Micky Beisenherz sagte Schulze dazu: \u201eAlso ich sage ganz offen, dieser Spiegeltitel war doch irre.\u201c<\/p>\n<p>Schulze w\u00fcnsche sich, dass die Medien Sachsen-Anhalt \u201enoch ein bisschen anders darstellen, als das (derzeit, d.Red.) gemacht wird\u201c. Die Gefahr, die von Siegmund ausgehe, sieht der CDU-Politiker nach eigenen Angaben weniger in dessen \u00f6ffentlicher Darstellung als in dessen politischen Positionen.<\/p>\n<p>\u201eDie Gefahr bei Herrn Siegmund ist eine ganz andere, n\u00e4mlich dass er auf die Themen der Zukunft keine Antworten gibt und dass wir uns auch unterhalten m\u00fcssen, wie gehen wir denn mit innerer Sicherheit um?\u201c, sagte Schulze.<\/p>\n<p>Als Beispiel f\u00fchrte er die Positionen des AfD-Politikers zu Polizei und Bildung an. \u201eWenn ich sage, wir wollen die Polizei st\u00e4rken, dann sagt der Siegmund, wir wollen eine B\u00fcrgerwehr aufbauen. Wenn ich sage, wir wollen eine vern\u00fcnftige Schulpolitik machen, dann sagt er, wir wollen die Schulpflicht abschaffen und Frauen sollen verdammt nochmal wieder Kinder kriegen.\u201c<\/p>\n<p>F\u00fcr Schulze kl\u00e4nge dieses Frauenbild nach \u201eZur\u00fcck an den Herd\u201c, sagte er\u00a0\u2013 und ging auf Distanz. Dies zu thematisieren, werde im weiteren Wahlkampf wichtig sein, sagte der CDU-Spitzenkandidat.<\/p>\n<p>Schulze \u00e4u\u00dfert sich zu abgesagtem Podcast-Termin<\/p>\n<p>In dem Gespr\u00e4ch ging es au\u00dferdem um einen Podcast-Termin von Schulze aus der j\u00fcngeren Vergangenheit. So war ein Duell im Podcast \u201eUngeskriptet\u201c mit dem AfD-Kandidaten Siegmund nicht zustande gekommen. Schulze war in den sozialen Medien vorgeworfen worden, eine Einladung abgelehnt zu haben \u2013 tats\u00e4chlich spielten aber auch Terminfindungsprobleme eine Rolle<a class=\"is-link c-block-items__link c-link--rich-text-renderer\" href=\"https:\/\/www.welt.de\/politik\/deutschland\/plus6a895a9e1c4720d41654801a\/sachsen-anhalt-schulze-und-das-raetsel-um-ein-abgesagtes-duell-mit-afd-kandidat-siegmund-bei-ungeskriptet.html\" data-internal-tracking-enabled=\"true\" data-internal-tracking=\"{&quot;action&quot;:&quot;click&quot;,&quot;label&quot;:&quot;link&quot;,&quot;name&quot;:&quot;Inline Element&quot;,&quot;data&quot;:{&quot;source&quot;:&quot;&quot;,&quot;target&quot;:&quot;https:\/\/www.welt.de\/politik\/deutschland\/plus6a895a9e1c4720d41654801a\/sachsen-anhalt-schulze-und-das-raetsel-um-ein-abgesagtes-duell-mit-afd-kandidat-siegmund-bei-ungeskriptet.html&quot;,&quot;trackingName&quot;:&quot;&quot;,&quot;trackingLabel&quot;:&quot;&quot;}}\" rel=\"nofollow noopener\" target=\"_blank\"> (WELT berichtete). <\/a><\/p>\n<p>Schulze sagte bei Beisenherz, die Aufzeichnung habe in K\u00f6ln stattfinden sollen. Seine Seite habe stattdessen vorgeschlagen, das Gespr\u00e4ch in Sachsen-Anhalt zu f\u00fchren. Dies sei abgelehnt worden. Als Begr\u00fcndung sei, so Schulze, unter anderem auf die bessere technische Ausstattung in K\u00f6ln verwiesen worden.<\/p>\n<p>Nach seinen Angaben habe es zudem Angebote f\u00fcr andere Termine gegeben. Er habe jedoch im Wahlkampf nicht f\u00fcr einen Podcast-Termin einen ganzen Tag f\u00fcr die Fahrt nach K\u00f6ln aufwenden wollen. \u201eIn Sachsen-Anhalt w\u00e4re das mit Sicherheit gegangen. Das wollte man nicht. Ist mir jetzt aber egal\u201c, sagte Schulze.<\/p>\n<p>Auf die Frage, ob er sich bei einem Gespr\u00e4ch in Sachsen-Anhalt auch einem direkten Duell mit Siegmund gestellt h\u00e4tte, antwortete Schulze: \u201eWenn wir das in Sachsen-Anhalt hinbekommen h\u00e4tten, warum nicht?\u201c<\/p>\n<p>Schulze verwies in diesem Zusammenhang auch auf weitere Duell-Angebote bei WELT, ntv und RTL, die wiederum Siegmund abgelehnt habe.<\/p>\n<p>Der Fall \u201eBen Ungeskriptet\u201c sei f\u00fcr ihn inzwischen erledigt, sagte Schulze. \u201eAm Ende ist es ja vergossene Milch\u201c.<\/p>\n<p>Siegmund ist Spitzenkandidat der AfD bei der Landtagswahl in Sachsen-Anhalt. Die Wahl findet am 6. September statt. In den vergangenen Monaten hatte die AfD in Umfragen deutlich zugelegt und liegt vor der CDU. Der Wahlkampf wird daher ma\u00dfgeblich vom Duell zwischen Siegmund und Schulze gepr\u00e4gt.<\/p>\n<p>ceb<\/p>\n","protected":false},"excerpt":{"rendered":"Im Podcast von Micky Beisenherz kritisiert Sachsen-Anhalts CDU-Spitzenkandidat Sven Schulze den \u201eSpiegel\u201c-Titel \u00fcber AfD-Herausforderer Ulrich Siegmund. Auch seine&hellip;\n","protected":false},"author":2,"featured_media":1262537,"comment_status":"","ping_status":"","sticky":false,"template":"","format":"standard","meta":{"footnotes":"","_share_on_mastodon":"0"},"categories":[5],"tags":[186,31,13,99561,14,15,110,12,30398,141666,65897,45,10,8,9,11,141667],"class_list":["post-1262536","post","type-post","status-publish","format-standard","has-post-thumbnail","category-nachrichten","tag-afd","tag-cdu","tag-headlines","tag-landtagswahl-sachsen-anhalt","tag-nachrichten","tag-news","tag-newsteam","tag-schlagzeilen","tag-schulze","tag-siegmund","tag-sven","tag-texttospeech","tag-top-news","tag-top-meldungen","tag-topmeldungen","tag-topnews","tag-ulrich-afd"],"share_on_mastodon":{"url":"https:\/\/pubeurope.com\/@de\/117163753138273822","error":""},"_links":{"self":[{"href":"https:\/\/www.europesays.com\/de\/wp-json\/wp\/v2\/posts\/1262536","targetHints":{"allow":["GET"]}}],"collection":[{"href":"https:\/\/www.europesays.com\/de\/wp-json\/wp\/v2\/posts"}],"about":[{"href":"https:\/\/www.europesays.com\/de\/wp-json\/wp\/v2\/types\/post"}],"author":[{"embeddable":true,"href":"https:\/\/www.europesays.com\/de\/wp-json\/wp\/v2\/users\/2"}],"replies":[{"embeddable":true,"href":"https:\/\/www.europesays.com\/de\/wp-json\/wp\/v2\/comments?post=1262536"}],"version-history":[{"count":0,"href":"https:\/\/www.europesays.com\/de\/wp-json\/wp\/v2\/posts\/1262536\/revisions"}],"wp:featuredmedia":[{"embeddable":true,"href":"https:\/\/www.europesays.com\/de\/wp-json\/wp\/v2\/media\/1262537"}],"wp:attachment":[{"href":"https:\/\/www.europesays.com\/de\/wp-json\/wp\/v2\/media?parent=1262536"}],"wp:term":[{"taxonomy":"category","embeddable":true,"href":"https:\/\/www.europesays.com\/de\/wp-json\/wp\/v2\/categories?post=1262536"},{"taxonomy":"post_tag","embeddable":true,"href":"https:\/\/www.europesays.com\/de\/wp-json\/wp\/v2\/tags?post=1262536"}],"curies":[{"name":"wp","href":"https:\/\/api.w.org\/{rel}","templated":true}]}}