{"id":1262592,"date":"2026-08-26T21:16:19","date_gmt":"2026-08-26T21:16:19","guid":{"rendered":"https:\/\/www.europesays.com\/de\/1262592\/"},"modified":"2026-08-26T21:16:19","modified_gmt":"2026-08-26T21:16:19","slug":"so-denkt-xavi-ueber-deutschland-und-klopp-fussball","status":"publish","type":"post","link":"https:\/\/www.europesays.com\/de\/1262592\/","title":{"rendered":"So denkt Xavi \u00fcber Deutschland und Klopp | Fu\u00dfball"},"content":{"rendered":"<p><b>Der Neustart der Niederlande k\u00f6nnte kaum spektakul\u00e4rer beginnen. Ausgerechnet gegen <\/b><a href=\"https:\/\/sportbild.bild.de\/fussball\/nationalmannschaft\/nationalmannschaft\/home-33309482.sport.html\" class=\"text-link\" rel=\"nofollow noopener\" target=\"_blank\"><b>Deutschland<\/b><\/a><b> feiert Xavi Hern\u00e1ndez (46) Ende September sein Deb\u00fct als Bondscoach und trifft dabei direkt auf den ebenfalls neuen Bundestrainer J\u00fcrgen Klopp (59).<\/b><\/p>\n<p>Am 24. September empf\u00e4ngt die Elftal die DFB-Auswahl in Amsterdam zum Auftakt der Nations League. F\u00fcr beide Nationaltrainer wird es das erste Pflichtspiel an der Seitenlinie. Xavi blickt der Aufgabe mit gro\u00dfer Vorfreude entgegen.<\/p>\n<p>\u201eIch bin motiviert\u201c, sagte der 46-J\u00e4hrige bei seiner offiziellen Vorstellung als neuer Nationaltrainer der Niederlande. Besonders das Duell mit Klopp reizt den fr\u00fcheren Bar\u00e7a-Coach: \u201eWir spielen gegen Deutschland, eine der besten Mannschaften Europas \u2013 und gegen einen der besten Trainer der letzten Jahre, J\u00fcrgen Klopp.\u201c<\/p>\n<p>Die Aufgabe k\u00f6nnte gr\u00f6\u00dfer kaum sein. Eine Woche vor der Partie wird Klopp seinen ersten DFB-Kader pr\u00e4sentieren. Xavi wei\u00df, was auf seine Mannschaft zukommt: \u201eEs ist gleich zu Beginn eine gro\u00dfe Herausforderung, aber ich denke, wir werden bereit sein.\u201c<\/p>\n<p>Mehr zum ThemaXavi will Oranje zur\u00fcck an die Spitze f\u00fchren<\/p>\n<p>Nach dem entt\u00e4uschenden fr\u00fchen WM-Aus in Nordamerika soll Xavi die Niederlande wieder in die Erfolgsspur bringen. Der Weltmeister von 2010 k\u00fcndigte an, die Elftal wieder f\u00fcr attraktiven Offensivfu\u00dfball stehenzulassen.<\/p>\n<p>\u201eIch erinnere mich, wie ich als Kind die Niederlande gesehen habe, da konnte man guten Fu\u00dfball sehen. Das ist mein Ziel: guten Fu\u00dfball zu spielen, auf den man stolz sein kann\u201c, erkl\u00e4rte Xavi und machte seine Ambitionen unmissverst\u00e4ndlich klar: \u201eWir sind hier, um zu gewinnen.\u201c<\/p>\n<p>Der Spanier tritt die Nachfolge von Ronald Koeman an und \u00fcbernimmt erstmals eine Nationalmannschaft. Unterst\u00fctzt wird er unter anderem von seinem Bruder \u00d3scar Hern\u00e1ndez sowie den niederl\u00e4ndischen Ex-Stars Ruud van Nistelrooy und Adil Ramzi.<\/p>\n<p><img decoding=\"async\" width=\"992\" height=\"679\" alt=\"Im September feiert J\u00fcrgen Klopp sein Deb\u00fct als Bundestrainer \u2013 ausgerechnet gegen die Niederlande\" loading=\"lazy\" src=\"https:\/\/www.europesays.com\/de\/wp-content\/uploads\/2026\/08\/ccff447695dab59530a91fff281b685a,42ba2f03.jpeg\"   class=\"dynamic\"\/><\/p>\n<p class=\"fig__caption__text\">Im September feiert J\u00fcrgen Klopp sein Deb\u00fct als Bundestrainer \u2013 ausgerechnet gegen die Niederlande<\/p>\n<p>Foto: picture alliance\/HMB Media<\/p>\n<p>Dass er laut niederl\u00e4ndischen Medien erst nach Pep Guardiola und Arne Slot auf der Wunschliste von Sportdirektor Nigel de Jong stand, nimmt Xavi mit Humor. \u201eDas ist keine schlechte Position, nach Guardiola und nach Slot, oder?\u201c, scherzte er und stellte klar: \u201eEs ist mir egal, ob ich der Dritte oder der Zehnte bin.\u201c<\/p>\n<p>F\u00fcr Fu\u00dfball-Fans ist das Duell in Amsterdam damit schon jetzt ein echter Kracher: Xavi gegen Klopp, Niederlande gegen Deutschland \u2013 zwei prominente Trainer feiern gleichzeitig ihren Einstand auf der gro\u00dfen B\u00fchne.<\/p>\n","protected":false},"excerpt":{"rendered":"Der Neustart der Niederlande k\u00f6nnte kaum spektakul\u00e4rer beginnen. Ausgerechnet gegen Deutschland feiert Xavi Hern\u00e1ndez (46) Ende September sein&hellip;\n","protected":false},"author":2,"featured_media":1262593,"comment_status":"","ping_status":"","sticky":false,"template":"","format":"standard","meta":{"footnotes":"","_share_on_mastodon":"0"},"categories":[2],"tags":[331,3924,332,3922,3364,1260,29,481,8834,954,347,30,13,7645,14,3923,14008,10260,15,3921,957,12,260972],"class_list":["post-1262592","post","type-post","status-publish","format-standard","has-post-thumbnail","category-deutschland","tag-aktuelle-nachrichten","tag-aktuelle-nachrichten-aus-deutschland","tag-aktuelle-news","tag-aktuelle-news-aus-deutschland","tag-de","tag-deutsche-nationalmannschaft","tag-deutschland","tag-dfb","tag-fc-barcelona","tag-fc-liverpool","tag-fussball","tag-germany","tag-headlines","tag-klopp-juergen","tag-nachrichten","tag-nachrichten-aus-deutschland","tag-nationalmannschaft-niederlande","tag-nations-league","tag-news","tag-news-aus-deutschland","tag-premier-league","tag-schlagzeilen","tag-van-nistelrooy-ruud"],"share_on_mastodon":{"url":"https:\/\/pubeurope.com\/@de\/117163891667456229","error":""},"_links":{"self":[{"href":"https:\/\/www.europesays.com\/de\/wp-json\/wp\/v2\/posts\/1262592","targetHints":{"allow":["GET"]}}],"collection":[{"href":"https:\/\/www.europesays.com\/de\/wp-json\/wp\/v2\/posts"}],"about":[{"href":"https:\/\/www.europesays.com\/de\/wp-json\/wp\/v2\/types\/post"}],"author":[{"embeddable":true,"href":"https:\/\/www.europesays.com\/de\/wp-json\/wp\/v2\/users\/2"}],"replies":[{"embeddable":true,"href":"https:\/\/www.europesays.com\/de\/wp-json\/wp\/v2\/comments?post=1262592"}],"version-history":[{"count":0,"href":"https:\/\/www.europesays.com\/de\/wp-json\/wp\/v2\/posts\/1262592\/revisions"}],"wp:featuredmedia":[{"embeddable":true,"href":"https:\/\/www.europesays.com\/de\/wp-json\/wp\/v2\/media\/1262593"}],"wp:attachment":[{"href":"https:\/\/www.europesays.com\/de\/wp-json\/wp\/v2\/media?parent=1262592"}],"wp:term":[{"taxonomy":"category","embeddable":true,"href":"https:\/\/www.europesays.com\/de\/wp-json\/wp\/v2\/categories?post=1262592"},{"taxonomy":"post_tag","embeddable":true,"href":"https:\/\/www.europesays.com\/de\/wp-json\/wp\/v2\/tags?post=1262592"}],"curies":[{"name":"wp","href":"https:\/\/api.w.org\/{rel}","templated":true}]}}