{"id":1262646,"date":"2026-08-26T21:51:23","date_gmt":"2026-08-26T21:51:23","guid":{"rendered":"https:\/\/www.europesays.com\/de\/1262646\/"},"modified":"2026-08-26T21:51:23","modified_gmt":"2026-08-26T21:51:23","slug":"ukrainische-firma-im-visier-anschlag-auf-drohnenfabrik-geplant-festnahme-in-hamburg","status":"publish","type":"post","link":"https:\/\/www.europesays.com\/de\/1262646\/","title":{"rendered":"Ukrainische Firma im Visier?: Anschlag auf Drohnenfabrik geplant &#8211; Festnahme in Hamburg"},"content":{"rendered":"<p>Ukrainische Firma im Visier?Anschlag auf Drohnenfabrik geplant &#8211; Festnahme in Hamburg<\/p>\n<p>26.08.2026, 22:15 Uhr <\/p>\n<p>Artikel anh\u00f6ren(02:36 min)<\/p>\n<p><img decoding=\"async\" class=\"Image_img__fQCi0 Image_Img_16_9__4BLfH widget-picture-inline_maximizable__t_E7h\" loading=\"eager\" fetchpriority=\"high\" src=\"https:\/\/www.europesays.com\/de\/wp-content\/uploads\/2026\/08\/414869893.webp\" alt=\"414869893\"\/>Die Polizei beschlagnahmt ein Brandgemisch sowie Werkzeuge und Mobiltelefone. (Foto: picture alliance \/ Maximilian Koch)<\/p>\n<p class=\"Typography_text-m__XI0da Typography_weight-bold__uT6mq storyline_lead_text_leadtext__q_wg8\">Ein Mann aus Lettland soll einen Anschlag in der Slowakei geplant haben. Das Nato-Mitglied grenzt an die Ukraine und produziert f\u00fcr den Krieg Drohnen. Ermittler nehmen den Tatverd\u00e4chtigen nun in Hamburg fest.<\/p>\n<p class=\"Typography_text-default__P3otY Typography_weight-normal__pqUbH storyline_paragraph_p__qSR5N\">Nach einem vereitelten mutma\u00dflichen Brandanschlag auf eine Drohnenfabrik im Osten der Slowakei hat die deutsche Polizei einem Bericht zufolge einen der Tatverd\u00e4chtigen gefasst. Der Zugriff sei bereits am Dienstag in Hamburg erfolgt, bei dem mutma\u00dflichen Saboteur handele es sich um einen 26-j\u00e4hrigen Mann mit lettischer Staatsangeh\u00f6rigkeit, berichtete der &#8222;Spiegel&#8220;.<\/p>\n<p class=\"Typography_text-default__P3otY Typography_weight-normal__pqUbH storyline_paragraph_p__qSR5N\">Am Dienstag hatte die slowakische Polizei in Bratislava mitgeteilt, einen geplanten Brandanschlag auf eine Drohnenfabrik vereitelt zu haben. W\u00e4re der Anschlag ausgef\u00fchrt worden, h\u00e4tte er &#8222;einen Gro\u00dfbrand verursachen k\u00f6nnen&#8220;, hie\u00df es weiter. Dadurch h\u00e4tten rund 70 Besch\u00e4ftigte gef\u00e4hrdet und Sachwerte in H\u00f6he von mehreren zehn Millionen Euro besch\u00e4digt werden k\u00f6nnen. Zwei Verd\u00e4chtige seien in der Slowakei und ein weiterer in Deutschland festgenommen worden, teilte die slowakische Polizei mit &#8211; ohne weitere Details zu nennen.<\/p>\n<p class=\"Typography_text-default__P3otY Typography_weight-normal__pqUbH storyline_paragraph_p__qSR5N\">Wie eine Sprecherin der Hamburger Generalstaatsanwaltschaft auf &#8222;Spiegel&#8220;-Anfrage best\u00e4tigte, wurde in der Hansestadt ein von einem slowakischen Gericht erlassener europ\u00e4ischer Haftbefehl gegen den Beschuldigten vollstreckt. Zudem liege ein Ersuchen der Slowakei um Auslieferung des 26-J\u00e4hrigen vor. Auf Antrag der Generalstaatsanwaltschaft habe das zust\u00e4ndige Hamburger Amtsgericht inzwischen eine sogenannte &#8222;Festhalteanordnung&#8220; erlassen. Der Lette befinde sich derzeit in Deutschland in Haft.<\/p>\n<p class=\"Typography_text-default__P3otY Typography_weight-normal__pqUbH storyline_paragraph_p__qSR5N\">Das EU- und Nato-Mitglied Slowakei grenzt im Osten an die Ukraine. Im Land stellen mehrere Unternehmen Drohnen her &#8211; darunter die ukrainische Firma Skyeton. Die slowakische Polizei erkl\u00e4rte, den drei festgenommenen Verd\u00e4chtigen werde vorgeworfen, &#8222;im Auftrag&#8220; gehandelt und den Anschlag vorbereitet zu haben. Keiner der Festgenommenen sei slowakischer Staatsb\u00fcrger. <\/p>\n<p class=\"Typography_text-default__P3otY Typography_weight-normal__pqUbH storyline_paragraph_p__qSR5N\">Die Ermittler seien aufgrund von Informationen des slowakischen Geheimdienstes t\u00e4tig geworden. Bei ihren Eins\u00e4tzen beschlagnahmte die Polizei eigenen Angaben zufolge unter anderem eine &#8222;gro\u00dfe Menge&#8220; eines Brandgemischs sowie Werkzeuge und Mobiltelefone.<\/p>\n<p class=\"Typography_text-s__wu_cm Typography_weight-normal__pqUbH Typography_color-darkgrey__sZEnP article-detail-footer_source__KslPc\">Quelle: ntv.de, bho\/AFP<\/p>\n","protected":false},"excerpt":{"rendered":"Ukrainische Firma im Visier?Anschlag auf Drohnenfabrik geplant &#8211; Festnahme in Hamburg 26.08.2026, 22:15 Uhr Artikel anh\u00f6ren(02:36 min) Die&hellip;\n","protected":false},"author":2,"featured_media":1262647,"comment_status":"","ping_status":"","sticky":false,"template":"","format":"standard","meta":{"footnotes":"","_share_on_mastodon":"0"},"categories":[1826],"tags":[661,29,10068,30,692,984,3188,7376,14370,3081],"class_list":["post-1262646","post","type-post","status-publish","format-standard","has-post-thumbnail","category-hamburg","tag-angriff-auf-die-ukraine","tag-deutschland","tag-drohnen","tag-germany","tag-hamburg","tag-international","tag-lettland","tag-slowakei","tag-terrorgefahr","tag-ukraine-konflikt"],"share_on_mastodon":{"url":"https:\/\/pubeurope.com\/@de\/117164027918969682","error":""},"_links":{"self":[{"href":"https:\/\/www.europesays.com\/de\/wp-json\/wp\/v2\/posts\/1262646","targetHints":{"allow":["GET"]}}],"collection":[{"href":"https:\/\/www.europesays.com\/de\/wp-json\/wp\/v2\/posts"}],"about":[{"href":"https:\/\/www.europesays.com\/de\/wp-json\/wp\/v2\/types\/post"}],"author":[{"embeddable":true,"href":"https:\/\/www.europesays.com\/de\/wp-json\/wp\/v2\/users\/2"}],"replies":[{"embeddable":true,"href":"https:\/\/www.europesays.com\/de\/wp-json\/wp\/v2\/comments?post=1262646"}],"version-history":[{"count":0,"href":"https:\/\/www.europesays.com\/de\/wp-json\/wp\/v2\/posts\/1262646\/revisions"}],"wp:featuredmedia":[{"embeddable":true,"href":"https:\/\/www.europesays.com\/de\/wp-json\/wp\/v2\/media\/1262647"}],"wp:attachment":[{"href":"https:\/\/www.europesays.com\/de\/wp-json\/wp\/v2\/media?parent=1262646"}],"wp:term":[{"taxonomy":"category","embeddable":true,"href":"https:\/\/www.europesays.com\/de\/wp-json\/wp\/v2\/categories?post=1262646"},{"taxonomy":"post_tag","embeddable":true,"href":"https:\/\/www.europesays.com\/de\/wp-json\/wp\/v2\/tags?post=1262646"}],"curies":[{"name":"wp","href":"https:\/\/api.w.org\/{rel}","templated":true}]}}