{"id":1262655,"date":"2026-08-26T21:57:28","date_gmt":"2026-08-26T21:57:28","guid":{"rendered":"https:\/\/www.europesays.com\/de\/1262655\/"},"modified":"2026-08-26T21:57:28","modified_gmt":"2026-08-26T21:57:28","slug":"berlin-neukoelln-evakuierung-kommt-voran-start-fuer-bombenentschaerfung-offen-panorama","status":"publish","type":"post","link":"https:\/\/www.europesays.com\/de\/1262655\/","title":{"rendered":"Berlin-Neuk\u00f6lln &#8211; Evakuierung kommt voran &#8211; Start f\u00fcr Bombenentsch\u00e4rfung offen &#8211; Panorama"},"content":{"rendered":"<p data-manual=\"paragraph\" data-schema-org-speakable=\"true\" class=\"css-1eosz7k\"><a href=\"https:\/\/www.sueddeutsche.de\/thema\/Berlin\" rel=\"nofollow noopener\" target=\"_blank\">Berlin<\/a> (dpa\/bb) &#8211; Der genaue Beginn der Bombenentsch\u00e4rfung in Berlin-Neuk\u00f6lln ist nach Angaben der Polizei wegen der andauernden Evakuierung bisher noch offen. \u201eDie Kollegen melden durchgehend, dass ihre Stra\u00dfenz\u00fcge immer leerer werden\u201c, sagte eine Polizeisprecherin. Der genaue Zeitpunkt f\u00fcr den Start der Entsch\u00e4rfung sei aber bisher unklar.<\/p>\n<p data-manual=\"paragraph\" data-schema-org-speakable=\"true\" class=\"css-1eosz7k\">Polizeisprecher Martin Halweg sagte dem RBB, bisher seien rund 1.000 Haushalte evakuiert. Insgesamt sind rund 5.600 Haushalte betroffen. Er rechne damit, dass die Evakuierung in den fr\u00fchen Abendstunden abgeschlossen sei. Die Entsch\u00e4rfung der Bombe werde dann etwa zwei Stunden dauern. Die Fliegerbombe war im Neuk\u00f6llner Schifffahrtskanal gefunden worden.<\/p>\n<p data-manual=\"paragraph\" data-schema-org-speakable=\"true\" class=\"css-1eosz7k\">\u00a9 dpa-infocom, dpa:260826-930-587216\/2<\/p>\n","protected":false},"excerpt":{"rendered":"Berlin (dpa\/bb) &#8211; Der genaue Beginn der Bombenentsch\u00e4rfung in Berlin-Neuk\u00f6lln ist nach Angaben der Polizei wegen der andauernden&hellip;\n","protected":false},"author":2,"featured_media":1262656,"comment_status":"","ping_status":"","sticky":false,"template":"","format":"standard","meta":{"footnotes":"","_share_on_mastodon":"0"},"categories":[1825],"tags":[296,29,30,9844,4338,1974,149,260980],"class_list":["post-1262655","post","type-post","status-publish","format-standard","has-post-thumbnail","category-berlin","tag-berlin","tag-deutschland","tag-germany","tag-kriegsfolgen","tag-notfall","tag-panorama","tag-sueddeutsche-zeitung","tag-weigandufer"],"share_on_mastodon":{"url":"https:\/\/pubeurope.com\/@de\/117164051460392931","error":""},"_links":{"self":[{"href":"https:\/\/www.europesays.com\/de\/wp-json\/wp\/v2\/posts\/1262655","targetHints":{"allow":["GET"]}}],"collection":[{"href":"https:\/\/www.europesays.com\/de\/wp-json\/wp\/v2\/posts"}],"about":[{"href":"https:\/\/www.europesays.com\/de\/wp-json\/wp\/v2\/types\/post"}],"author":[{"embeddable":true,"href":"https:\/\/www.europesays.com\/de\/wp-json\/wp\/v2\/users\/2"}],"replies":[{"embeddable":true,"href":"https:\/\/www.europesays.com\/de\/wp-json\/wp\/v2\/comments?post=1262655"}],"version-history":[{"count":0,"href":"https:\/\/www.europesays.com\/de\/wp-json\/wp\/v2\/posts\/1262655\/revisions"}],"wp:featuredmedia":[{"embeddable":true,"href":"https:\/\/www.europesays.com\/de\/wp-json\/wp\/v2\/media\/1262656"}],"wp:attachment":[{"href":"https:\/\/www.europesays.com\/de\/wp-json\/wp\/v2\/media?parent=1262655"}],"wp:term":[{"taxonomy":"category","embeddable":true,"href":"https:\/\/www.europesays.com\/de\/wp-json\/wp\/v2\/categories?post=1262655"},{"taxonomy":"post_tag","embeddable":true,"href":"https:\/\/www.europesays.com\/de\/wp-json\/wp\/v2\/tags?post=1262655"}],"curies":[{"name":"wp","href":"https:\/\/api.w.org\/{rel}","templated":true}]}}