{"id":1262687,"date":"2026-08-26T22:17:16","date_gmt":"2026-08-26T22:17:16","guid":{"rendered":"https:\/\/www.europesays.com\/de\/1262687\/"},"modified":"2026-08-26T22:17:16","modified_gmt":"2026-08-26T22:17:16","slug":"fw-kiel-feuer-in-einem-mehrfamilienhaus-in-kiel-gaarden-sued","status":"publish","type":"post","link":"https:\/\/www.europesays.com\/de\/1262687\/","title":{"rendered":"FW-Kiel: Feuer in einem Mehrfamilienhaus in Kiel Gaarden S\u00fcd"},"content":{"rendered":"<p class=\"date\">26.08.2026 \u2013 23:39<\/p>\n<p class=\"customer\">\n                        <a class=\"story-customer\" title=\"weiter zum newsroom von Feuerwehr Kiel\" href=\"https:\/\/www.presseportal.de\/blaulicht\/nr\/82765\" rel=\"nofollow noopener\" target=\"_blank\">Feuerwehr Kiel<\/a>\n                    <\/p>\n<p><a data-category=\"citylink-story-view\" data-action=\"click\" data-label=\"Citylink in Meldungsansicht\" class=\"story-city event-trigger\" href=\"https:\/\/www.presseportal.de\/regional\/Kiel\" title=\"News aus Kiel \" rel=\"nofollow noopener\" target=\"_blank\">Kiel<\/a> (ots)<\/p>\n<p>Gegen 21:35 Uhr gingen zeitgleich mehrere Notrufe in der Integrierten Regionalleitstelle in Kiel ein, es wurde ein Feuer im ersten Geschoss eines Mehrfamilienhauses in der Heintzestra\u00dfe in Kiel Gaarden S\u00fcd gemeldet, das Feuer war bereits von au\u00dfen sichtbar, in einer Wohnung im zweiten Obergeschoss sollte sich eine Person am Fenster befinden. Sofort wurde der L\u00f6schzug der Ostwache mit Unterst\u00fctzungskr\u00e4ften der Hauptwache und des Rettungsdienstes zu der Adresse alarmiert. Weitere Anrufer meldeten ebenfalls Feuer und Rauch auf der R\u00fcckseite des Geb\u00e4udes woraufhin das Einsatzstichwort auf Feuer gro\u00df erh\u00f6ht und zus\u00e4tzliche Kr\u00e4fte der Freiwilligen Feuerwehr Gaarden zu dem Objekt alarmiert wurden. Beim Eintreffen wurde die Lage best\u00e4tigt, die Person im 2 Obergeschoss wurde sofort \u00fcber die Drehleiter gerettet, parallel dazu ging ein Trupp unter Atemschutz mit einem C Rohr zur Brandbek\u00e4mpfung ins 1 Obergeschoss vor, ein weiterer Trupp erkundete derweil den Rest des Geb\u00e4udes auf der Suche nach weiteren Personen. Ein dritter Trupp leitete einen L\u00f6schangriff \u00fcber die R\u00fcckseite des Geb\u00e4udes ein um dort die Flammen zu bek\u00e4mpfen. Durch den schnellen und gezielten Einsatz der Kr\u00e4fte, konnte das Feuer schnell gel\u00f6scht und eine weitere Ausbreitung des Feuers auf das Geb\u00e4ude verhindert werden. Da das Feuer teilweise in die Au\u00dfenfassade des Geb\u00e4udes gezogen ist, dauerten die Nachl\u00f6scharbeiten noch l\u00e4nger an. Die verwaiste Ostwache der Berufsfeuerwehr Kiel wurde in der Zwischenzeit von den Freiwilligen Feuerwehren aus R\u00f6nne und Moorsee nachbesetzt. Insgesamt waren ca. 50 Einsatzkr\u00e4fte von Feuerwehr und Rettungsdienst im Einsatz. Verletzt wurde bei dem Einsatz gl\u00fccklicherweise niemand. Das Geb\u00e4ude ist nach dem Brandereignis jedoch nicht mehr bewohnbar. Die Unterbringung der Bewohner wurde \u00fcber den Vermieter organisiert. Nach etwas mehr als 2 Stunden konnte der Einsatz beendet werden.<\/p>\n<p class=\"contact-headline\">R\u00fcckfragen bitte an:<\/p>\n<p class=\"contact-text\">Medien-R\u00fcckfragen bitte an:<\/p>\n<p>Feuerwehr Kiel<br \/>Lagedienstf\u00fchrer<br \/>Telefon: 0431 \/ 5905 &#8211; 0<br \/>Fax: 0431 \/ 5905 &#8211; 147<br \/><a target=\"_blank\" class=\"uri-ext outbound\" rel=\"noopener nofollow\" href=\"https:\/\/www.kiel.de\/de\/gesundheit_soziales\/feuerwehr\/index.php\">https:\/\/www.kiel.de\/de\/gesundheit_soziales\/feuerwehr\/index.php<\/a><\/p>\n<p class=\"originator\">Original-Content von: Feuerwehr Kiel, \u00fcbermittelt durch news aktuell<\/p>\n","protected":false},"excerpt":{"rendered":"26.08.2026 \u2013 23:39 Feuerwehr Kiel Kiel (ots) Gegen 21:35 Uhr gingen zeitgleich mehrere Notrufe in der Integrierten Regionalleitstelle&hellip;\n","protected":false},"author":2,"featured_media":1184682,"comment_status":"","ping_status":"","sticky":false,"template":"","format":"standard","meta":{"footnotes":"","_share_on_mastodon":"0"},"categories":[1852],"tags":[2919,3364,29,548,663,3934,985,30,13,4949,14,15,178,180,179,181,12,1971,17990],"class_list":["post-1262687","post","type-post","status-publish","format-standard","has-post-thumbnail","category-kiel","tag-brand","tag-de","tag-deutschland","tag-eu","tag-europa","tag-europe","tag-feuerwehr","tag-germany","tag-headlines","tag-kiel","tag-nachrichten","tag-news","tag-presse","tag-pressemeldung","tag-pressemitteilung","tag-pressemitteilungen","tag-schlagzeilen","tag-schleswig-holstein","tag-sh"],"share_on_mastodon":{"url":"https:\/\/pubeurope.com\/@de\/117164129995419923","error":""},"_links":{"self":[{"href":"https:\/\/www.europesays.com\/de\/wp-json\/wp\/v2\/posts\/1262687","targetHints":{"allow":["GET"]}}],"collection":[{"href":"https:\/\/www.europesays.com\/de\/wp-json\/wp\/v2\/posts"}],"about":[{"href":"https:\/\/www.europesays.com\/de\/wp-json\/wp\/v2\/types\/post"}],"author":[{"embeddable":true,"href":"https:\/\/www.europesays.com\/de\/wp-json\/wp\/v2\/users\/2"}],"replies":[{"embeddable":true,"href":"https:\/\/www.europesays.com\/de\/wp-json\/wp\/v2\/comments?post=1262687"}],"version-history":[{"count":0,"href":"https:\/\/www.europesays.com\/de\/wp-json\/wp\/v2\/posts\/1262687\/revisions"}],"wp:featuredmedia":[{"embeddable":true,"href":"https:\/\/www.europesays.com\/de\/wp-json\/wp\/v2\/media\/1184682"}],"wp:attachment":[{"href":"https:\/\/www.europesays.com\/de\/wp-json\/wp\/v2\/media?parent=1262687"}],"wp:term":[{"taxonomy":"category","embeddable":true,"href":"https:\/\/www.europesays.com\/de\/wp-json\/wp\/v2\/categories?post=1262687"},{"taxonomy":"post_tag","embeddable":true,"href":"https:\/\/www.europesays.com\/de\/wp-json\/wp\/v2\/tags?post=1262687"}],"curies":[{"name":"wp","href":"https:\/\/api.w.org\/{rel}","templated":true}]}}