{"id":1262718,"date":"2026-08-26T22:43:22","date_gmt":"2026-08-26T22:43:22","guid":{"rendered":"https:\/\/www.europesays.com\/de\/1262718\/"},"modified":"2026-08-26T22:43:22","modified_gmt":"2026-08-26T22:43:22","slug":"tag-des-cia-chef-besuchs-putin-unterschrieb-offenbar-drei-geheime-dekrete","status":"publish","type":"post","link":"https:\/\/www.europesays.com\/de\/1262718\/","title":{"rendered":"Tag des CIA-Chef-Besuchs: Putin unterschrieb offenbar drei geheime Dekrete"},"content":{"rendered":"<p class=\"text-black text-[17px] leading-7 font-normal font-merriweather\">\n              CIA-Chef John Ratcliffe hat am Dienstag \u00fcberraschend Moskau besucht \u2013 seine <a target=\"_blank\" rel=\"nofollow noopener\" href=\"https:\/\/www.berliner-zeitung.de\/article\/ratcliffe-in-moskau-erster-russland-besuch-als-cia-direktor-10328720\">erste \u00f6ffentlich bekannte Reise<\/a> in die russische Hauptstadt seit seinem Amtsantritt. Fast zeitgleich unterzeichnete Kremlchef Wladimir Putin mehrere Dekrete \u2013 drei davon offenbar als geheim eingestuft. Das berichtet unter anderem die <a target=\"_blank\" rel=\"nofollow noopener\" href=\"https:\/\/ru.themoscowtimes.com\/2026\/08\/25\/wsj-glava-tsru-mog-priletet-kputinu-iz-za-dannih-razvedki-opredstoyaschei-mobilizatsii-iatake-nanato-a204307\">Moscow Times<\/a> unter Berufung auf ein <a target=\"_blank\" rel=\"nofollow noopener\" href=\"http:\/\/publication.pravo.gov.ru\/documents\/block\/president?index=1&amp;pageSize=30\">juristisches Informationsportal<\/a>.<\/p>\n<p>Ob zwischen Putins fehlenden Dekreten und dem Besuch ein Zusammenhang besteht, ist offen. Ebenso unklar bleibt, wor\u00fcber gesprochen wurde \u2013 und ob Ratcliffe auf Putin traf. Der Kreml bestreitet ein Treffen, die Moscow Times berichtet das Gegenteil.\n            <\/p>\n<p>            Putins geheime Dekrete: sieben Unterschriften, drei bleiben unter Verschluss<\/p>\n<p class=\"text-black text-[17px] leading-7 font-normal font-merriweather\">\n              Insgesamt geht es um sieben Dekrete. Aus der Datenbank des juristischen Informationsportal geht hervor, dass Putin am 25. August drei \u00f6ffentliche Dekrete: die Nummern 608, 609 und 610, unterzeichnete. <\/p>\n<p>Zwei davon betreffen die Abl\u00f6sung des russischen Botschafters im Irak. Das dritte \u00e4ndert die Zusammensetzung von Kommissionen f\u00fcr Behinderte und Veteranen.\n            <\/p>\n<p class=\"text-black text-[17px] leading-7 font-normal font-merriweather\">\n              Am Tag zuvor, dem 24. August, unterzeichnete er das Dekret Nummer 604. Es erm\u00e4chtigt den Staat, die vor\u00fcbergehende Verwaltung nahezu aller Anlagen und Unternehmen zu \u00fcbernehmen, wenn deren Eigent\u00fcmer keinen ausreichenden Schutz vor Drohnenangriffen gew\u00e4hrleisten.<\/p>\n<p>Nicht ver\u00f6ffentlicht sind demnach die Dekrete 605, 606 und 607. Ihr Inhalt ist unbekannt.\n            <\/p>\n<p>            Traf Ratcliffe wirklich Putin? Kreml und Moscow Times widersprechen sich<\/p>\n<p class=\"text-black text-[17px] leading-7 font-normal font-merriweather\">\n              Die Moscow Times schreibt zudem am Mittwoch, Ratcliffe habe Putin getroffen. Der Pr\u00e4sident habe daf\u00fcr einen Termin abgesagt, auf den sich laut dem Kreml-Korrespondenten Alexander Junashev \u201eHunderte von Menschen\u201c vorbereitet h\u00e4tten.<\/p>\n<p>Der Kreml weist ein solches Treffen indes zur\u00fcck. Pr\u00e4sidentensprecher Dmitri Peskow sagte laut der russischen Nachrichtenagentur <a target=\"_blank\" rel=\"nofollow noopener\" href=\"https:\/\/www.interfax.ru\/russia\/1111330?utm_source=interlink&amp;utm_medium=1111387\">Interfax<\/a>: \u201eIch kann Ihnen nur sagen, dass es Kontakte \u00fcber die Geheimdienste gab. Ich kann Ihnen sagen, dass es keine Treffen mit dem russischen Pr\u00e4sidenten gab.\u201c <\/p>\n<p>Putin werde aber \u201eumgehend \u00fcber alles informiert\u201c, so Peskow. Kontakte zwischen den Geheimdiensten seien \u201ean sich ein positives Ph\u00e4nomen\u201c.\n            <\/p>\n<p>            Worum es bei Ratcliffes Moskau-Reise gegangen sein k\u00f6nnte<\/p>\n<p class=\"text-black text-[17px] leading-7 font-normal font-merriweather\">\n              Das Thema der Gespr\u00e4che ist weiter unklar. Bekannt ist nur der Rahmen: Flugverfolgungsdiensten zufolge <a href=\"https:\/\/www.berliner-zeitung.de\/article\/us-militaerflugzeug-soll-in-moskau-gelandet-sein-10326619\" rel=\"nofollow noopener\" target=\"_blank\">kam Ratcliffe mit einer Boeing C-17<\/a> aus dem lettischen Riga und blieb dem Wall Street Journal zufolge rund vier Stunden in Moskau.\n            <\/p>\n<p class=\"text-black text-[17px] leading-7 font-normal font-merriweather\">\n              Das <a target=\"_blank\" rel=\"nofollow noopener\" href=\"https:\/\/www.wsj.com\/world\/cia-director-john-ratcliffe-makes-surprise-trip-to-moscow-c1c68fa6\">Wall Street Journal<\/a> berichtet, Ratcliffe k\u00f6nnte Putin vor US-Geheimdienstinformationen gewarnt haben. Diese deuteten auf Vorbereitungen f\u00fcr eine neue Mobilisierungsrunde und eine m\u00f6gliche Provokation gegen die Nato hin. <\/p>\n<p>Die fr\u00fchere US-Vizegeheimdienstkoordinatorin Beth Sanner sagte dem Blatt, die Botschaft k\u00f6nne lauten: \u201eWir wissen, was ihr vorhabt, und ihr solltet es besser lassen.\u201c Als Vergleich nennt das Wall Street Journal den November 2021: Damals warnte der fr\u00fchere CIA-Chef William Burns in Moskau vor dem Einmarsch in die Ukraine.\n            <\/p>\n<p>            Ein m\u00f6glicher Gefangenenaustausch?<\/p>\n<p class=\"text-black text-[17px] leading-7 font-normal font-merriweather\">\n              Das britische iPaper bringt die Reise mit einem m\u00f6glichen Gefangenenaustausch in Verbindung. Im Februar kam mit Unterst\u00fctzung der CIA der wegen Drogenhandels verurteilte Lehrer Mark Vogel frei, ebenso der Journalist Evan Gershkovich und der Marineinfanterist Paul Whelan.<\/p>\n<p>Anfang August wurde zudem der fr\u00fchere US-Marine Robert Gilman nach mehr als vier Jahren Haft entlassen. Washington will nach eigenen Angaben weitere Amerikaner aus russischer Haft holen.\n            <\/p>\n<p>            Vorbereitung eines Trump-Putin-Treffens oder Iran-Gespr\u00e4che?<\/p>\n<p class=\"text-black text-[17px] leading-7 font-normal font-merriweather\">\n              Der russische Generalmajor Wladimir Popow sagte russischen Medien derweil, die Reise k\u00f6nne der Vorbereitung eines k\u00fcnftigen Treffens von Donald Trump und Wladimir Putin dienen. Auff\u00e4llig sei, dass statt der bisherigen Unterh\u00e4ndler Steve Witkoff und Jared Kushner diesmal Ratcliffe nach Moskau reiste.\n            <\/p>\n<p class=\"text-black text-[17px] leading-7 font-normal font-merriweather\">\n              Denkbar ist auch der Iran-Krieg als Thema. Washington hatte zu Wochenbeginn Staaten mit Sanktionen gedroht, die weiter Handel mit dem Iran treiben. Es k\u00f6nne auch \u201eum die Waffenruhe mit dem Iran gehen\u201c, sagte Sanner laut Wall Street Journal.<\/p>\n<p>US-Pr\u00e4sident Donald Trump bezeichnete die Reise von CIA-Direktor John Ratcliffe nach Moskau indes am Mittwoch als \u201eweitgehend routinem\u00e4\u00dfig\u201c.<\/p>\n<p>                    <img decoding=\"async\" src=\"https:\/\/www.berliner-zeitung.de\/images\/blz\/send-mail.svg\" alt=\"Send feedback\"\/><\/p>\n<p>Lesen Sie mehr zum Thema<\/p>\n","protected":false},"excerpt":{"rendered":"CIA-Chef John Ratcliffe hat am Dienstag \u00fcberraschend Moskau besucht \u2013 seine erste \u00f6ffentlich bekannte Reise in die russische&hellip;\n","protected":false},"author":2,"featured_media":1262719,"comment_status":"","ping_status":"","sticky":false,"template":"","format":"standard","meta":{"footnotes":"","_share_on_mastodon":"0"},"categories":[4013],"tags":[331,332,12796,1497,13,12797,5020,308,14,15,4043,4044,850,307,12,306],"class_list":["post-1262718","post","type-post","status-publish","format-standard","has-post-thumbnail","category-russland","tag-aktuelle-nachrichten","tag-aktuelle-news","tag-cia","tag-dekret","tag-headlines","tag-john-ratcliffe","tag-kreml","tag-moskau","tag-nachrichten","tag-news","tag-russia","tag-russian-federation","tag-russische-foederation","tag-russland","tag-schlagzeilen","tag-wladimir-putin"],"share_on_mastodon":{"url":"https:\/\/pubeurope.com\/@de\/117164234411730270","error":""},"_links":{"self":[{"href":"https:\/\/www.europesays.com\/de\/wp-json\/wp\/v2\/posts\/1262718","targetHints":{"allow":["GET"]}}],"collection":[{"href":"https:\/\/www.europesays.com\/de\/wp-json\/wp\/v2\/posts"}],"about":[{"href":"https:\/\/www.europesays.com\/de\/wp-json\/wp\/v2\/types\/post"}],"author":[{"embeddable":true,"href":"https:\/\/www.europesays.com\/de\/wp-json\/wp\/v2\/users\/2"}],"replies":[{"embeddable":true,"href":"https:\/\/www.europesays.com\/de\/wp-json\/wp\/v2\/comments?post=1262718"}],"version-history":[{"count":0,"href":"https:\/\/www.europesays.com\/de\/wp-json\/wp\/v2\/posts\/1262718\/revisions"}],"wp:featuredmedia":[{"embeddable":true,"href":"https:\/\/www.europesays.com\/de\/wp-json\/wp\/v2\/media\/1262719"}],"wp:attachment":[{"href":"https:\/\/www.europesays.com\/de\/wp-json\/wp\/v2\/media?parent=1262718"}],"wp:term":[{"taxonomy":"category","embeddable":true,"href":"https:\/\/www.europesays.com\/de\/wp-json\/wp\/v2\/categories?post=1262718"},{"taxonomy":"post_tag","embeddable":true,"href":"https:\/\/www.europesays.com\/de\/wp-json\/wp\/v2\/tags?post=1262718"}],"curies":[{"name":"wp","href":"https:\/\/api.w.org\/{rel}","templated":true}]}}