{"id":1262833,"date":"2026-08-27T00:00:43","date_gmt":"2026-08-27T00:00:43","guid":{"rendered":"https:\/\/www.europesays.com\/de\/1262833\/"},"modified":"2026-08-27T00:00:43","modified_gmt":"2026-08-27T00:00:43","slug":"stadtradeln-2026-sternfahrt-startet-ohne-gladbeck","status":"publish","type":"post","link":"https:\/\/www.europesays.com\/de\/1262833\/","title":{"rendered":"Stadtradeln 2026: Sternfahrt startet ohne Gladbeck"},"content":{"rendered":"<p><a title=\"Stadtradeln 2026 \u2013 Fahrradmotiv auf der Stra\u00dfe\" href=\"https:\/\/neue-gladbecker-zeitung.de\/stadtradeln-2026-sternfahrt-startet-ohne-gladbeck\/stadtradeln-2026-fahrradmotiv-auf-der-strasse_ergebnis\/\" rel=\"nofollow noopener\" target=\"_blank\"><img fetchpriority=\"high\" width=\"678\" height=\"381\" src=\"https:\/\/www.europesays.com\/de\/wp-content\/uploads\/2026\/08\/Stadtradeln-2026-\u2013-Fahrradmotiv-auf-der-Strasse_ergebnis.webp\" class=\"attachment-mh-magazine-content size-mh-magazine-content wp-post-image\" alt=\"Orangefarbenes Fahrradmotiv mit Stadtradeln-Logo auf einer Asphaltstra\u00dfe\" title=\"Stadtradeln 2026 \u2013 Fahrradmotiv auf der Stra\u00dfe\" loading=\"eager\" decoding=\"async\"  \/><\/a><br \/>\nStadtradeln 2026: Mit dem Fahrrad Kilometer sammeln und gemeinsam f\u00fcr ein gutes Klima radeln. Bildvorlage:  Kreis Recklinghausen, Svenja K\u00fcchmeister)<\/p>\n<p><strong>Am Sonntag, 6. September, er\u00f6ffnet der Kreis Recklinghausen das Stadtradeln 2026 mit einer Sternfahrt zum Kreisgartenbaulehrbetrieb in Datteln-Horneburg. Auff\u00e4llig: Gladbeck geh\u00f6rt nicht zu den neun St\u00e4dten, von denen offizielle Gruppen zum gemeinsamen Ziel starten.<\/strong><\/p>\n<p><strong>Gladbeck \u2013 26.08.2026 \u2013\u00a0Zwischen 12 und 13 Uhr<\/strong> sollen die Radfahrerinnen und Radfahrer aus Castrop-Rauxel, Datteln, Dorsten, Haltern am See, Herten, Marl, Oer-Erkenschwick, Recklinghausen und Waltrop im Kreisgarten eintreffen. Dort gibt es Verpflegung, F\u00fchrungen und Informationen rund um Fahrrad und Mobilit\u00e4t.<\/p>\n<p>&gt;&gt;&gt; <strong>Den NGZ-Newsletter:<\/strong>\u00a0<a href=\"https:\/\/neue-gladbecker-zeitung.de\/newsletter-der-ngz\/\" target=\"_blank\" rel=\"noopener nofollow\" data-category-full-path=\"\/staedte\/gladbeck\/\" data-paid-status=\"free\" data-article-publish-date=\"1595937600\">hier gratis abonnieren<\/a>\u00a0|\u00a0<strong>Folgen Sie uns<\/strong>\u00a0<strong>auch<\/strong>\u00a0auf\u00a0<a href=\"https:\/\/www.facebook.com\/NeueGladbeckerZeitung\/\" target=\"_blank\" rel=\"noopener nofollow\">Facebook<\/a>\u00a0und auf\u00a0<a href=\"https:\/\/www.instagram.com\/neuegladbeckerzeitung\/\" target=\"_blank\" rel=\"noopener nofollow\">Instagram<\/a>\u00a0|<br \/><strong>Hier erhalten Sie alle Nachrichten sofort im<\/strong>\u00a0<a href=\"https:\/\/whatsapp.com\/channel\/0029VaAJZdH8F2pIH21PF72X\" target=\"_blank\" rel=\"noopener nofollow\">WhatsApp-Kanal<\/a> | Unsere: <a href=\"https:\/\/neue-gladbecker-zeitung.de\/blaulicht\/\" target=\"_blank\" rel=\"noopener nofollow\">Polizei- und Feuerwehrartikel<\/a> &lt;&lt;&lt;<\/p>\n<p>Neun St\u00e4dte fahren nach Datteln-Horneburg<\/p>\n<p>Die Abfahrtszeiten unterscheiden sich je nach Entfernung zum Ziel. Die Gruppe aus Dorsten startet bereits um 8.30 Uhr am B\u00fcrgerbahnhof. In Castrop-Rauxel geht es um 10.45 Uhr am Rathaus los.<\/p>\n<p>In Datteln und Marl starten die Radfahrer jeweils um 10.30 Uhr. Haltern am See, Herten, Recklinghausen und Waltrop folgen um 11 Uhr. Die sp\u00e4teste Abfahrt ist in Oer-Erkenschwick um 11.30 Uhr.<\/p>\n<p><strong>Eine Abfahrt in <a href=\"https:\/\/www.gladbeck.de\" target=\"_blank\" rel=\"noopener nofollow\">Gladbeck<\/a> ist in der ver\u00f6ffentlichten \u00dcbersicht nicht aufgef\u00fchrt.<\/strong> Damit gibt es f\u00fcr die Gladbeckerinnen und Gladbecker keinen offiziellen Startpunkt innerhalb der Sternfahrt.<\/p>\n<p>Programm im Kreisgarten<\/p>\n<p>Am Ziel k\u00f6nnen sich die Teilnehmerinnen und Teilnehmer st\u00e4rken. Der <a href=\"https:\/\/feuerwehr-datteln.de\/Feuerwehr\/Loeschzuege\" target=\"_blank\" rel=\"noopener nofollow\">Feuerwehr-L\u00f6schzug Horneburg<\/a> bietet gegen einen kleinen Obolus Bratwurst, Pommes und Crepes an. Auch Getr\u00e4nke stehen bereit.<\/p>\n<p>Dar\u00fcber hinaus sind F\u00fchrungen durch den Kreisgarten, Informationen zum Thema Mobilit\u00e4t sowie St\u00e4nde des Kreises Recklinghausen, des Regionalverbands Ruhr (RVR) und des ADFC geplant.<\/p>\n<p>Ein weiterer Schwerpunkt sind die neuen metropolradruhr-R\u00e4der. Der Betreiber Donkey Republic informiert vor Ort \u00fcber das Fahrradverleihsystem, die App und die Standorte. Die R\u00e4der sollen am 6. September im gesamten Kreisgebiet zur Verf\u00fcgung stehen.<\/p>\n<p>Stadtradeln und metropolradruhr starten gemeinsam<\/p>\n<p>Mit der Sternfahrt f\u00e4llt zugleich der offizielle Startschuss f\u00fcr das <a href=\"https:\/\/neue-gladbecker-zeitung.de\/fahrradverleihsystem-metropolradruhr-startet-in-gladbeck\/\" rel=\"nofollow noopener\" target=\"_blank\">metropolradruhr-Fahrradverleihsystem<\/a> im Kreisgebiet. Auch in Gladbeck stehen seit August Leihr\u00e4der zur Verf\u00fcgung. In der Stadt wurden daf\u00fcr 18 Stationen eingerichtet.<\/p>\n<p>Der Kreis verbindet die Aktion au\u00dferdem mit dem Start des Stadtradelns 2026. Drei Wochen lang k\u00f6nnen Teilnehmerinnen und Teilnehmer Fahrradkilometer sammeln und damit ein Zeichen f\u00fcr Gesundheit und Klimaschutz setzen.<\/p>\n<p>Landrat Bodo Klimpel empfiehlt die Teilnahme an der Sternfahrt. Die ADFC-Ortsgruppen h\u00e4tten attraktive und sichere Routen ausgearbeitet. Als zus\u00e4tzliches Ziel nennt Klimpel den Apothekergarten im Kreisgarten.<\/p>\n<p>So funktioniert die Teilnahme am Stadtradeln<\/p>\n<p>Beim Stadtradeln k\u00f6nnen alle mitmachen, die im Kreisgebiet wohnen, arbeiten, in einem Verein t\u00e4tig sind oder eine Schule beziehungsweise Hochschule besuchen. Die Teilnehmer k\u00f6nnen sich in Teams zusammenschlie\u00dfen. Teams m\u00fcssen aus mindestens zwei Personen bestehen.<\/p>\n<p>Wer kein eigenes Team bilden m\u00f6chte, kann dem offenen Team seiner Kommune beitreten. Die gefahrenen Kilometer lassen sich \u00fcber die Stadtradeln-App erfassen oder manuell auf der Internetseite eintragen.<\/p>\n<p>Wer die App nutzt, kann die Fahrten automatisch dokumentieren. Die aufgezeichneten Strecken werden anonymisiert weitergeleitet und von der Technischen Universit\u00e4t Dresden wissenschaftlich ausgewertet. Die Daten sollen Planern Informationen f\u00fcr eine moderne und datenbasierte Verkehrsplanung liefern.<\/p>\n<p>Diese Gruppen starten zur Sternfahrt<\/p>\n<p><strong>Castrop-Rauxel:<\/strong> 10.45 Uhr, Rathaus, Europaplatz 1<\/p>\n<p><strong>Datteln:<\/strong> 10.30 Uhr, Rathaus, Genthiner Stra\u00dfe 8<\/p>\n<p><strong>Dorsten:<\/strong> 8.30 Uhr, B\u00fcrgerbahnhof Dorsten, Johannes-Rau-Platz 1<\/p>\n<p><strong>Haltern am See:<\/strong> 11 Uhr, Bahnhofsvorplatz, Roost-Warendin-Platz 1<\/p>\n<p><strong>Herten:<\/strong> 11 Uhr, Besucherzentrum Hoheward, Werner-Heisenberg-Stra\u00dfe 14<\/p>\n<p><strong>Marl:<\/strong> 10.30 Uhr, Rathaus, Creiler Platz 1<\/p>\n<p><strong>Oer-Erkenschwick:<\/strong> 11.30 Uhr, Forum Oer-Erkenschwick, Leharstra\u00dfe 3<\/p>\n<p><strong>Recklinghausen:<\/strong> 11 Uhr, Rathaus, Rathausplatz 3\/4<\/p>\n<p><strong>Waltrop:<\/strong> 11 Uhr, Rathaus, M\u00fcnsterstra\u00dfe 1<\/p>\n<p>Nach der gemeinsamen Pause im Kreisgarten fahren die Gruppen wieder zu ihren jeweiligen Abfahrtsorten zur\u00fcck.<\/p>\n<p>Die Sternfahrt wird nach Angaben des Kreises von den ehrenamtlichen ADFC-Mitgliedern organisiert. Sie haben die Routen aus den kreisangeh\u00f6rigen St\u00e4dten zum gemeinsamen Ziel geplant und abgestimmt.<\/p>\n<p>Anmeldungen und weitere Informationen zum Stadtradeln gibt es auf der offiziellen <a href=\"https:\/\/www.stadtradeln.de\/kreis-recklinghausen\" rel=\"noopener noreferrer nofollow\" target=\"_blank\">Stadtradeln-Seite f\u00fcr den Kreis Recklinghausen<\/a>.<\/p>\n<p><a style=\"color: #ff0000;\" href=\"https:\/\/neue-gladbecker-zeitung.de\" rel=\"nofollow noopener\" target=\"_blank\">Zur Startseite<\/a><\/p>\n<p>\t<script async src=\"\/\/www.instagram.com\/embed.js\"><\/script><\/p>\n","protected":false},"excerpt":{"rendered":"Stadtradeln 2026: Mit dem Fahrrad Kilometer sammeln und gemeinsam f\u00fcr ein gutes Klima radeln. Bildvorlage: Kreis Recklinghausen, Svenja&hellip;\n","protected":false},"author":2,"featured_media":1262834,"comment_status":"","ping_status":"","sticky":false,"template":"","format":"standard","meta":{"footnotes":"","_share_on_mastodon":"0"},"categories":[1848],"tags":[7380,261021,261022,3364,29,261023,548,663,3934,1234,3658,30,17275,13,17276,224550,14,15,1209,12,7304,33641],"class_list":["post-1262833","post","type-post","status-publish","format-standard","has-post-thumbnail","category-gelsenkirchen","tag-adfc","tag-bodo-klimpel","tag-datteln-horneburg","tag-de","tag-deutschland","tag-donkey-republic","tag-eu","tag-europa","tag-europe","tag-fahrrad","tag-gelsenkirchen","tag-germany","tag-gladbeck","tag-headlines","tag-kreis-recklinghausen","tag-metropolradruhr","tag-nachrichten","tag-news","tag-nordrhein-westfalen","tag-schlagzeilen","tag-stadtradeln","tag-sternfahrt"],"share_on_mastodon":{"url":"https:\/\/pubeurope.com\/@de\/117164536682959018","error":""},"_links":{"self":[{"href":"https:\/\/www.europesays.com\/de\/wp-json\/wp\/v2\/posts\/1262833","targetHints":{"allow":["GET"]}}],"collection":[{"href":"https:\/\/www.europesays.com\/de\/wp-json\/wp\/v2\/posts"}],"about":[{"href":"https:\/\/www.europesays.com\/de\/wp-json\/wp\/v2\/types\/post"}],"author":[{"embeddable":true,"href":"https:\/\/www.europesays.com\/de\/wp-json\/wp\/v2\/users\/2"}],"replies":[{"embeddable":true,"href":"https:\/\/www.europesays.com\/de\/wp-json\/wp\/v2\/comments?post=1262833"}],"version-history":[{"count":0,"href":"https:\/\/www.europesays.com\/de\/wp-json\/wp\/v2\/posts\/1262833\/revisions"}],"wp:featuredmedia":[{"embeddable":true,"href":"https:\/\/www.europesays.com\/de\/wp-json\/wp\/v2\/media\/1262834"}],"wp:attachment":[{"href":"https:\/\/www.europesays.com\/de\/wp-json\/wp\/v2\/media?parent=1262833"}],"wp:term":[{"taxonomy":"category","embeddable":true,"href":"https:\/\/www.europesays.com\/de\/wp-json\/wp\/v2\/categories?post=1262833"},{"taxonomy":"post_tag","embeddable":true,"href":"https:\/\/www.europesays.com\/de\/wp-json\/wp\/v2\/tags?post=1262833"}],"curies":[{"name":"wp","href":"https:\/\/api.w.org\/{rel}","templated":true}]}}