{"id":1262892,"date":"2026-08-27T00:39:23","date_gmt":"2026-08-27T00:39:23","guid":{"rendered":"https:\/\/www.europesays.com\/de\/1262892\/"},"modified":"2026-08-27T00:39:23","modified_gmt":"2026-08-27T00:39:23","slug":"vermisstenfall-zwei-vermisste-kinder-an-haltestelle-entdeckt","status":"publish","type":"post","link":"https:\/\/www.europesays.com\/de\/1262892\/","title":{"rendered":"Vermisstenfall: Zwei vermisste Kinder an Haltestelle entdeckt"},"content":{"rendered":"<p>            Schlie\u00dfen<\/p>\n<p>            Ver\u00f6ffentlicht am<br \/>\n                <\/p>\n<p>        Sie k\u00f6nnen sich Artikel der ZEIT in der Google-Suche nun bevorzugt anzeigen lassen.<\/p>\n<p>        <a class=\"zps-widget__icon\" href=\"https:\/\/www.google.com\/preferences\/source?q=zeit.de\" data-ct-label=\"Google Preferred Source Onboarding Widget Icon\" id=\"zps-link-icon-activate\" aria-label=\"ZEIT als bevorzugte Quelle bei Google aktivieren\" target=\"_blank\" rel=\"nofollow noopener\"><\/p>\n<p>        <\/a><\/p>\n<p>        Hinweis<\/p>\n<p class=\"article-notice__text\">DIE ZEIT hat diese Meldung redaktionell nicht bearbeitet. Sie wurde automatisch von der Deutschen Presse-Agentur (dpa) \u00fcbernommen.<\/p>\n<p>            <img decoding=\"async\" class=\"article__media-item\" src=\"https:\/\/www.europesays.com\/de\/wp-content\/uploads\/2026\/08\/1787791163_967_wide__660x371.jpeg\" alt=\"Vermisstenfall: Die Polizei Hannover suchte zwei vermisste Kinder und bat um Hinweise. (Symbolbild)\"\/><\/p>\n<p>                    Die Polizei Hannover suchte zwei vermisste Kinder und bat um Hinweise. (Symbolbild)<br \/>\n            \u00a9\u00a0Friso Gentsch\/\u200bdpa<\/p>\n<p class=\"paragraph article__item\">Die zwei vermissten Kinder aus Hannover sind in Lehrte wohlbehalten entdeckt worden. Eine B\u00fcrgerin habe sich am sp\u00e4ten Abend bei der <a class=\"rtr-entity\" href=\"https:\/\/www.zeit.de\/thema\/polizei\" rel=\"nofollow noopener\" target=\"_blank\">Polizei<\/a> gemeldet, nachdem sie den Jungen und das M\u00e4dchen an einer Bushaltestelle in Lehrte gesehen hatte, teilte die Polizeidirektion Hannover mit.\u00a0\n<\/p>\n<p>Aktuelles<\/p>\n<p>                <a href=\"https:\/\/www.zeit.de\/politik\/ausland\/2026-07\/syrien-verbrechen-assad-regime-prozess-buerger\" data-ct-label=\"Syrien: \u00bbDiese Kriminellen haben selbst vor Babys nicht Halt gemacht\u00ab\" data-uuid=\"cd83f39d-56eb-40e2-93b9-33db58dfe5bb\" rel=\"nofollow noopener\" target=\"_blank\"><\/p>\n<p>        Z+ (abopflichtiger Inhalt);<\/p>\n<p>    Syrien:<br \/>\n                        \u00bbDiese Kriminellen haben selbst vor Babys nicht Halt gemacht\u00ab<\/p>\n<p>                <\/a><\/p>\n<p>                <a href=\"https:\/\/www.zeit.de\/gesellschaft\/zeitgeschehen\/2026-08\/erdbeben-venezuela-la-guaira-tote-gebaeude-migranten\" data-ct-label=\"Erdbeben in Venezuela: Zahl der Toten nach Erdbeben in Venezuela steigt auf \u00fcber 6.500\" data-uuid=\"bb0420ec-bf5c-4bcd-846a-6d41f390cfb0\" rel=\"nofollow noopener\" target=\"_blank\"><\/p>\n<p>                        Erdbeben in Venezuela:<br \/>\n                        Zahl der Toten nach Erdbeben in Venezuela steigt auf \u00fcber 6.500<\/p>\n<p>                <\/a><\/p>\n<p>                <a href=\"https:\/\/www.zeit.de\/2026\/35\/oskar-bruesewitz-pfarrer-ddr-selbstverbrennung-kirche\" data-ct-label=\"Oskar Br\u00fcsewitz: \u00bbEs war gegen Mittag, als er sich mit Benzin \u00fcbergoss\u00ab\" data-uuid=\"e35feac1-b8fe-49a9-b21c-a3a8672cdfd0\" rel=\"nofollow noopener\" target=\"_blank\"><\/p>\n<p>        Z+ (abopflichtiger Inhalt);<\/p>\n<p>    Oskar Br\u00fcsewitz:<br \/>\n                        \u00bbEs war gegen Mittag, als er sich mit Benzin \u00fcbergoss\u00ab<\/p>\n<p>                <\/a><\/p>\n<p class=\"paragraph article__item\">Eine Funkstreifenwagenbesatzung traf den siebenj\u00e4hrigen Ali und die zw\u00f6lfj\u00e4hrige Leny dort an und brachte sie zum Polizeikommissariat Lehrte. Dort wurden sie von ihren Erziehungsberechtigten abgeholt, wie es hie\u00df. Die Kinder wurden seit Mittwochnachmittag vermisst. \u00abDie Polizei bedankt sich bei allen, die die Suche unterst\u00fctzt haben\u00bb, hie\u00df es gegen Mitternacht.\n<\/p>\n<p class=\"paragraph article__item\">Die Zw\u00f6lfj\u00e4hrige war den Angaben zufolge in der Vergangenheit bereits mehrfach vermisst worden. Unter anderem wurde sie in Bremen sowie am Flughafen <a class=\"rtr-entity\" href=\"https:\/\/www.zeit.de\/thema\/hannover\" rel=\"nofollow noopener\" target=\"_blank\">Hannover<\/a> angetroffen.\n<\/p>\n<p class=\"paragraph article__item\">\u00a9 dpa-infocom, dpa:260826-930-587198\/2<\/p>\n","protected":false},"excerpt":{"rendered":"Schlie\u00dfen Ver\u00f6ffentlicht am Sie k\u00f6nnen sich Artikel der ZEIT in der Google-Suche nun bevorzugt anzeigen lassen. Hinweis DIE&hellip;\n","protected":false},"author":2,"featured_media":1262893,"comment_status":"","ping_status":"","sticky":false,"template":"","format":"standard","meta":{"footnotes":"","_share_on_mastodon":"0"},"categories":[1836],"tags":[261038,3364,29,30,46,261039,15,1411,121,5117],"class_list":["post-1262892","post","type-post","status-publish","format-standard","has-post-thumbnail","category-hannover","tag-ali-z","tag-de","tag-deutschland","tag-germany","tag-hannover","tag-leny-h","tag-news","tag-niedersachsen","tag-polizei","tag-vermisstenfall"],"share_on_mastodon":{"url":"https:\/\/pubeurope.com\/@de\/117164690025811875","error":""},"_links":{"self":[{"href":"https:\/\/www.europesays.com\/de\/wp-json\/wp\/v2\/posts\/1262892","targetHints":{"allow":["GET"]}}],"collection":[{"href":"https:\/\/www.europesays.com\/de\/wp-json\/wp\/v2\/posts"}],"about":[{"href":"https:\/\/www.europesays.com\/de\/wp-json\/wp\/v2\/types\/post"}],"author":[{"embeddable":true,"href":"https:\/\/www.europesays.com\/de\/wp-json\/wp\/v2\/users\/2"}],"replies":[{"embeddable":true,"href":"https:\/\/www.europesays.com\/de\/wp-json\/wp\/v2\/comments?post=1262892"}],"version-history":[{"count":0,"href":"https:\/\/www.europesays.com\/de\/wp-json\/wp\/v2\/posts\/1262892\/revisions"}],"wp:featuredmedia":[{"embeddable":true,"href":"https:\/\/www.europesays.com\/de\/wp-json\/wp\/v2\/media\/1262893"}],"wp:attachment":[{"href":"https:\/\/www.europesays.com\/de\/wp-json\/wp\/v2\/media?parent=1262892"}],"wp:term":[{"taxonomy":"category","embeddable":true,"href":"https:\/\/www.europesays.com\/de\/wp-json\/wp\/v2\/categories?post=1262892"},{"taxonomy":"post_tag","embeddable":true,"href":"https:\/\/www.europesays.com\/de\/wp-json\/wp\/v2\/tags?post=1262892"}],"curies":[{"name":"wp","href":"https:\/\/api.w.org\/{rel}","templated":true}]}}