{"id":1263007,"date":"2026-08-27T01:57:20","date_gmt":"2026-08-27T01:57:20","guid":{"rendered":"https:\/\/www.europesays.com\/de\/1263007\/"},"modified":"2026-08-27T01:57:20","modified_gmt":"2026-08-27T01:57:20","slug":"inside-donbass-der-kampf-um-die-letzten-festungen-der-ukraine-politik","status":"publish","type":"post","link":"https:\/\/www.europesays.com\/de\/1263007\/","title":{"rendered":"Inside Donbass: Der Kampf um die letzten Festungen der Ukraine | Politik"},"content":{"rendered":"<p><b>Junge ukrainische Kommandeure k\u00e4mpfen im Donbass an einer Front, die sich immer weiter in eine t\u00f6dliche Drohnenzone verwandelt. Sie f\u00fchren hoch spezialisierte Einheiten, koordinieren Angriffe per Livebildern und versuchen, ihre M\u00e4nner trotz russischem Dauer-Vormarsch zu sch\u00fctzen. <\/b><br \/>\nWelche geheimen Taktiken beide Seiten einsetzen, wie Experten die Chancen der Ukraine einsch\u00e4tzen und welche n\u00e4chsten Ziele der Kreml nach dem Donbass im Blick hat \u2013 das lesen Sie mit BILDplus. <\/p>\n","protected":false},"excerpt":{"rendered":"Junge ukrainische Kommandeure k\u00e4mpfen im Donbass an einer Front, die sich immer weiter in eine t\u00f6dliche Drohnenzone verwandelt.&hellip;\n","protected":false},"author":2,"featured_media":1263008,"comment_status":"","ping_status":"","sticky":false,"template":"","format":"standard","meta":{"footnotes":"","_share_on_mastodon":"0"},"categories":[4012],"tags":[331,332,161909,13,3083,14,15,3082,307,12,317,3081],"class_list":["post-1263007","post","type-post","status-publish","format-standard","has-post-thumbnail","category-ukraine","tag-aktuelle-nachrichten","tag-aktuelle-news","tag-global-reporter","tag-headlines","tag-krim","tag-nachrichten","tag-news","tag-putin-wladimir","tag-russland","tag-schlagzeilen","tag-ukraine","tag-ukraine-konflikt"],"share_on_mastodon":{"url":"https:\/\/pubeurope.com\/@de\/117164995052395136","error":""},"_links":{"self":[{"href":"https:\/\/www.europesays.com\/de\/wp-json\/wp\/v2\/posts\/1263007","targetHints":{"allow":["GET"]}}],"collection":[{"href":"https:\/\/www.europesays.com\/de\/wp-json\/wp\/v2\/posts"}],"about":[{"href":"https:\/\/www.europesays.com\/de\/wp-json\/wp\/v2\/types\/post"}],"author":[{"embeddable":true,"href":"https:\/\/www.europesays.com\/de\/wp-json\/wp\/v2\/users\/2"}],"replies":[{"embeddable":true,"href":"https:\/\/www.europesays.com\/de\/wp-json\/wp\/v2\/comments?post=1263007"}],"version-history":[{"count":0,"href":"https:\/\/www.europesays.com\/de\/wp-json\/wp\/v2\/posts\/1263007\/revisions"}],"wp:featuredmedia":[{"embeddable":true,"href":"https:\/\/www.europesays.com\/de\/wp-json\/wp\/v2\/media\/1263008"}],"wp:attachment":[{"href":"https:\/\/www.europesays.com\/de\/wp-json\/wp\/v2\/media?parent=1263007"}],"wp:term":[{"taxonomy":"category","embeddable":true,"href":"https:\/\/www.europesays.com\/de\/wp-json\/wp\/v2\/categories?post=1263007"},{"taxonomy":"post_tag","embeddable":true,"href":"https:\/\/www.europesays.com\/de\/wp-json\/wp\/v2\/tags?post=1263007"}],"curies":[{"name":"wp","href":"https:\/\/api.w.org\/{rel}","templated":true}]}}