{"id":1263013,"date":"2026-08-27T02:03:18","date_gmt":"2026-08-27T02:03:18","guid":{"rendered":"https:\/\/www.europesays.com\/de\/1263013\/"},"modified":"2026-08-27T02:03:18","modified_gmt":"2026-08-27T02:03:18","slug":"auto-rast-in-frankreich-in-menschenmenge-ein-toter-zehn-verletzte","status":"publish","type":"post","link":"https:\/\/www.europesays.com\/de\/1263013\/","title":{"rendered":"Auto rast in Frankreich in Menschenmenge: ein Toter, zehn Verletzte"},"content":{"rendered":"<p class=\"tracking-tight font-semibold text-base\" q:key=\"O8_0\">In Caen raste eine Person nach einem Streit mit dem Auto in eine Menschenmenge. Mindestens eine Person wurde dabei get\u00f6tet.<\/p>\n<p preventdefault:click=\"\" lang=\"de\" class=\"text-base hyphens-auto\" on:click=\"q-B-SyV_lZ.js#s_Dola2XqN0FU[0 1]\" q:key=\"YR_0\" q:id=\"7o\">In der franz\u00f6sischen Stadt Caen ist ein Fahrer mit seinem Auto \u00fcbereinstimmenden Medienberichten zufolge nach einem Streit <a href=\"https:\/\/www.nau.ch\/news\/europa\/mann-rast-mit-auto-in-menschenmenge-67129112\" rel=\"nofollow noopener\" target=\"_blank\">in eine Menschenmenge gerast.<\/a><\/p>\n<p preventdefault:click=\"\" lang=\"de\" class=\"text-base hyphens-auto\" on:click=\"q-B-SyV_lZ.js#s_Dola2XqN0FU[0 1]\" q:key=\"YR_0\" q:id=\"7q\"><a href=\"https:\/\/www.nau.ch\/news\/europa\/autofahrer-rast-in-menschenmenge-in-frankreich-67062347\" rel=\"nofollow noopener\" target=\"_blank\">Bei dem Vorfall<\/a> an einer Bushaltestelle in der N\u00e4he des Bahnhofs am sp\u00e4ten Mittwochabend sei mindestens eine Person zu Tode gekommen, berichteten franz\u00f6sische Medien unter Berufung auf Polizei und <a href=\"https:\/\/www.nau.ch\/news\/feuerwehr\" rel=\"nofollow noopener\" target=\"_blank\">Feuerwehr<\/a>. Zehn Menschen wurden demnach verletzt, vier davon schwer.<\/p>\n<p preventdefault:click=\"\" lang=\"de\" class=\"text-base hyphens-auto\" on:click=\"q-B-SyV_lZ.js#s_Dola2XqN0FU[0 1]\" q:key=\"YR_0\" q:id=\"7u\">Die Polizei habe einen Verd\u00e4chtigen festgenommen, hiess es. Die Stadt Caen mit rund 110\u2019000 Einwohnern liegt in der Normandie nahe der Atlantikk\u00fcste.<\/p>\n","protected":false},"excerpt":{"rendered":"In Caen raste eine Person nach einem Streit mit dem Auto in eine Menschenmenge. Mindestens eine Person wurde&hellip;\n","protected":false},"author":2,"featured_media":1263014,"comment_status":"","ping_status":"","sticky":false,"template":"","format":"standard","meta":{"footnotes":"","_share_on_mastodon":"0"},"categories":[3974],"tags":[331,332,513,261063,548,663,3934,3980,156,13,33800,14,15,6642,12,2127],"class_list":["post-1263013","post","type-post","status-publish","format-standard","has-post-thumbnail","category-frankreich","tag-aktuelle-nachrichten","tag-aktuelle-news","tag-auto","tag-caen","tag-eu","tag-europa","tag-europe","tag-france","tag-frankreich","tag-headlines","tag-menschenmenge","tag-nachrichten","tag-news","tag-raser","tag-schlagzeilen","tag-streit"],"share_on_mastodon":{"url":"https:\/\/pubeurope.com\/@de\/117165018682483360","error":""},"_links":{"self":[{"href":"https:\/\/www.europesays.com\/de\/wp-json\/wp\/v2\/posts\/1263013","targetHints":{"allow":["GET"]}}],"collection":[{"href":"https:\/\/www.europesays.com\/de\/wp-json\/wp\/v2\/posts"}],"about":[{"href":"https:\/\/www.europesays.com\/de\/wp-json\/wp\/v2\/types\/post"}],"author":[{"embeddable":true,"href":"https:\/\/www.europesays.com\/de\/wp-json\/wp\/v2\/users\/2"}],"replies":[{"embeddable":true,"href":"https:\/\/www.europesays.com\/de\/wp-json\/wp\/v2\/comments?post=1263013"}],"version-history":[{"count":0,"href":"https:\/\/www.europesays.com\/de\/wp-json\/wp\/v2\/posts\/1263013\/revisions"}],"wp:featuredmedia":[{"embeddable":true,"href":"https:\/\/www.europesays.com\/de\/wp-json\/wp\/v2\/media\/1263014"}],"wp:attachment":[{"href":"https:\/\/www.europesays.com\/de\/wp-json\/wp\/v2\/media?parent=1263013"}],"wp:term":[{"taxonomy":"category","embeddable":true,"href":"https:\/\/www.europesays.com\/de\/wp-json\/wp\/v2\/categories?post=1263013"},{"taxonomy":"post_tag","embeddable":true,"href":"https:\/\/www.europesays.com\/de\/wp-json\/wp\/v2\/tags?post=1263013"}],"curies":[{"name":"wp","href":"https:\/\/api.w.org\/{rel}","templated":true}]}}