{"id":1263018,"date":"2026-08-27T02:10:17","date_gmt":"2026-08-27T02:10:17","guid":{"rendered":"https:\/\/www.europesays.com\/de\/1263018\/"},"modified":"2026-08-27T02:10:17","modified_gmt":"2026-08-27T02:10:17","slug":"lebensmittel-bruessel-beanstandet-deutsche-plaene-fuer-tierhaltungslogo","status":"publish","type":"post","link":"https:\/\/www.europesays.com\/de\/1263018\/","title":{"rendered":"Lebensmittel: Br\u00fcssel beanstandet deutsche Pl\u00e4ne f\u00fcr Tierhaltungslogo"},"content":{"rendered":"<p class=\"paragraph article__item\">Die von der schwarz-roten Koalition geplante Einbeziehung ausl\u00e4ndischer Ware in das verpflichtende Tierhaltungslogo f\u00fcr Fleisch auf dem deutschen Markt st\u00f6\u00dft auf Einw\u00e4nde der EU-Kommission. In ihrer jetzigen Form seien die Pl\u00e4ne nicht mit EU-Regeln kompatibel, hei\u00dft es in einer Stellungnahme der Br\u00fcsseler Beh\u00f6rde. Sollte Deutschland sie so umsetzen, k\u00f6nnte ein Strafverfahren drohen. Das Bundesagrarministerium teilte auf Anfrage mit, die Stellungnahme werde derzeit gepr\u00fcft.\u00a0\n<\/p>\n<p>Aktuelles<\/p>\n<p>                <a href=\"https:\/\/www.zeit.de\/wirtschaft\/2026-08\/apple-app-store-regeln-eu-kommission-entwickler-gebuehren\" data-ct-label=\"Digital Markets Act: Apple \u00e4ndert auf Druck der EU Regeln seines App Stores\" data-uuid=\"ffe91ee1-f8c5-4d93-b966-372f686920fb\" rel=\"nofollow noopener\" target=\"_blank\"><\/p>\n<p>                        Digital Markets Act:<br \/>\n                        Apple \u00e4ndert auf Druck der EU Regeln seines App Stores<\/p>\n<p>                <\/a><\/p>\n<p>                <a href=\"https:\/\/www.zeit.de\/politik\/deutschland\/2026-08\/abschlagsfreie-rente-45-jahre-rente-mit-63-rentenpaket-thorsten-frei-gxe\" data-ct-label=\"Abschlagsfreie Rente: Unionsfraktion h\u00e4lt trotz Kritik an Abschaffung der Rente mit 63 fest\" data-uuid=\"5edaa062-b278-4079-8d76-f7e3e2ff551a\" rel=\"nofollow noopener\" target=\"_blank\"><\/p>\n<p>                        Abschlagsfreie Rente:<br \/>\n                        Unionsfraktion h\u00e4lt trotz Kritik an Abschaffung der Rente mit 63 fest<\/p>\n<p>                <\/a><\/p>\n<p>                <a href=\"https:\/\/www.zeit.de\/geld\/2026-08\/aenderung-september-2026-alkoholverbot-bahnhoefe-ki-songs-spotify\" data-ct-label=\"\u00c4nderungen im September 2026: Alkoholverbot an mehreren Bahnh\u00f6fen, Spotify kennzeichnet KI-Songs\" data-uuid=\"c5537080-5e03-4b3a-abc1-a0b33925a050\" rel=\"nofollow noopener\" target=\"_blank\"><\/p>\n<p>                        \u00c4nderungen im September 2026:<br \/>\n                        Alkoholverbot an mehreren Bahnh\u00f6fen, Spotify kennzeichnet KI-Songs<\/p>\n<p>                <\/a><\/p>\n<p class=\"paragraph article__item\">Union und <a class=\"rtr-entity\" href=\"https:\/\/www.zeit.de\/thema\/spd\" rel=\"nofollow noopener\" target=\"_blank\">SPD<\/a> planen mehrere \u00c4nderungen an der 2023 noch von der Ampel-Koalition per Gesetz beschlossenen staatlichen Kennzeichnung. Der Start mit Schweinefleisch wurde deshalb auf Anfang 2027 verschoben. Das Logo soll dann nicht nur in Superm\u00e4rkten, sondern auch in Restaurants kommen. Zudem soll Fleisch aus dem Ausland in die bisher nur f\u00fcr inl\u00e4ndische Erzeugnisse vorgesehene Kennzeichnungspflicht einbezogen werden. Dieser Aspekt wurde wie bei solchen Vorhaben \u00fcblich zur Pr\u00fcfung an die EU-Kommission gegeben.\u00a0\n<\/p>\n<p>                        Zus\u00e4tzlicher Aufwand            <\/p>\n<p class=\"paragraph article__item\">Die Beh\u00f6rde sieht darin in ihrer auf den 11. August datierten Stellungnahme eine Einschr\u00e4nkung des freien Warenverkehrs. Im Gesetzesentwurf sei nicht vorgesehen, dass ausl\u00e4ndische Kennzeichnungssysteme anerkannt werden. Deshalb m\u00fcssten ausl\u00e4ndische Erzeuger k\u00fcnftig nachweisen, dass sie die deutschen Anforderungen erf\u00fcllen &#8211; sonst w\u00fcrde ihr Fleisch mit der niedrigsten Haltungsform \u00abmindestens Stall\u00bb gekennzeichnet. Ein zus\u00e4tzlicher Aufwand.\u00a0\n<\/p>\n<p class=\"paragraph article__item\">Verbraucher k\u00f6nnten deshalb au\u00dferdem nicht immer am Logo die tats\u00e4chlichen Haltungsbedingungen erkennen. Ihnen k\u00f6nnten zudem wichtige Informationen fehlen, wie die Kommission am Beispiel D\u00e4nemark kritisiert: Das Land sei einer der gr\u00f6\u00dften Exporteure von Schweinefleisch nach Deutschland und schreibe \u00abwichtige Beitr\u00e4ge zur Verbesserung des Tierschutzes, wie etwa die Haltung einer gr\u00f6\u00dferen Anzahl von Schweinen mit intakten Schw\u00e4nzen oder die Erh\u00f6hung der Zahl nicht kastrierter Schweine\u00bb, vor. An den deutschen Tierhaltungsstufen sei dies nicht erkennbar.\n<\/p>\n<p>                                    Bundesregierung kann antworten            <\/p>\n<p class=\"paragraph article__item\">Die EU-Kommission kritisiert dar\u00fcber hinaus zus\u00e4tzlichen Verwaltungsaufwand bei Bio-Produkten. Denn um Fleisch aus dem Ausland in Deutschland als biologisch produziert verkaufen zu d\u00fcrfen, w\u00fcrde nicht reichen, dass es bereits in einem anderen EU-Staat als \u00f6kologisch oder biologisch anerkannt wurde. Zus\u00e4tzlich m\u00fcsste auch das deutsche Mitteilungs-, Registrierungs- und R\u00fcckverfolgbarkeitssystem eingehalten werden. Darin sieht die Kommission einen weiteren Versto\u00df gegen EU-Recht.\u00a0\n<\/p>\n<p class=\"paragraph article__item\">Deutschland kann nun auf die Bedenken antworten. Die geplanten \u00c4nderungen d\u00fcrften zudem nicht vor Mitte November beschlossen werden.\u00a0\n<\/p>\n<p class=\"paragraph article__item\">Das geplante Kennzeichnungssystem hat f\u00fcnf Kategorien von der Stufe \u00abStall\u00bb mit den gesetzlichen Mindestanforderungen bis zu \u00abBio\u00bb. Bereits seit 2019 gibt es eine freiwillige Kennzeichnung der Supermarktketten. Sie hat inzwischen die gleichen Stufen und umfasst Fleisch von Schweinen, Rindern und Gefl\u00fcgel.\n<\/p>\n<p class=\"paragraph article__item\">\u00a9 dpa-infocom, dpa:260826-930-587006\/1<\/p>\n","protected":false},"excerpt":{"rendered":"Die von der schwarz-roten Koalition geplante Einbeziehung ausl\u00e4ndischer Ware in das verpflichtende Tierhaltungslogo f\u00fcr Fleisch auf dem deutschen&hellip;\n","protected":false},"author":2,"featured_media":1263019,"comment_status":"","ping_status":"","sticky":false,"template":"","format":"standard","meta":{"footnotes":"","_share_on_mastodon":"0"},"categories":[3933],"tags":[331,332,1095,937,261066,548,663,158,3934,3935,13,44,702,14,15,12,184,261065],"class_list":["post-1263018","post","type-post","status-publish","format-standard","has-post-thumbnail","category-eu","tag-aktuelle-nachrichten","tag-aktuelle-news","tag-ampelkoalition","tag-bruessel","tag-einbeziehung","tag-eu","tag-europa","tag-europaeische-union","tag-europe","tag-european-union","tag-headlines","tag-koalition","tag-lebensmittel","tag-nachrichten","tag-news","tag-schlagzeilen","tag-spd","tag-tierhaltungslogo"],"share_on_mastodon":{"url":"https:\/\/pubeurope.com\/@de\/117165046378192442","error":""},"_links":{"self":[{"href":"https:\/\/www.europesays.com\/de\/wp-json\/wp\/v2\/posts\/1263018","targetHints":{"allow":["GET"]}}],"collection":[{"href":"https:\/\/www.europesays.com\/de\/wp-json\/wp\/v2\/posts"}],"about":[{"href":"https:\/\/www.europesays.com\/de\/wp-json\/wp\/v2\/types\/post"}],"author":[{"embeddable":true,"href":"https:\/\/www.europesays.com\/de\/wp-json\/wp\/v2\/users\/2"}],"replies":[{"embeddable":true,"href":"https:\/\/www.europesays.com\/de\/wp-json\/wp\/v2\/comments?post=1263018"}],"version-history":[{"count":0,"href":"https:\/\/www.europesays.com\/de\/wp-json\/wp\/v2\/posts\/1263018\/revisions"}],"wp:featuredmedia":[{"embeddable":true,"href":"https:\/\/www.europesays.com\/de\/wp-json\/wp\/v2\/media\/1263019"}],"wp:attachment":[{"href":"https:\/\/www.europesays.com\/de\/wp-json\/wp\/v2\/media?parent=1263018"}],"wp:term":[{"taxonomy":"category","embeddable":true,"href":"https:\/\/www.europesays.com\/de\/wp-json\/wp\/v2\/categories?post=1263018"},{"taxonomy":"post_tag","embeddable":true,"href":"https:\/\/www.europesays.com\/de\/wp-json\/wp\/v2\/tags?post=1263018"}],"curies":[{"name":"wp","href":"https:\/\/api.w.org\/{rel}","templated":true}]}}