{"id":1263036,"date":"2026-08-27T02:26:20","date_gmt":"2026-08-27T02:26:20","guid":{"rendered":"https:\/\/www.europesays.com\/de\/1263036\/"},"modified":"2026-08-27T02:26:20","modified_gmt":"2026-08-27T02:26:20","slug":"zwei-vermisste-kinder-an-haltestelle-entdeckt-niedersachsen","status":"publish","type":"post","link":"https:\/\/www.europesays.com\/de\/1263036\/","title":{"rendered":"Zwei vermisste Kinder an Haltestelle entdeckt | Niedersachsen"},"content":{"rendered":"<p>Zwei Kinder verlassen eine Tagesgruppe in Hannover-W\u00fclfel. Mehrere Stunden fehlt von ihnen jede Spur. Die Polizei sucht mit Fotos nach ihnen &#8211; mit Erfolg.<\/p>\n<p id=\"absatz1\" class=\"em_text\">Die zwei vermissten Kinder aus Hannover sind in Lehrte wohlbehalten entdeckt worden. Eine B\u00fcrgerin habe sich am sp\u00e4ten Abend bei der Polizei gemeldet, nachdem sie den Jungen und das M\u00e4dchen an einer Bushaltestelle in Lehrte gesehen hatte, teilte die Polizeidirektion Hannover mit.<\/p>\n<p id=\"absatz2\" class=\"em_text\">Eine Funkstreifenwagenbesatzung traf den siebenj\u00e4hrigen Ali und die zw\u00f6lfj\u00e4hrige Leny dort an und brachte sie zum Polizeikommissariat Lehrte. Dort wurden sie von ihren Erziehungsberechtigten abgeholt, wie es hie\u00df. Die Kinder wurden seit Mittwochnachmittag vermisst. \u201eDie Polizei bedankt sich bei allen, die die Suche unterst\u00fctzt haben\u201d, hie\u00df es gegen Mitternacht.<\/p>\n<p id=\"absatz4\" class=\"em_text\">Die Zw\u00f6lfj\u00e4hrige war den Angaben zufolge in der Vergangenheit bereits mehrfach vermisst worden. Unter anderem wurde sie in Bremen sowie am Flughafen Hannover angetroffen. <\/p>\n","protected":false},"excerpt":{"rendered":"Zwei Kinder verlassen eine Tagesgruppe in Hannover-W\u00fclfel. Mehrere Stunden fehlt von ihnen jede Spur. Die Polizei sucht mit&hellip;\n","protected":false},"author":2,"featured_media":1263037,"comment_status":"","ping_status":"","sticky":false,"template":"","format":"standard","meta":{"footnotes":"","_share_on_mastodon":"0"},"categories":[1836],"tags":[3364,29,30,6513,46,3794,1411,121,5117],"class_list":["post-1263036","post","type-post","status-publish","format-standard","has-post-thumbnail","category-hannover","tag-de","tag-deutschland","tag-germany","tag-haltestelle","tag-hannover","tag-lehrte","tag-niedersachsen","tag-polizei","tag-vermisstenfall"],"share_on_mastodon":{"url":"https:\/\/pubeurope.com\/@de\/117165109242329354","error":""},"_links":{"self":[{"href":"https:\/\/www.europesays.com\/de\/wp-json\/wp\/v2\/posts\/1263036","targetHints":{"allow":["GET"]}}],"collection":[{"href":"https:\/\/www.europesays.com\/de\/wp-json\/wp\/v2\/posts"}],"about":[{"href":"https:\/\/www.europesays.com\/de\/wp-json\/wp\/v2\/types\/post"}],"author":[{"embeddable":true,"href":"https:\/\/www.europesays.com\/de\/wp-json\/wp\/v2\/users\/2"}],"replies":[{"embeddable":true,"href":"https:\/\/www.europesays.com\/de\/wp-json\/wp\/v2\/comments?post=1263036"}],"version-history":[{"count":0,"href":"https:\/\/www.europesays.com\/de\/wp-json\/wp\/v2\/posts\/1263036\/revisions"}],"wp:featuredmedia":[{"embeddable":true,"href":"https:\/\/www.europesays.com\/de\/wp-json\/wp\/v2\/media\/1263037"}],"wp:attachment":[{"href":"https:\/\/www.europesays.com\/de\/wp-json\/wp\/v2\/media?parent=1263036"}],"wp:term":[{"taxonomy":"category","embeddable":true,"href":"https:\/\/www.europesays.com\/de\/wp-json\/wp\/v2\/categories?post=1263036"},{"taxonomy":"post_tag","embeddable":true,"href":"https:\/\/www.europesays.com\/de\/wp-json\/wp\/v2\/tags?post=1263036"}],"curies":[{"name":"wp","href":"https:\/\/api.w.org\/{rel}","templated":true}]}}