{"id":1263091,"date":"2026-08-27T03:00:24","date_gmt":"2026-08-27T03:00:24","guid":{"rendered":"https:\/\/www.europesays.com\/de\/1263091\/"},"modified":"2026-08-27T03:00:24","modified_gmt":"2026-08-27T03:00:24","slug":"auf-langeoog-wohnhaus-von-lale-andersen-aus-bremerhaven-steht-zum-verkauf","status":"publish","type":"post","link":"https:\/\/www.europesays.com\/de\/1263091\/","title":{"rendered":"Auf Langeoog: Wohnhaus von Lale Andersen aus Bremerhaven steht zum Verkauf"},"content":{"rendered":"<p>Refugium an der Nordsee <\/p>\n<p>Strandhaus von Weltber\u00fchmtheit steht zum Verkauf<\/p>\n<p>Aktualisiert am 26.08.2026 &#8211; 18:53 UhrLesedauer: 2 Min.<\/p>\n<p><a href=\"#focus-0\" class=\"transition-colors block text-current relative\" data-sctrack=\"FocusGalleryImage.Reference\"><img fetchpriority=\"high\" data-testid=\"Opener.Image\"   loading=\"eager\" src=\"https:\/\/www.europesays.com\/de\/wp-content\/uploads\/2026\/08\/restaurant-sonnenhof-ehemaliges-haus-von-lale-anderson-auf-langeoog-in-ostfriesland.jpg\" alt=\"Haus Sonnenhof auf Langeoog (Archivfoto): Einst lebte hier eine ber\u00fchmte deutsche Schauspielerin.\" title=\"Haus Sonnenhof auf Langeoog (Archivfoto): Einst lebte hier eine ber\u00fchmte deutsche Schauspielerin.\" width=\"4084\" height=\"2297\" class=\"bg-[url:var(--lqipURL)] bg-cover bg-center flex h-full w-full max-w-full\" style=\"--lqipURL:url('https:\/\/images.t-online.de\/2026\/08\/7Z6uZb8hWAju\/0x195:4084x2297\/fit-in\/150x0\/filters:blur(25)\/restaurant-sonnenhof-ehemaliges-haus-von-lale-anderson-auf-langeoog-in-ostfriesland.jpg')\" decoding=\"async\"\/><img loading=\"lazy\" src=\"https:\/\/bremen.t-online.de\/s\/paper\/_next\/static\/media\/zoom-in.f7dae02f.svg\" alt=\"Vergr\u00f6\u00dfern des Bildes\" title=\"Vergr\u00f6\u00dfern des Bildes\" class=\"block h-[calc(var(--height)_\/_16_*_1rem)] w-[calc(var(--width)_\/_16_*_1rem)] max-w-none absolute right-8 bottom-8 rounded-4 bg-snow p-8\" style=\"--width:32;--height:32\" decoding=\"async\"\/><\/a><\/p>\n<p>Haus Sonnenhof auf Langeoog (Archivfoto): Einst lebte hier eine ber\u00fchmte deutsche Schauspielerin. (Quelle: imago stock&amp;people\/imago)<\/p>\n<p><img loading=\"lazy\" src=\"https:\/\/bremen.t-online.de\/s\/paper\/_next\/static\/media\/audio-volume.6689034c.svg\" alt=\"\" title=\"\" class=\"block h-[calc(var(--height)_\/_16_*_1rem)] w-[calc(var(--width)_\/_16_*_1rem)] max-w-none group-hover:brightness-0 group-hover:invert\" style=\"--width:16;--height:16\" decoding=\"async\"\/>Vorlesen<\/p>\n<p>Aktuelle Zeit:0:00Gesamtdauer:0:00<\/p>\n<p>1x<img loading=\"lazy\" src=\"https:\/\/bremen.t-online.de\/s\/paper\/_next\/static\/media\/font-sizes.32942e33.svg\" alt=\"\" title=\"\" class=\"block h-[calc(var(--height)_\/_16_*_1rem)] w-[calc(var(--width)_\/_16_*_1rem)] max-w-none group-hover:hidden group-aria-expanded:hidden\" style=\"--width:16;--height:16\" decoding=\"async\"\/><img loading=\"lazy\" src=\"https:\/\/bremen.t-online.de\/s\/paper\/_next\/static\/media\/font-sizes-dark-mode.e382645c.svg\" alt=\"\" title=\"\" class=\"block h-[calc(var(--height)_\/_16_*_1rem)] w-[calc(var(--width)_\/_16_*_1rem)] max-w-none hidden group-hover:block group-aria-expanded:block\" style=\"--width:16;--height:16\" decoding=\"async\"\/><img loading=\"lazy\" src=\"https:\/\/bremen.t-online.de\/s\/paper\/_next\/static\/media\/sharing-menu-icon.1eb71368.svg\" alt=\"\" title=\"\" class=\"block h-[calc(var(--height)_\/_16_*_1rem)] w-[calc(var(--width)_\/_16_*_1rem)] max-w-none group-hover:brightness-0 group-hover:invert\" style=\"--width:16;--height:16\" decoding=\"async\"\/>Artikel teilen<\/p>\n<p class=\"font-bold text-18 leading-17 user-text-lg:text-22 user-text-xl:text-24\">Ein reetgedecktes Haus in den D\u00fcnen von Langeoog steht zum Verkauf. Seine Geschichte reicht weit \u00fcber die Insel hinaus.<\/p>\n<p class=\"text-18 leading-17 user-text-lg:text-22 user-text-xl:text-24\">Nur wenige Hundert Meter von der Nordsee entfernt steht auf Langeoog derzeit ein ungew\u00f6hnliches Haus zum Verkauf. Der reetgedeckte &#8222;Sonnenhof&#8220; liegt im Gerk-sin-Spoor, eingebettet in die D\u00fcnenlandschaft der ostfriesischen Insel. Der Kaufpreis wird nur auf Anfrage genannt, hei\u00dft es im Inserat bei &#8222;Immobilienscout24&#8220;.<\/p>\n<p class=\"text-18 leading-17 user-text-lg:text-22 user-text-xl:text-24\">Das Anwesen stammt aus dem Jahr 1950, verf\u00fcgt \u00fcber rund 190 Quadratmeter Wohnfl\u00e4che und steht auf einem etwa 500 Quadratmeter gro\u00dfen Grundst\u00fcck. Doch weder die Lage noch die Ausstattung machen den &#8222;Sonnenhof&#8220; zu einer besonderen Immobilie. Entscheidend ist, wer hier einst lebte.<\/p>\n<p>Einstiger Musikstar zog sich hier zur\u00fcck<\/p>\n<p class=\"text-18 leading-17 user-text-lg:text-22 user-text-xl:text-24\">Die fr\u00fchere Bewohnerin war Lale Andersen. Die 1905 in Bremerhaven als Liese-Lotte Helene Berta Bunnenberg geborene S\u00e4ngerin und Schauspielerin wurde mit ihrer Interpretation von &#8222;Lili Marleen&#8220; international bekannt. Das Lied verbreitete sich w\u00e4hrend des Zweiten Weltkriegs weltweit und machte Andersen zu einer der bekanntesten deutschen S\u00e4ngerinnen ihrer Zeit.<\/p>\n<p><a href=\"#focus-1\" class=\"transition-colors block text-current relative\" data-sctrack=\"FocusGalleryImage.Reference\"><img   loading=\"lazy\" src=\"https:\/\/www.europesays.com\/de\/wp-content\/uploads\/2026\/08\/die-deutsche-saengerin-lale-andersen-deutschland-anfang-1960er-jahre-german-singer-lale-andersen-ger.jpeg\" alt=\"imago 75365862\" title=\"imago 75365862\" width=\"4725\" height=\"2658\" class=\"h-full w-full max-w-full rounded-8\" decoding=\"async\"\/><img loading=\"lazy\" src=\"https:\/\/bremen.t-online.de\/s\/paper\/_next\/static\/media\/zoom-in.f7dae02f.svg\" alt=\"Vergr\u00f6\u00dfern des Bildes\" title=\"Vergr\u00f6\u00dfern des Bildes\" class=\"block h-[calc(var(--height)_\/_16_*_1rem)] w-[calc(var(--width)_\/_16_*_1rem)] max-w-none absolute right-8 bottom-8 rounded-4 bg-snow p-8\" style=\"--width:32;--height:32\" decoding=\"async\"\/>Die deutsche S\u00e4ngerin Lale Andersen in den 60er Jahren: Auf Langeoog hatte sie viele Jahre ihr privates Refugium. (Quelle: imago stock&amp;people\/imago)<\/a><\/p>\n<p class=\"text-18 leading-17 user-text-lg:text-22 user-text-xl:text-24\">Nach dem Krieg zog sie sich zunehmend nach Langeoog zur\u00fcck. Im Gerk-sin-Spoor erwarb sie den Sonnenhof und machte ihn \u00fcber Jahre zu ihrem privaten Refugium. Nach Angaben im Verkaufsangebot entstand auf dem Grundst\u00fcck sp\u00e4ter auch ein eigenes Tonstudio, in dem Andersen weiter k\u00fcnstlerisch arbeitete.<\/p>\n<p class=\"text-18 leading-17 user-text-lg:text-22 user-text-xl:text-24\">Ihre Verbindung zur Insel blieb bis zu ihrem Tod 1972 bestehen. Auf Langeoog erinnert heute ein Denkmal an sie. Beigesetzt wurde Andersen auf dem historischen D\u00fcnenfriedhof, der unmittelbar hinter dem Grundst\u00fcck liegt.<\/p>\n<p><a href=\"#focus-2\" class=\"transition-colors block text-current relative\" data-sctrack=\"FocusGalleryImage.Reference\"><img   loading=\"lazy\" src=\"https:\/\/www.europesays.com\/de\/wp-content\/uploads\/2026\/08\/grab-saengerin-lale-andersen-nordseeinsel-langeoog-ostfriesland-niedersachsen-deutschland-europa-dig.jpeg\" alt=\"imago images 160508506\" title=\"imago images 160508506\" width=\"5126\" height=\"2883\" class=\"h-full w-full max-w-full rounded-8\" decoding=\"async\"\/><img loading=\"lazy\" src=\"https:\/\/bremen.t-online.de\/s\/paper\/_next\/static\/media\/zoom-in.f7dae02f.svg\" alt=\"Vergr\u00f6\u00dfern des Bildes\" title=\"Vergr\u00f6\u00dfern des Bildes\" class=\"block h-[calc(var(--height)_\/_16_*_1rem)] w-[calc(var(--width)_\/_16_*_1rem)] max-w-none absolute right-8 bottom-8 rounded-4 bg-snow p-8\" style=\"--width:32;--height:32\" decoding=\"async\"\/>Grab von Lale Andersen auf Langeoog (Archivfoto): Die S\u00e4ngerin starb 1972. (Quelle: IMAGO\/imageBROKER\/Stephan Gabriel\/imago)<\/a><\/p>\n<p class=\"text-18 leading-17 user-text-lg:text-22 user-text-xl:text-24\">Der Anbieter beschreibt das fr\u00fchere Zuhause der S\u00e4ngerin als &#8222;verborgenes Refugium zwischen D\u00fcnen und Nordsee&#8220;. Bis zum Strand sind es demnach rund 300 Meter. Gr\u00f6\u00dfere touristische Einrichtungen grenzen nicht direkt an das Grundst\u00fcck.<\/p>\n<p>Haus Sonnenhof: Whirpool und Fahrstuhl inklusive<\/p>\n<p class=\"text-18 leading-17 user-text-lg:text-22 user-text-xl:text-24\">Das Haus wurde nach Angaben des Expos\u00e9s zuletzt 2014 modernisiert. Es umfasst vier Zimmer, darunter drei Schlafzimmer, sowie zwei Badezimmer. Zur Ausstattung geh\u00f6ren unter anderem Kamin, Sauna, Whirlpool, eine Designk\u00fcche und ein Fahrstuhl. Zudem wird das Geb\u00e4ude als barrierearm und rollstuhlgerecht beschrieben.<\/p>\n","protected":false},"excerpt":{"rendered":"Refugium an der Nordsee Strandhaus von Weltber\u00fchmtheit steht zum Verkauf Aktualisiert am 26.08.2026 &#8211; 18:53 UhrLesedauer: 2 Min.&hellip;\n","protected":false},"author":2,"featured_media":1263092,"comment_status":"","ping_status":"","sticky":false,"template":"","format":"standard","meta":{"footnotes":"","_share_on_mastodon":"0"},"categories":[1776],"tags":[6703,1801,29,52931,214,30,261071,119953,261072,261073,61431,7292,1802,142148,78477,215],"class_list":["post-1263091","post","type-post","status-publish","format-standard","has-post-thumbnail","category-prominente","tag-bremerhaven","tag-celebrities","tag-deutschland","tag-duene","tag-entertainment","tag-germany","tag-lale-andersen","tag-langeoog","tag-liese-lotte-helene-berta-bunnenberg","tag-lili-marleen","tag-luxusimmobilie","tag-nordsee","tag-prominente","tag-refugium","tag-strandhaus","tag-unterhaltung"],"share_on_mastodon":{"url":"https:\/\/pubeurope.com\/@de\/117165246708479717","error":""},"_links":{"self":[{"href":"https:\/\/www.europesays.com\/de\/wp-json\/wp\/v2\/posts\/1263091","targetHints":{"allow":["GET"]}}],"collection":[{"href":"https:\/\/www.europesays.com\/de\/wp-json\/wp\/v2\/posts"}],"about":[{"href":"https:\/\/www.europesays.com\/de\/wp-json\/wp\/v2\/types\/post"}],"author":[{"embeddable":true,"href":"https:\/\/www.europesays.com\/de\/wp-json\/wp\/v2\/users\/2"}],"replies":[{"embeddable":true,"href":"https:\/\/www.europesays.com\/de\/wp-json\/wp\/v2\/comments?post=1263091"}],"version-history":[{"count":0,"href":"https:\/\/www.europesays.com\/de\/wp-json\/wp\/v2\/posts\/1263091\/revisions"}],"wp:featuredmedia":[{"embeddable":true,"href":"https:\/\/www.europesays.com\/de\/wp-json\/wp\/v2\/media\/1263092"}],"wp:attachment":[{"href":"https:\/\/www.europesays.com\/de\/wp-json\/wp\/v2\/media?parent=1263091"}],"wp:term":[{"taxonomy":"category","embeddable":true,"href":"https:\/\/www.europesays.com\/de\/wp-json\/wp\/v2\/categories?post=1263091"},{"taxonomy":"post_tag","embeddable":true,"href":"https:\/\/www.europesays.com\/de\/wp-json\/wp\/v2\/tags?post=1263091"}],"curies":[{"name":"wp","href":"https:\/\/api.w.org\/{rel}","templated":true}]}}