{"id":1263102,"date":"2026-08-27T03:08:19","date_gmt":"2026-08-27T03:08:19","guid":{"rendered":"https:\/\/www.europesays.com\/de\/1263102\/"},"modified":"2026-08-27T03:08:19","modified_gmt":"2026-08-27T03:08:19","slug":"dfb-lothar-matthaeus-bittet-juergen-klopp-um-neuen-termin-fuer-nominierung","status":"publish","type":"post","link":"https:\/\/www.europesays.com\/de\/1263102\/","title":{"rendered":"DFB: Lothar Matth\u00e4us bittet J\u00fcrgen Klopp um neuen Termin f\u00fcr Nominierung"},"content":{"rendered":"<p>&#8222;W\u00fcrde ihn wirklich bitten&#8220; <\/p>\n<p>Matth\u00e4us kritisiert DFB \u2013 und nimmt Klopp in die Pflicht<\/p>\n<p>26.08.2026 &#8211; 22:55 UhrLesedauer: 2 Min.<\/p>\n<p><a href=\"#focus-0\" class=\"transition-colors block text-current relative\" data-sctrack=\"FocusGalleryImage.Reference\"><img fetchpriority=\"high\" data-testid=\"Opener.Image\"   loading=\"eager\" src=\"https:\/\/www.europesays.com\/de\/wp-content\/uploads\/2026\/08\/trainer-bundestrainer-juergen-klopp-juergen-ger-portraet-portraet-portrait-angeschnittenes-einzelbil.jpeg\" alt=\"imago images 1080381585\" title=\"imago images 1080381585\" width=\"6048\" height=\"3402\" class=\"bg-[url:var(--lqipURL)] bg-cover bg-center flex h-full w-full max-w-full\" style=\"--lqipURL:url('https:\/\/images.t-online.de\/2026\/07\/jatR6VxdA91c\/0x0:6048x3402\/fit-in\/150x0\/filters:blur(25)\/trainer-bundestrainer-juergen-klopp-juergen-ger-portraet-portraet-portrait-angeschnittenes-einzelbild-einzelmotiv-pressekonferenz-des-dfb-zur-vorstellung-von-juergen-klopp-als-neuer-fussball-bundestrainer-dfb-campus-in-frankfurt-am-24-072026-a-national-team-coach-juergen-klopp-ger-portrait-close-up-single-image-single-subject-dfb-press-conference-to-introduce-juergen-klopp-as-the-new-national-soccer-coach-dfb-campus-in-frankfurt-on-july-24-2026-a.jpg')\" decoding=\"async\"\/><img loading=\"lazy\" src=\"https:\/\/www.t-online.de\/s\/paper\/_next\/static\/media\/zoom-in.f7dae02f.svg\" alt=\"Vergr\u00f6\u00dfern des Bildes\" title=\"Vergr\u00f6\u00dfern des Bildes\" class=\"block h-[calc(var(--height)_\/_16_*_1rem)] w-[calc(var(--width)_\/_16_*_1rem)] max-w-none absolute right-8 bottom-8 rounded-4 bg-snow p-8\" style=\"--width:32;--height:32\" decoding=\"async\"\/><\/a><\/p>\n<p>J\u00fcrgen Klopp: Der 59-J\u00e4hrige ist seit Juli Bundestrainer. (Quelle: IMAGO\/Malte Ossowski \/ SVEN SIMON\/imago)<\/p>\n<p><img loading=\"lazy\" src=\"https:\/\/www.t-online.de\/s\/paper\/_next\/static\/media\/audio-volume.6689034c.svg\" alt=\"\" title=\"\" class=\"block h-[calc(var(--height)_\/_16_*_1rem)] w-[calc(var(--width)_\/_16_*_1rem)] max-w-none group-hover:brightness-0 group-hover:invert\" style=\"--width:16;--height:16\" decoding=\"async\"\/>Vorlesen<\/p>\n<p>Aktuelle Zeit:0:00Gesamtdauer:0:00<\/p>\n<p>1x<img loading=\"lazy\" src=\"https:\/\/www.t-online.de\/s\/paper\/_next\/static\/media\/font-sizes.32942e33.svg\" alt=\"\" title=\"\" class=\"block h-[calc(var(--height)_\/_16_*_1rem)] w-[calc(var(--width)_\/_16_*_1rem)] max-w-none group-hover:hidden group-aria-expanded:hidden\" style=\"--width:16;--height:16\" decoding=\"async\"\/><img loading=\"lazy\" src=\"https:\/\/www.t-online.de\/s\/paper\/_next\/static\/media\/font-sizes-dark-mode.e382645c.svg\" alt=\"\" title=\"\" class=\"block h-[calc(var(--height)_\/_16_*_1rem)] w-[calc(var(--width)_\/_16_*_1rem)] max-w-none hidden group-hover:block group-aria-expanded:block\" style=\"--width:16;--height:16\" decoding=\"async\"\/><img loading=\"lazy\" src=\"https:\/\/www.t-online.de\/s\/paper\/_next\/static\/media\/sharing-menu-icon.1eb71368.svg\" alt=\"\" title=\"\" class=\"block h-[calc(var(--height)_\/_16_*_1rem)] w-[calc(var(--width)_\/_16_*_1rem)] max-w-none group-hover:brightness-0 group-hover:invert\" style=\"--width:16;--height:16\" decoding=\"async\"\/>Artikel teilen<\/p>\n<p class=\"font-bold text-18 leading-17 user-text-lg:text-22 user-text-xl:text-24\">Mitte September gibt J\u00fcrgen Klopp erstmals seinen L\u00e4nderspielkader bekannt. Der genaue Termin st\u00f6\u00dft bei einem Ex-Nationalspieler auf Unverst\u00e4ndnis.<\/p>\n<p class=\"text-18 leading-17 user-text-lg:text-22 user-text-xl:text-24\"><a href=\"https:\/\/www.t-online.de\/themen\/lothar-matthaeus\/\" class=\"transition-colors cursor-pointer no-underline md:hover:text-magenta md:focus:text-magenta border-b border-solid border-current text-salemsfur md:hover:border-magenta\" data-tracking=\"{&quot;action&quot;:&quot;click&quot;,&quot;category&quot;:&quot;intextLink&quot;,&quot;label&quot;:&quot;\/themen\/lothar-matthaeus\/&quot;}\" data-sctrack=\"BodyAnchor\" rel=\"nofollow noopener\" target=\"_blank\">Lothar Matth\u00e4us<\/a> hat Kritik an dem Datum der kommenden Kadernominierung des DFB ge\u00fcbt. Am 17. September, einem Donnerstag, gibt der neue Bundestrainer J\u00fcrgen Klopp sein Aufgebot f\u00fcr die ersten vier Partien der Nations League bekannt. Den Zeitpunkt der Verk\u00fcndung von Klopps erstem Kader h\u00e4lt Matth\u00e4us f\u00fcr ung\u00fcnstig.<\/p>\n<p class=\"text-18 leading-17 user-text-lg:text-22 user-text-xl:text-24\">&#8222;Es macht etwas mit der Psyche eines Spielers, wenn man vor einer wichtigen Partie danach gefragt wird&#8220;, sagte der deutsche Rekordnationalspieler dem Pay-TV-Sender Sky. Worauf Matth\u00e4us anspielt: An Donnerstagen sind viele DFB-Spieler noch in der Europa- oder der Conference League im Einsatz. Laut Matth\u00e4us k\u00f6nnten sie in ihrer Konzentration gest\u00f6rt werden, selbst wenn sie bereits vor der Partie vom Bundestrainer \u00fcber eine Nominierung informiert werden.<\/p>\n<p>&#8222;Der DFB wollte doch jeden Stein umdrehen&#8220;<\/p>\n<p class=\"text-18 leading-17 user-text-lg:text-22 user-text-xl:text-24\">Matth\u00e4us&#8216; Kritik richtet sich in diesem Zusammenhang auch deutlich gegen den <a href=\"https:\/\/www.t-online.de\/themen\/dfb\/\" class=\"transition-colors cursor-pointer no-underline md:hover:text-magenta md:focus:text-magenta border-b border-solid border-current text-salemsfur md:hover:border-magenta\" data-tracking=\"{&quot;action&quot;:&quot;click&quot;,&quot;category&quot;:&quot;intextLink&quot;,&quot;label&quot;:&quot;\/themen\/dfb\/&quot;}\" data-sctrack=\"BodyAnchor\" rel=\"nofollow noopener\" target=\"_blank\">DFB<\/a>. Schon Klopps Vorg\u00e4nger <a href=\"https:\/\/www.t-online.de\/themen\/julian-nagelsmann\/\" class=\"transition-colors cursor-pointer no-underline md:hover:text-magenta md:focus:text-magenta border-b border-solid border-current text-salemsfur md:hover:border-magenta\" data-tracking=\"{&quot;action&quot;:&quot;click&quot;,&quot;category&quot;:&quot;intextLink&quot;,&quot;label&quot;:&quot;\/themen\/julian-nagelsmann\/&quot;}\" data-sctrack=\"BodyAnchor\" rel=\"nofollow noopener\" target=\"_blank\">Julian Nagelsmann<\/a> hatte seine Kader donnerstags ver\u00f6ffentlicht. Dass der Verband bei der Praxis bleibt, kann der 65-J\u00e4hrige nicht verstehen.<\/p>\n<p><a href=\"#focus-1\" class=\"transition-colors block text-current relative\" data-sctrack=\"FocusGalleryImage.Reference\"><img   loading=\"lazy\" src=\"https:\/\/www.europesays.com\/de\/wp-content\/uploads\/2026\/08\/lothar-matthaeus-looks-on-during-the-uefa-conference-league-final-2026-match-between-crystal-palace-.jpeg\" alt=\"imago images 1077968631\" title=\"imago images 1077968631\" width=\"8256\" height=\"4644\" class=\"h-full w-full max-w-full rounded-8\" decoding=\"async\"\/><img loading=\"lazy\" src=\"https:\/\/www.t-online.de\/s\/paper\/_next\/static\/media\/zoom-in.f7dae02f.svg\" alt=\"Vergr\u00f6\u00dfern des Bildes\" title=\"Vergr\u00f6\u00dfern des Bildes\" class=\"block h-[calc(var(--height)_\/_16_*_1rem)] w-[calc(var(--width)_\/_16_*_1rem)] max-w-none absolute right-8 bottom-8 rounded-4 bg-snow p-8\" style=\"--width:32;--height:32\" decoding=\"async\"\/>Lothar Matth\u00e4us: Der ehemalige Mittelfeldspieler wurde 1990 mit Deutschland Weltmeister. (Quelle: IMAGO\/DeFodi.de\/imago)<\/a><\/p>\n<p class=\"text-18 leading-17 user-text-lg:text-22 user-text-xl:text-24\">&#8222;Der DFB wollte doch jeden Stein umdrehen. Das w\u00e4re aus meiner Sicht einer dieser Steine gewesen&#8220;, wurde Matth\u00e4us deutlich und nahm auch den neuen DFB-Coach in die Pflicht: &#8222;Ich w\u00fcrde <a href=\"https:\/\/www.t-online.de\/themen\/juergen-klopp\/\" class=\"transition-colors cursor-pointer no-underline md:hover:text-magenta md:focus:text-magenta border-b border-solid border-current text-salemsfur md:hover:border-magenta\" data-tracking=\"{&quot;action&quot;:&quot;click&quot;,&quot;category&quot;:&quot;intextLink&quot;,&quot;label&quot;:&quot;\/themen\/juergen-klopp\/&quot;}\" data-sctrack=\"BodyAnchor\" rel=\"nofollow noopener\" target=\"_blank\">J\u00fcrgen Klopp<\/a> wirklich bitten, die Nominierungen k\u00fcnftig an einem Freitagvormittag oder Mittag zu machen.&#8220;<\/p>\n<p class=\"text-18 leading-17 user-text-lg:text-22 user-text-xl:text-24\">Klopp hatte das Amt von Nagelsmann nach der verkorksten WM in den USA, Kanada und Mexiko \u00fcbernommen. Der ehemalige Trainer von <a href=\"https:\/\/www.t-online.de\/themen\/borussia-dortmund\/\" class=\"transition-colors cursor-pointer no-underline md:hover:text-magenta md:focus:text-magenta border-b border-solid border-current text-salemsfur md:hover:border-magenta\" data-tracking=\"{&quot;action&quot;:&quot;click&quot;,&quot;category&quot;:&quot;intextLink&quot;,&quot;label&quot;:&quot;\/themen\/borussia-dortmund\/&quot;}\" data-sctrack=\"BodyAnchor\" rel=\"nofollow noopener\" target=\"_blank\">Borussia Dortmund<\/a> und dem <a href=\"https:\/\/www.t-online.de\/themen\/fc-liverpool\/\" class=\"transition-colors cursor-pointer no-underline md:hover:text-magenta md:focus:text-magenta border-b border-solid border-current text-salemsfur md:hover:border-magenta\" data-tracking=\"{&quot;action&quot;:&quot;click&quot;,&quot;category&quot;:&quot;intextLink&quot;,&quot;label&quot;:&quot;\/themen\/fc-liverpool\/&quot;}\" data-sctrack=\"BodyAnchor\" rel=\"nofollow noopener\" target=\"_blank\">FC Liverpool<\/a> startet am 24. September mit einem Ausw\u00e4rtsspiel in Amsterdam gegen die Niederlage in seine neue Aufgabe.<\/p>\n","protected":false},"excerpt":{"rendered":"&#8222;W\u00fcrde ihn wirklich bitten&#8220; Matth\u00e4us kritisiert DFB \u2013 und nimmt Klopp in die Pflicht 26.08.2026 &#8211; 22:55 UhrLesedauer:&hellip;\n","protected":false},"author":2,"featured_media":1263103,"comment_status":"","ping_status":"","sticky":false,"template":"","format":"standard","meta":{"footnotes":"","_share_on_mastodon":"0"},"categories":[136],"tags":[21670,29,481,30,2602,4665,7603,265,219258],"class_list":["post-1263102","post","type-post","status-publish","format-standard","has-post-thumbnail","category-sport","tag-bundestrainer","tag-deutschland","tag-dfb","tag-germany","tag-julian-nagelsmann","tag-juergen-klopp","tag-lothar-matthaeus","tag-sport","tag-wm-kader"],"share_on_mastodon":{"url":"https:\/\/pubeurope.com\/@de\/117165276779997207","error":""},"_links":{"self":[{"href":"https:\/\/www.europesays.com\/de\/wp-json\/wp\/v2\/posts\/1263102","targetHints":{"allow":["GET"]}}],"collection":[{"href":"https:\/\/www.europesays.com\/de\/wp-json\/wp\/v2\/posts"}],"about":[{"href":"https:\/\/www.europesays.com\/de\/wp-json\/wp\/v2\/types\/post"}],"author":[{"embeddable":true,"href":"https:\/\/www.europesays.com\/de\/wp-json\/wp\/v2\/users\/2"}],"replies":[{"embeddable":true,"href":"https:\/\/www.europesays.com\/de\/wp-json\/wp\/v2\/comments?post=1263102"}],"version-history":[{"count":0,"href":"https:\/\/www.europesays.com\/de\/wp-json\/wp\/v2\/posts\/1263102\/revisions"}],"wp:featuredmedia":[{"embeddable":true,"href":"https:\/\/www.europesays.com\/de\/wp-json\/wp\/v2\/media\/1263103"}],"wp:attachment":[{"href":"https:\/\/www.europesays.com\/de\/wp-json\/wp\/v2\/media?parent=1263102"}],"wp:term":[{"taxonomy":"category","embeddable":true,"href":"https:\/\/www.europesays.com\/de\/wp-json\/wp\/v2\/categories?post=1263102"},{"taxonomy":"post_tag","embeddable":true,"href":"https:\/\/www.europesays.com\/de\/wp-json\/wp\/v2\/tags?post=1263102"}],"curies":[{"name":"wp","href":"https:\/\/api.w.org\/{rel}","templated":true}]}}