{"id":1263114,"date":"2026-08-27T03:14:23","date_gmt":"2026-08-27T03:14:23","guid":{"rendered":"https:\/\/www.europesays.com\/de\/1263114\/"},"modified":"2026-08-27T03:14:23","modified_gmt":"2026-08-27T03:14:23","slug":"vor-u20-wm-der-frauen-fifa-verkuendet-ende-des-uefa-boykotts","status":"publish","type":"post","link":"https:\/\/www.europesays.com\/de\/1263114\/","title":{"rendered":"Vor U20-WM der Frauen: FIFA verk\u00fcndet Ende des UEFA-Boykotts"},"content":{"rendered":"<p>Vor U20-WM der FrauenFIFA verk\u00fcndet Ende des UEFA-Boykotts<\/p>\n<p>Artikel anh\u00f6ren (03:44 min)<\/p>\n<p>26.08.2026 | 19:28 Uhr <\/p>\n<p>Im Kampf gegen FIFA-Pr\u00e4sident Gianni Infantino macht die UEFA nun einen R\u00fcckzug. Der angedrohte WM-Boykott ist vom Tisch. Das verk\u00fcndet die UEFA jedoch nicht selbst &#8211; sondern die FIFA greift mit einer Bekanntgabe vor.<\/p>\n<p class=\"Typography_text-default__P3otY Typography_weight-normal__pqUbH StorylineParagraph_p__4mkZU\">Die UEFA hat noch gar nicht offiziell verk\u00fcndet, dass sie ihre Boykott-Drohung zur\u00fcckzieht, da greift der Fu\u00dfball-Weltverband vor. Die FIFA hat mit Blick auf die am 5. September startende U20-Weltmeisterschaft der Frauen verk\u00fcndet: &#8222;Die FIFA freut sich, dass alle qualifizierten Mannschaften an der bevorstehenden FIFA U-20-Frauen-Weltmeisterschaft teilnehmen werden. Die FIFA ist fest davon \u00fcberzeugt, dass Fu\u00dfball die Kraft hat, Menschen zu vereinen &#8211; selbst unter schwierigen Umst\u00e4nden &#8211; und freut sich darauf, alle Mannschaften und Spielerinnen in Polen willkommen zu hei\u00dfen.&#8220;<\/p>\n<p class=\"Typography_text-default__P3otY Typography_weight-normal__pqUbH StorylineParagraph_p__4mkZU\">Damit reagierte die FIFA auf die Nachricht, dass der europ\u00e4ische Verband vom angedrohten Boykott bei anstehenden FIFA-Turnieren Abstand nimmt. Das hatte der &#8222;Guardian&#8220; berichtet. Der Boykott war nach den inzwischen gescheiterten Investorenpl\u00e4nen von FIFA-Pr\u00e4sident Gianni Infantino angek\u00fcndigt worden. Mit einer offiziellen Verk\u00fcndung wird am morgigen Donnerstag nach einem Treffen der Nationalverb\u00e4nde gerechnet. Dann findet in Monte-Carlo die Auslosung der Champions-League-Gruppenphase statt.<\/p>\n<p>Polnischer Verband sieht &#8222;wichtigen Meilenstein&#8220;<\/p>\n<p class=\"Typography_text-default__P3otY Typography_weight-normal__pqUbH StorylineParagraph_p__4mkZU\">Das U20-Turnier ist die erste WM, nachdem Infantino seine Pl\u00e4ne, Teile der Weltmeisterschaften kommerziell zu vermarkten, bekannt gegeben hatte. Auf Anfrage von ntv.de hatte sich die UEFA nicht ge\u00e4u\u00dfert. Der polnische Fu\u00dfballverband hatte dagegen mitgeteilt: F\u00fcr das Turnier &#8222;liegen dem polnischen Fu\u00dfballverband (PZPN) keine Informationen \u00fcber einen m\u00f6glichen R\u00fcckzug einer teilnehmenden Mannschaft aus dem Turnier vor&#8220;. <\/p>\n<p class=\"Typography_text-default__P3otY Typography_weight-normal__pqUbH StorylineParagraph_p__4mkZU\">Ein Verbandssprecher hatte ntv.de mitgeteilt:  &#8222;Unsere Priorit\u00e4t bleibt es, die bestm\u00f6glichen Bedingungen f\u00fcr den Wettbewerb und f\u00fcr alle teilnehmenden Mannschaften zu gew\u00e4hrleisten. F\u00fcr viele dieser jungen Spielerinnen stellt dieses Turnier einen wichtigen Meilenstein in ihrer sportlichen Karriere dar, und wir konzentrieren uns weiterhin voll und ganz darauf, eine Veranstaltung auf die Beine zu stellen, die ihrem Talent und ihrem Engagement gerecht wird.&#8220;<\/p>\n<p><img decoding=\"async\" src=\"https:\/\/www.europesays.com\/de\/wp-content\/uploads\/2026\/08\/1787800463_344_image.webp\" alt=\"Video poster\"\/>Watzke zur FIFA: &#8222;So etwas kann man nicht im stillen K\u00e4mmerlein machen&#8220;FIFA preist &#8222;engen Dialog&#8220;<\/p>\n<p class=\"Typography_text-default__P3otY Typography_weight-normal__pqUbH StorylineParagraph_p__4mkZU\">Trotz allem werde der Protest gegen den umstrittenen F\u00fchrungsstil Infantinos fortgesetzt, versicherten Personen aus dem UEFA-Umfeld. Ein Gegenkandidat f\u00fcr die Pr\u00e4sidentschaftswahlen wird von der Infantino-Opposition derzeit gesucht. UEFA-Pr\u00e4sident Aleksander Ceferin hatte seine eigene Kandidatur ausgeschlossen. <\/p>\n<p class=\"Typography_text-default__P3otY Typography_weight-normal__pqUbH StorylineParagraph_p__4mkZU\">Der Kontinentalverband wollte sich zusichern lassen, dass es nie wieder zu Versuchen kommen d\u00fcrfe, den Sport auf diese Weise zu verzerren, wie die UEFA mitgeteilt hatte. Entsprechende Garantien habe man nun erhalten. Nach dem Bekanntwerden der inzwischen zur\u00fcckgenommenen Pl\u00e4ne \u00fcber die Einbindung von privaten Investoren f\u00fcr zuk\u00fcnftige WM-Gesch\u00e4fte hatten die 55 Mitgliedsverb\u00e4nde der UEFA mit einem Boykott aller Wettbewerbe des Weltverbands FIFA gedroht.<\/p>\n<p class=\"Typography_text-default__P3otY Typography_weight-normal__pqUbH StorylineParagraph_p__4mkZU\">Die FIFA \u00e4u\u00dferte sich nicht konkret zur Aufgabe des UEFA-Boykotts. Sie teilte aber mit: &#8222;Wir setzen uns weiterhin daf\u00fcr ein, Wege zu finden, um die weltweite Entwicklung des Fu\u00dfballs durch unsere Wettbewerbe, das FIFA-Forward-Programm und unsere verschiedenen anderen Initiativen weiter zu f\u00f6rdern, und stehen dabei in engem Dialog mit den einzelnen Konf\u00f6derationen und Interessengruppen.&#8220;<\/p>\n<p>Verwendete Quellen: ntv.de, ara<\/p>\n","protected":false},"excerpt":{"rendered":"Vor U20-WM der FrauenFIFA verk\u00fcndet Ende des UEFA-Boykotts Artikel anh\u00f6ren (03:44 min) 26.08.2026 | 19:28 Uhr Im Kampf&hellip;\n","protected":false},"author":2,"featured_media":1263115,"comment_status":"","ping_status":"","sticky":false,"template":"","format":"standard","meta":{"footnotes":"","_share_on_mastodon":"0"},"categories":[5],"tags":[5695,347,5696,13,14,15,12,10,8,9,11,1681],"class_list":["post-1263114","post","type-post","status-publish","format-standard","has-post-thumbnail","category-nachrichten","tag-fifa","tag-fussball","tag-gianni-infantino","tag-headlines","tag-nachrichten","tag-news","tag-schlagzeilen","tag-top-news","tag-top-meldungen","tag-topmeldungen","tag-topnews","tag-uefa"],"share_on_mastodon":{"url":"https:\/\/pubeurope.com\/@de\/117165299616421485","error":""},"_links":{"self":[{"href":"https:\/\/www.europesays.com\/de\/wp-json\/wp\/v2\/posts\/1263114","targetHints":{"allow":["GET"]}}],"collection":[{"href":"https:\/\/www.europesays.com\/de\/wp-json\/wp\/v2\/posts"}],"about":[{"href":"https:\/\/www.europesays.com\/de\/wp-json\/wp\/v2\/types\/post"}],"author":[{"embeddable":true,"href":"https:\/\/www.europesays.com\/de\/wp-json\/wp\/v2\/users\/2"}],"replies":[{"embeddable":true,"href":"https:\/\/www.europesays.com\/de\/wp-json\/wp\/v2\/comments?post=1263114"}],"version-history":[{"count":0,"href":"https:\/\/www.europesays.com\/de\/wp-json\/wp\/v2\/posts\/1263114\/revisions"}],"wp:featuredmedia":[{"embeddable":true,"href":"https:\/\/www.europesays.com\/de\/wp-json\/wp\/v2\/media\/1263115"}],"wp:attachment":[{"href":"https:\/\/www.europesays.com\/de\/wp-json\/wp\/v2\/media?parent=1263114"}],"wp:term":[{"taxonomy":"category","embeddable":true,"href":"https:\/\/www.europesays.com\/de\/wp-json\/wp\/v2\/categories?post=1263114"},{"taxonomy":"post_tag","embeddable":true,"href":"https:\/\/www.europesays.com\/de\/wp-json\/wp\/v2\/tags?post=1263114"}],"curies":[{"name":"wp","href":"https:\/\/api.w.org\/{rel}","templated":true}]}}