{"id":1263125,"date":"2026-08-27T03:21:15","date_gmt":"2026-08-27T03:21:15","guid":{"rendered":"https:\/\/www.europesays.com\/de\/1263125\/"},"modified":"2026-08-27T03:21:15","modified_gmt":"2026-08-27T03:21:15","slug":"borussia-moenchengladbach-gladbach-fans-auf-protest-tour-sport","status":"publish","type":"post","link":"https:\/\/www.europesays.com\/de\/1263125\/","title":{"rendered":"Borussia M\u00f6nchengladbach: Gladbach-Fans auf Protest-Tour! | Sport"},"content":{"rendered":"<p><a class=\"skip-content skip-content--link\" href=\"#in-content-skip-link-target-v-0-0\">TTS-Player \u00fcberspringen\u21b5<\/a><a id=\"in-content-skip-link-target-v-0-0\" class=\"skip-content--target-link-hidden skip-content skip-content--target-link\" href=\"#in-content-skip-link-target-v-0-0\">Artikel weiterlesen<\/a><\/p>\n<p data-21134c99=\"0-1956\"><b>Samstag (15.30 Uhr, Sky\/RTL) startet Gladbach mit dem Ausw\u00e4rtsspiel bei RB Leipzig in die neue Bundesliga-Saison. F\u00fcr die Fohlen-Fans die Partie, bei der im Vorfeld wohl die wenigste Begeisterung aufkommt. Und bei der sicherlich wieder zum Protest gegen das \u201everhasste Konstrukt, das im Widerspruch zu allen Werten und \u00dcberzeugungen\u201c der Ultras steht, aufgerufen wird.<\/b><\/p>\n<p data-21134c99=\"0-1956\">Fast schon traditionell ist, dass in den ersten 19 Minuten die eigene Mannschaft nicht wie sonst \u00fcblich angefeuert wird. Sondern mit Trillerpfeifen die Nerven der Zuschauer im Stadion und am Fernseher strapaziert werden. Da aber nach den Erfahrungen der letzten Jahre gerade bei den Spielen von Leipzig gegen Borussia am Einlass des Leipziger Stadions vermehrt auf Trillerpfeifen kontrolliert wird, hatte sich Gladbachs \u201eFPMG Supporters Club\u201c (die Dachorganisation der organisierten Fans) bereits beim letzten Aufeinandertreffen im April 2026 etwas Neues ausgedacht: Die Fohlen-Anh\u00e4nger sollten im Stadion die Verkaufsbuden meiden und auf das Bier und die Wurst verzichten. Nach dem Motto: Hungern gegen den Kommerz. In dem an die mitgereisten Fans gerichteten Aufruf hie\u00df es: \u201eW\u00e4hrend der Erwerb einer Eintrittskarte unumg\u00e4nglich ist, um den Protest gegen RB und die Unterst\u00fctzung unseres Vereins zu erm\u00f6glichen, sollte auf den Konsum von Speisen und Getr\u00e4nken im Stadion verzichtet werden. Jeder weitere Euro, der direkt oder indirekt an RB geht, ist kontraproduktiv.\u201c<\/p>\n<p data-21134c99=\"0-1956\">Auf den Stadionbesuch verzichten werden aber nur die wenigsten Anh\u00e4nger, die \u201eProtest-Tour\u201c geh\u00f6rt f\u00fcr viele offenbar schon dazu. Nach BILD-Infos ist das Gladbach-Kontingent von 4800 Tickets so gut wie weg. Am Mittwoch gab es nur noch 100 Restkarten. Insgesamt rechnet Borussia beim ersten Ausw\u00e4rtsspiel sogar mit rund 5000 eigenen Anh\u00e4ngern. Beim \u201eBier-und-Wurst-Boykott\u201d in der letzten Bundesliga-Saison waren sogar rund 5500 Gladbach-Fans im Stadion \u2013 und das 4800-Karten-Kontingent war komplett vergriffen.<\/p>\n","protected":false},"excerpt":{"rendered":"TTS-Player \u00fcberspringen\u21b5Artikel weiterlesen Samstag (15.30 Uhr, Sky\/RTL) startet Gladbach mit dem Ausw\u00e4rtsspiel bei RB Leipzig in die neue&hellip;\n","protected":false},"author":2,"featured_media":1263126,"comment_status":"","ping_status":"","sticky":false,"template":"","format":"standard","meta":{"footnotes":"","_share_on_mastodon":"0"},"categories":[1849],"tags":[815,3364,29,538,548,663,3934,1002,30,13,4455,14,15,1209,1655,12,819,10439],"class_list":["post-1263125","post","type-post","status-publish","format-standard","has-post-thumbnail","category-moenchengladbach","tag-borussia-moenchengladbach","tag-de","tag-deutschland","tag-erste-bundesliga","tag-eu","tag-europa","tag-europe","tag-fans","tag-germany","tag-headlines","tag-moenchengladbach","tag-nachrichten","tag-news","tag-nordrhein-westfalen","tag-rb-leipzig","tag-schlagzeilen","tag-sport-leuchtturm-essen","tag-ultras"],"share_on_mastodon":{"url":"https:\/\/pubeurope.com\/@de\/117165325327579133","error":""},"_links":{"self":[{"href":"https:\/\/www.europesays.com\/de\/wp-json\/wp\/v2\/posts\/1263125","targetHints":{"allow":["GET"]}}],"collection":[{"href":"https:\/\/www.europesays.com\/de\/wp-json\/wp\/v2\/posts"}],"about":[{"href":"https:\/\/www.europesays.com\/de\/wp-json\/wp\/v2\/types\/post"}],"author":[{"embeddable":true,"href":"https:\/\/www.europesays.com\/de\/wp-json\/wp\/v2\/users\/2"}],"replies":[{"embeddable":true,"href":"https:\/\/www.europesays.com\/de\/wp-json\/wp\/v2\/comments?post=1263125"}],"version-history":[{"count":0,"href":"https:\/\/www.europesays.com\/de\/wp-json\/wp\/v2\/posts\/1263125\/revisions"}],"wp:featuredmedia":[{"embeddable":true,"href":"https:\/\/www.europesays.com\/de\/wp-json\/wp\/v2\/media\/1263126"}],"wp:attachment":[{"href":"https:\/\/www.europesays.com\/de\/wp-json\/wp\/v2\/media?parent=1263125"}],"wp:term":[{"taxonomy":"category","embeddable":true,"href":"https:\/\/www.europesays.com\/de\/wp-json\/wp\/v2\/categories?post=1263125"},{"taxonomy":"post_tag","embeddable":true,"href":"https:\/\/www.europesays.com\/de\/wp-json\/wp\/v2\/tags?post=1263125"}],"curies":[{"name":"wp","href":"https:\/\/api.w.org\/{rel}","templated":true}]}}