{"id":1263147,"date":"2026-08-27T03:36:18","date_gmt":"2026-08-27T03:36:18","guid":{"rendered":"https:\/\/www.europesays.com\/de\/1263147\/"},"modified":"2026-08-27T03:36:18","modified_gmt":"2026-08-27T03:36:18","slug":"was-man-zur-partiellen-mondfinsternis-wissen-muss","status":"publish","type":"post","link":"https:\/\/www.europesays.com\/de\/1263147\/","title":{"rendered":"Was man zur partiellen Mondfinsternis wissen muss"},"content":{"rendered":"<p>Himmelsspektakel am 28. August <\/p>\n<p>Was man zur partiellen Mondfinsternis wissen muss<\/p>\n<p>Aktualisiert am 27.08.2026 &#8211; 05:00 UhrLesedauer: 2 Min.<\/p>\n<p><a href=\"#focus-0\" class=\"transition-colors block text-current relative\" data-sctrack=\"FocusGalleryImage.Reference\"><img fetchpriority=\"high\" data-testid=\"Opener.Image\"   loading=\"eager\" src=\"https:\/\/www.europesays.com\/de\/wp-content\/uploads\/2026\/08\/am-28-august-kommt-es-zu-einer-partiellen-mondfinsternis-symbolbild.jpg\" alt=\"Partielle Mondfinsternis\" title=\"Partielle Mondfinsternis\" width=\"2048\" height=\"1152\" class=\"bg-[url:var(--lqipURL)] bg-cover bg-center flex h-full w-full max-w-full\" style=\"--lqipURL:url('https:\/\/images.t-online.de\/2026\/08\/YWdZOmgaoh9v\/0x140:2048x1152\/fit-in\/150x0\/filters:blur(25)\/am-28-august-kommt-es-zu-einer-partiellen-mondfinsternis-symbolbild.jpg')\" decoding=\"async\"\/><img loading=\"lazy\" src=\"https:\/\/bochum.t-online.de\/s\/paper\/_next\/static\/media\/zoom-in.f7dae02f.svg\" alt=\"Vergr\u00f6\u00dfern des Bildes\" title=\"Vergr\u00f6\u00dfern des Bildes\" class=\"block h-[calc(var(--height)_\/_16_*_1rem)] w-[calc(var(--width)_\/_16_*_1rem)] max-w-none absolute right-8 bottom-8 rounded-4 bg-snow p-8\" style=\"--width:32;--height:32\" decoding=\"async\"\/><\/a><\/p>\n<p>Am 28. August kommt es zu einer partiellen Mondfinsternis. (Symbolbild) (Quelle: K.M. Chaudary\/AP\/dpa\/dpa-bilder)<\/p>\n<p><img loading=\"lazy\" src=\"https:\/\/bochum.t-online.de\/s\/paper\/_next\/static\/media\/audio-volume.6689034c.svg\" alt=\"\" title=\"\" class=\"block h-[calc(var(--height)_\/_16_*_1rem)] w-[calc(var(--width)_\/_16_*_1rem)] max-w-none group-hover:brightness-0 group-hover:invert\" style=\"--width:16;--height:16\" decoding=\"async\"\/>Vorlesen<\/p>\n<p>Aktuelle Zeit:0:00Gesamtdauer:0:00<\/p>\n<p>1x<img loading=\"lazy\" src=\"https:\/\/bochum.t-online.de\/s\/paper\/_next\/static\/media\/font-sizes.32942e33.svg\" alt=\"\" title=\"\" class=\"block h-[calc(var(--height)_\/_16_*_1rem)] w-[calc(var(--width)_\/_16_*_1rem)] max-w-none group-hover:hidden group-aria-expanded:hidden\" style=\"--width:16;--height:16\" decoding=\"async\"\/><img loading=\"lazy\" src=\"https:\/\/bochum.t-online.de\/s\/paper\/_next\/static\/media\/font-sizes-dark-mode.e382645c.svg\" alt=\"\" title=\"\" class=\"block h-[calc(var(--height)_\/_16_*_1rem)] w-[calc(var(--width)_\/_16_*_1rem)] max-w-none hidden group-hover:block group-aria-expanded:block\" style=\"--width:16;--height:16\" decoding=\"async\"\/><img loading=\"lazy\" src=\"https:\/\/bochum.t-online.de\/s\/paper\/_next\/static\/media\/sharing-menu-icon.1eb71368.svg\" alt=\"\" title=\"\" class=\"block h-[calc(var(--height)_\/_16_*_1rem)] w-[calc(var(--width)_\/_16_*_1rem)] max-w-none group-hover:brightness-0 group-hover:invert\" style=\"--width:16;--height:16\" decoding=\"async\"\/>Artikel teilen<\/p>\n<p class=\"font-bold text-18 leading-17 user-text-lg:text-22 user-text-xl:text-24\">Am Freitagmorgen kommt es zu einer partiellen Mondfinsternis. Was dabei passiert, wann genau sie in Nordrhein-Westfalen stattfindet und warum eine Kaltfront die Beobachtung erschweren k\u00f6nnte.<\/p>\n<p class=\"text-18 leading-17 user-text-lg:text-22 user-text-xl:text-24\">Nach der spektakul\u00e4ren Sonnenfinsternis am 12. August steht f\u00fcr Astronomie-Begeisterte bereits das n\u00e4chste Himmelsereignis an: Am fr\u00fchen Freitagmorgen kommt es zu einer partiellen Mondfinsternis. Aber was genau passiert dabei, wann beginnt die Mondfinsternis und wann endet sie? Und warum k\u00f6nnte es in Nordrhein-Westfalen schwierig werden, sie zu beobachten?<\/p>\n<p>Was ist eine Mondfinsternis?<\/p>\n<p class=\"text-18 leading-17 user-text-lg:text-22 user-text-xl:text-24\">Bei einer Mondfinsternis wandere der Mond durch den Schatten, den die von der Sonne angeleuchtete Erde ins Weltall werfe, erkl\u00e4rte Nicole Sehrig von der Sternwarte Bochum. Das sei nur dann m\u00f6glich, wenn die Sonne, die Erde und der (Voll-)Mond in einer Ebene st\u00fcnden. <\/p>\n<p>Was ist eine partielle Mondfinsternis?<\/p>\n<p class=\"text-18 leading-17 user-text-lg:text-22 user-text-xl:text-24\">Weil er dieses Mal nicht ganz auf einer Linie mit Sonne und Erde, also nicht komplett im Kernschatten liege, bleibe ein kleiner Teil des Mondes frei, sagte Sehrig. Demnach handelt es sich um eine partielle und keine totale Mondfinsternis. Rund 93,5 Prozent des Mondes l\u00e4gen im Kernschatten.<\/p>\n<p>Wann ist die Mondfinsternis zu beobachten?<\/p>\n<p class=\"text-18 leading-17 user-text-lg:text-22 user-text-xl:text-24\">Sichtbar ist die Mondfinsternis am Freitagmorgen in Nordrhein-Westfalen laut Sehrig ab 4.33 Uhr; ihr Maximum erreicht sie um 6.12 Uhr. Weil der Mond gegen 6.45 Uhr untergehe, sei das Spektakel sp\u00e4testens dann vorbei.<\/p>\n<p class=\"text-18 leading-17 user-text-lg:text-22 user-text-xl:text-24\">Wer sich eine Mondfinsternis anschauen wolle, brauche vor allem eine freie Sicht gen S\u00fcdwesten: &#8222;Je freier die Sicht, desto l\u00e4nger kann man beobachten&#8220;, erkl\u00e4rte Sehrig. Das sei am fr\u00fchen Freitagmorgen in Nordrhein-Westfalen aber leider eher schwierig, berichtete ein Meteorologe vom Deutschen Wetterdienst (DWD). Wegen einer Kaltfront sei der Himmel \u00fcber dem Bundesland zu diesem Zeitpunkt n\u00e4mlich sehr stark bew\u00f6lkt bis bedeckt. Im Norden und Osten von Nordrhein-Westfalen k\u00f6nnte es au\u00dferdem regnen und gewittern.<\/p>\n<p>Wie kann man die Mondfinsternis beobachten?<\/p>\n<p class=\"text-18 leading-17 user-text-lg:text-22 user-text-xl:text-24\">Wer sein Gl\u00fcck trotz der tr\u00fcben Aussichten versuchen wolle, brauche keine zertifizierte Schutzbrille wie bei einer Sonnenfinsternis, erl\u00e4uterte Sehrig weiter: Mondlicht schade den Augen nicht. Grunds\u00e4tzlich sei eine Mondfinsternis auch mit blo\u00dfem Auge gut sichtbar.<\/p>\n","protected":false},"excerpt":{"rendered":"Himmelsspektakel am 28. August Was man zur partiellen Mondfinsternis wissen muss Aktualisiert am 27.08.2026 &#8211; 05:00 UhrLesedauer: 2&hellip;\n","protected":false},"author":2,"featured_media":1263148,"comment_status":"","ping_status":"","sticky":false,"template":"","format":"standard","meta":{"footnotes":"","_share_on_mastodon":"0"},"categories":[1839],"tags":[7507,3364,29,30,19190,46334,91265,261085,1209,261086],"class_list":["post-1263147","post","type-post","status-publish","format-standard","has-post-thumbnail","category-bochum","tag-bochum","tag-de","tag-deutschland","tag-germany","tag-himmelsspektakel","tag-mond","tag-mondfinsternis","tag-nicole-sehrig","tag-nordrhein-westfalen","tag-sternwarte-bochum"],"share_on_mastodon":{"url":"https:\/\/pubeurope.com\/@de\/117165388041383220","error":""},"_links":{"self":[{"href":"https:\/\/www.europesays.com\/de\/wp-json\/wp\/v2\/posts\/1263147","targetHints":{"allow":["GET"]}}],"collection":[{"href":"https:\/\/www.europesays.com\/de\/wp-json\/wp\/v2\/posts"}],"about":[{"href":"https:\/\/www.europesays.com\/de\/wp-json\/wp\/v2\/types\/post"}],"author":[{"embeddable":true,"href":"https:\/\/www.europesays.com\/de\/wp-json\/wp\/v2\/users\/2"}],"replies":[{"embeddable":true,"href":"https:\/\/www.europesays.com\/de\/wp-json\/wp\/v2\/comments?post=1263147"}],"version-history":[{"count":0,"href":"https:\/\/www.europesays.com\/de\/wp-json\/wp\/v2\/posts\/1263147\/revisions"}],"wp:featuredmedia":[{"embeddable":true,"href":"https:\/\/www.europesays.com\/de\/wp-json\/wp\/v2\/media\/1263148"}],"wp:attachment":[{"href":"https:\/\/www.europesays.com\/de\/wp-json\/wp\/v2\/media?parent=1263147"}],"wp:term":[{"taxonomy":"category","embeddable":true,"href":"https:\/\/www.europesays.com\/de\/wp-json\/wp\/v2\/categories?post=1263147"},{"taxonomy":"post_tag","embeddable":true,"href":"https:\/\/www.europesays.com\/de\/wp-json\/wp\/v2\/tags?post=1263147"}],"curies":[{"name":"wp","href":"https:\/\/api.w.org\/{rel}","templated":true}]}}